{"id":94000,"date":"2018-10-18T10:00:20","date_gmt":"2018-10-18T13:00:20","guid":{"rendered":"https:\/\/espacoecologico.com.br\/arquivo\/?p=94000"},"modified":"2018-10-17T18:34:47","modified_gmt":"2018-10-17T21:34:47","slug":"ministra-se-recusa-a-endossar-reducao-do-consumo-de-carne-como-acao-contra-mudanca-climatica","status":"publish","type":"post","link":"https:\/\/espacoecologico.com.br\/arquivo\/ministra-se-recusa-a-endossar-reducao-do-consumo-de-carne-como-acao-contra-mudanca-climatica\/","title":{"rendered":"Ministra se recusa a endossar redu\u00e7\u00e3o do consumo de carne como a\u00e7\u00e3o contra mudan\u00e7a clim\u00e1tica"},"content":{"rendered":"<p><a href=\"https:\/\/espacoecologico.com.br\/arquivo\/wp-content\/uploads\/2018\/10\/mapa.jpg\"><img loading=\"lazy\" class=\"alignleft size-medium wp-image-94001\" src=\"https:\/\/espacoecologico.com.br\/arquivo\/wp-content\/uploads\/2018\/10\/mapa-300x192.jpg\" alt=\"\" width=\"300\" height=\"192\" srcset=\"https:\/\/espacoecologico.com.br\/arquivo\/wp-content\/uploads\/2018\/10\/mapa-300x192.jpg 300w, https:\/\/espacoecologico.com.br\/arquivo\/wp-content\/uploads\/2018\/10\/mapa.jpg 415w\" sizes=\"(max-width: 300px) 100vw, 300px\" \/><\/a>Apesar da iminente crise ambiental, a ministra do Clima do Reino Unido Claire Perry se recusou a admitir se acredita na liga\u00e7\u00e3o entre carne e mudan\u00e7a clim\u00e1tica.<\/p>\n<p>Em relat\u00f3rio alarmante,\u00a0<a href=\"https:\/\/www.anda.jor.br\/2018\/10\/temos-apenas-12-anos-para-evitar-a-catastrofe-climatica-adverte-a-onu\/\">a ONU acaba de afirmar que temos apenas 12 anos para limitar a escala e o impacto da mudan\u00e7a clim\u00e1tica<\/a>. Estudos recentes mostram que para atingir esse objetivo \u00e9 necess\u00e1rio\u00a0<a href=\"https:\/\/www.anda.jor.br\/2018\/10\/onu-afirma-que-consumo-de-carne-esta-deixando-planeta-a-beira-da-catastrofe\/\">diminuir a ingest\u00e3o de carne e latic\u00ednios<\/a>, cuja produ\u00e7\u00e3o tem alto impacto ambiental.<\/p>\n<p>Lideran\u00e7as, organiza\u00e7\u00f5es e pesquisadores em todo o mundo repercutem o relat\u00f3rio da ONU e buscam solu\u00e7\u00f5es.<\/p>\n<p>Contudo, Perry se recusou a concordar com os cientistas sobre o consumo de carne. Disse que \u201cn\u00e3o \u00e9 tarefa do governo\u201d aconselhar as pessoas sobre suas dietas.<\/p>\n<p>\u201cQuem sou eu para aconselhar as pessoas do pa\u00eds a voltarem para casa depois de um dia duro de trabalho e n\u00e3o comer bife e batatas fritas? \u2026 Por favor \u2026\u201d, disse a ministra. Ainda sugeriu que de nada adiantaria o Reino Unido consumir menos carne se ainda existiriam \u201ctodas as ovelhas flatulentas da Su\u00ed\u00e7a e vacas flatulentas na Holanda\u201d.<\/p>\n<p>Tais declara\u00e7\u00f5es por parte de uma representante de governo mostram que estamos atrasados na solu\u00e7\u00e3o do problema. Os pr\u00f3ximos anos devem revelar mais processos de extin\u00e7\u00e3o de esp\u00e9cies e decl\u00ednio da biodiversidade.<\/p>\n","protected":false},"excerpt":{"rendered":"<p>Apesar da iminente crise ambiental, a ministra do Clima do Reino Unido Claire Perry se<\/p>\n","protected":false},"author":2,"featured_media":94001,"comment_status":"open","ping_status":"open","sticky":false,"template":"","format":"standard","meta":[],"categories":[],"tags":[],"uagb_featured_image_src":{"full":["https:\/\/espacoecologico.com.br\/arquivo\/wp-content\/uploads\/2018\/10\/mapa.jpg",415,265,false],"thumbnail":["https:\/\/espacoecologico.com.br\/arquivo\/wp-content\/uploads\/2018\/10\/mapa-150x150.jpg",150,150,true],"medium":["https:\/\/espacoecologico.com.br\/arquivo\/wp-content\/uploads\/2018\/10\/mapa-300x192.jpg",300,192,true],"medium_large":["https:\/\/espacoecologico.com.br\/arquivo\/wp-content\/uploads\/2018\/10\/mapa.jpg",415,265,false],"large":["https:\/\/espacoecologico.com.br\/arquivo\/wp-content\/uploads\/2018\/10\/mapa.jpg",415,265,false],"1536x1536":["https:\/\/espacoecologico.com.br\/arquivo\/wp-content\/uploads\/2018\/10\/mapa.jpg",415,265,false],"2048x2048":["https:\/\/espacoecologico.com.br\/arquivo\/wp-content\/uploads\/2018\/10\/mapa.jpg",415,265,false],"cream-magazine-thumbnail-2":["https:\/\/espacoecologico.com.br\/arquivo\/wp-content\/uploads\/2018\/10\/mapa.jpg",415,265,false],"cream-magazine-thumbnail-3":["https:\/\/espacoecologico.com.br\/arquivo\/wp-content\/uploads\/2018\/10\/mapa.jpg",415,265,false],"cream-magazine-thumbnail-4":["https:\/\/espacoecologico.com.br\/arquivo\/wp-content\/uploads\/2018\/10\/mapa.jpg",415,265,false]},"uagb_author_info":{"display_name":"","author_link":"https:\/\/espacoecologico.com.br\/arquivo\/author\/"},"uagb_comment_info":0,"uagb_excerpt":"Apesar da iminente crise ambiental, a ministra do Clima do Reino Unido Claire Perry se","_links":{"self":[{"href":"https:\/\/espacoecologico.com.br\/arquivo\/wp-json\/wp\/v2\/posts\/94000"}],"collection":[{"href":"https:\/\/espacoecologico.com.br\/arquivo\/wp-json\/wp\/v2\/posts"}],"about":[{"href":"https:\/\/espacoecologico.com.br\/arquivo\/wp-json\/wp\/v2\/types\/post"}],"author":[{"embeddable":true,"href":"https:\/\/espacoecologico.com.br\/arquivo\/wp-json\/wp\/v2\/users\/2"}],"replies":[{"embeddable":true,"href":"https:\/\/espacoecologico.com.br\/arquivo\/wp-json\/wp\/v2\/comments?post=94000"}],"version-history":[{"count":0,"href":"https:\/\/espacoecologico.com.br\/arquivo\/wp-json\/wp\/v2\/posts\/94000\/revisions"}],"wp:featuredmedia":[{"embeddable":true,"href":"https:\/\/espacoecologico.com.br\/arquivo\/wp-json\/wp\/v2\/media\/94001"}],"wp:attachment":[{"href":"https:\/\/espacoecologico.com.br\/arquivo\/wp-json\/wp\/v2\/media?parent=94000"}],"wp:term":[{"taxonomy":"category","embeddable":true,"href":"https:\/\/espacoecologico.com.br\/arquivo\/wp-json\/wp\/v2\/categories?post=94000"},{"taxonomy":"post_tag","embeddable":true,"href":"https:\/\/espacoecologico.com.br\/arquivo\/wp-json\/wp\/v2\/tags?post=94000"}],"curies":[{"name":"wp","href":"https:\/\/api.w.org\/{rel}","templated":true}]}}