{"id":93995,"date":"2018-10-18T09:00:31","date_gmt":"2018-10-18T12:00:31","guid":{"rendered":"https:\/\/espacoecologico.com.br\/arquivo\/?p=93995"},"modified":"2018-10-18T20:41:35","modified_gmt":"2018-10-18T23:41:35","slug":"2-em-cada-3-adolescentes-dizem-consumir-bebidas-acucaradas-no-brasil","status":"publish","type":"post","link":"https:\/\/espacoecologico.com.br\/arquivo\/2-em-cada-3-adolescentes-dizem-consumir-bebidas-acucaradas-no-brasil\/","title":{"rendered":"2 em cada 3 adolescentes dizem consumir bebidas a\u00e7ucaradas no Brasil"},"content":{"rendered":"<div class=\"mc-column content-text active-extra-styles active-capital-letter\" data-block-type=\"unstyled\" data-block-weight=\"44\" data-block-id=\"2\">\n<p class=\"content-text__container theme-color-primary-first-letter\" data-track-category=\"Link no Texto\" data-track-links=\"\"><a href=\"https:\/\/espacoecologico.com.br\/arquivo\/wp-content\/uploads\/2018\/10\/bebida_acucarada.jpg\"><img loading=\"lazy\" class=\"alignleft size-medium wp-image-93997\" src=\"https:\/\/espacoecologico.com.br\/arquivo\/wp-content\/uploads\/2018\/10\/bebida_acucarada-300x192.jpg\" alt=\"\" width=\"300\" height=\"192\" srcset=\"https:\/\/espacoecologico.com.br\/arquivo\/wp-content\/uploads\/2018\/10\/bebida_acucarada-300x192.jpg 300w, https:\/\/espacoecologico.com.br\/arquivo\/wp-content\/uploads\/2018\/10\/bebida_acucarada.jpg 415w\" sizes=\"(max-width: 300px) 100vw, 300px\" \/><\/a>Dois em cada tr\u00eas adolescentes avaliados pelo\u00a0Sistema \u00danico de Sa\u00fade (SUS)\u00a0consomem bebidas a\u00e7ucaradas com regularidade. \u00c9 o que dizem os dados do Sistema de Vigil\u00e2ncia Alimentar e Nutricional (SISVAN) divulgados nesta ter\u00e7a-feira (16) pelo\u00a0Minist\u00e9rio da Sa\u00fade, referentes ao ano de 2018.<\/p>\n<\/div>\n<div class=\"wall\">\n<div class=\"mc-column content-text active-extra-styles \" data-block-type=\"unstyled\" data-block-weight=\"51\" data-block-id=\"3\">\n<p class=\"content-text__container \" data-track-category=\"Link no Texto\" data-track-links=\"\">Foram analisados 80.438 adolescentes. Destes, 52.838 dizem consumir bebidas a\u00e7ucaradas (66%) &#8211; refrigerantes, sucos, ch\u00e1s gelados com altos \u00edndices de a\u00e7\u00facar. Por outro lado, 69% deles \u2013 55.316 pessoas \u2013 disseram tamb\u00e9m consumir frutas. J\u00e1 o h\u00e1bito de assistir televis\u00e3o e comer ao mesmo tempo \u00e9 comum para 68% dos adolescentes.<\/p>\n<p class=\"content-text__container \" data-track-category=\"Link no Texto\" data-track-links=\"\"><a href=\"https:\/\/espacoecologico.com.br\/arquivo\/wp-content\/uploads\/2018\/10\/tabela.jpg\"><img loading=\"lazy\" class=\"alignnone wp-image-93996\" src=\"https:\/\/espacoecologico.com.br\/arquivo\/wp-content\/uploads\/2018\/10\/tabela.jpg\" alt=\"\" width=\"640\" height=\"484\" srcset=\"https:\/\/espacoecologico.com.br\/arquivo\/wp-content\/uploads\/2018\/10\/tabela.jpg 640w, https:\/\/espacoecologico.com.br\/arquivo\/wp-content\/uploads\/2018\/10\/tabela-300x227.jpg 300w\" sizes=\"(max-width: 640px) 100vw, 640px\" \/><\/a><\/p>\n<\/div>\n<div class=\"show-chart mc-column content-media content-media--normal\" data-block-type=\"backstage-chart\" data-block-id=\"4\"><\/div>\n<div class=\"mc-column content-text active-extra-styles \" data-block-type=\"unstyled\" data-block-weight=\"39\" data-block-id=\"5\">\n<p class=\"content-text__container \" data-track-category=\"Link no Texto\" data-track-links=\"\">Em 2016, a\u00a0Organiza\u00e7\u00e3o Mundial da Sa\u00fade pediu o aumento dos impostos\u00a0sobre as bebidas a\u00e7ucaradas. A ag\u00eancia da ONU afirma que existem provas contundentes de que novos impostos cobrados sobre essas bebidas, como refrigerantes, &#8220;reduziriam proporcionalmente seu consumo&#8221;.<\/p>\n<\/div>\n<div class=\"mc-column content-text active-extra-styles \" data-block-type=\"unstyled\" data-block-weight=\"32\" data-block-id=\"6\">\n<p class=\"content-text__container \" data-track-category=\"Link no Texto\" data-track-links=\"\">Um aumento de 20% dos pre\u00e7os desse tipo de bebida teria uma redu\u00e7\u00e3o do consumo da ordem de 20% e um aumento de 50% reduziria o consumo pela metade, segundo a OMS.<\/p>\n<\/div>\n<\/div>\n<div data-track-category=\"fim do conteudo\" data-track-action=\"ultimo chunk conteudo\" data-track-noninteraction=\"false\" data-track-scroll=\"entrada completa viewport\">\n<div class=\"mc-column content-text active-extra-styles \" data-block-type=\"unstyled\" data-block-weight=\"66\" data-block-id=\"7\">\n<p class=\"content-text__container \" data-track-category=\"Link no Texto\" data-track-links=\"\">&#8220;Dados revelam que adolescentes com obesidade aos 19 anos t\u00eam 89% de chance de ser obeso aos 35 anos, por isso \u00e9 necess\u00e1rio investir na promo\u00e7\u00e3o de uma alimenta\u00e7\u00e3o adequada e saud\u00e1vel, especialmente na inf\u00e2ncia e na adolesc\u00eancia, tendo em vista a rela\u00e7\u00e3o de pr\u00e1ticas alimentares inadequadas com o aumento da obesidade na popula\u00e7\u00e3o&#8221;, disse Eduardo Nilson, coordenador-substituto de Alimenta\u00e7\u00e3o e Nutri\u00e7\u00e3o do Minist\u00e9rio da Sa\u00fade.<\/p>\n<\/div>\n<\/div>\n","protected":false},"excerpt":{"rendered":"<p>Dois em cada tr\u00eas adolescentes avaliados pelo\u00a0Sistema \u00danico de Sa\u00fade (SUS)\u00a0consomem bebidas a\u00e7ucaradas com regularidade.<\/p>\n","protected":false},"author":2,"featured_media":93997,"comment_status":"open","ping_status":"open","sticky":false,"template":"","format":"standard","meta":[],"categories":[],"tags":[],"uagb_featured_image_src":{"full":["https:\/\/espacoecologico.com.br\/arquivo\/wp-content\/uploads\/2018\/10\/bebida_acucarada.jpg",415,265,false],"thumbnail":["https:\/\/espacoecologico.com.br\/arquivo\/wp-content\/uploads\/2018\/10\/bebida_acucarada-150x150.jpg",150,150,true],"medium":["https:\/\/espacoecologico.com.br\/arquivo\/wp-content\/uploads\/2018\/10\/bebida_acucarada-300x192.jpg",300,192,true],"medium_large":["https:\/\/espacoecologico.com.br\/arquivo\/wp-content\/uploads\/2018\/10\/bebida_acucarada.jpg",415,265,false],"large":["https:\/\/espacoecologico.com.br\/arquivo\/wp-content\/uploads\/2018\/10\/bebida_acucarada.jpg",415,265,false],"1536x1536":["https:\/\/espacoecologico.com.br\/arquivo\/wp-content\/uploads\/2018\/10\/bebida_acucarada.jpg",415,265,false],"2048x2048":["https:\/\/espacoecologico.com.br\/arquivo\/wp-content\/uploads\/2018\/10\/bebida_acucarada.jpg",415,265,false],"cream-magazine-thumbnail-2":["https:\/\/espacoecologico.com.br\/arquivo\/wp-content\/uploads\/2018\/10\/bebida_acucarada.jpg",415,265,false],"cream-magazine-thumbnail-3":["https:\/\/espacoecologico.com.br\/arquivo\/wp-content\/uploads\/2018\/10\/bebida_acucarada.jpg",415,265,false],"cream-magazine-thumbnail-4":["https:\/\/espacoecologico.com.br\/arquivo\/wp-content\/uploads\/2018\/10\/bebida_acucarada.jpg",415,265,false]},"uagb_author_info":{"display_name":"","author_link":"https:\/\/espacoecologico.com.br\/arquivo\/author\/"},"uagb_comment_info":0,"uagb_excerpt":"Dois em cada tr\u00eas adolescentes avaliados pelo\u00a0Sistema \u00danico de Sa\u00fade (SUS)\u00a0consomem bebidas a\u00e7ucaradas com regularidade.","_links":{"self":[{"href":"https:\/\/espacoecologico.com.br\/arquivo\/wp-json\/wp\/v2\/posts\/93995"}],"collection":[{"href":"https:\/\/espacoecologico.com.br\/arquivo\/wp-json\/wp\/v2\/posts"}],"about":[{"href":"https:\/\/espacoecologico.com.br\/arquivo\/wp-json\/wp\/v2\/types\/post"}],"author":[{"embeddable":true,"href":"https:\/\/espacoecologico.com.br\/arquivo\/wp-json\/wp\/v2\/users\/2"}],"replies":[{"embeddable":true,"href":"https:\/\/espacoecologico.com.br\/arquivo\/wp-json\/wp\/v2\/comments?post=93995"}],"version-history":[{"count":0,"href":"https:\/\/espacoecologico.com.br\/arquivo\/wp-json\/wp\/v2\/posts\/93995\/revisions"}],"wp:featuredmedia":[{"embeddable":true,"href":"https:\/\/espacoecologico.com.br\/arquivo\/wp-json\/wp\/v2\/media\/93997"}],"wp:attachment":[{"href":"https:\/\/espacoecologico.com.br\/arquivo\/wp-json\/wp\/v2\/media?parent=93995"}],"wp:term":[{"taxonomy":"category","embeddable":true,"href":"https:\/\/espacoecologico.com.br\/arquivo\/wp-json\/wp\/v2\/categories?post=93995"},{"taxonomy":"post_tag","embeddable":true,"href":"https:\/\/espacoecologico.com.br\/arquivo\/wp-json\/wp\/v2\/tags?post=93995"}],"curies":[{"name":"wp","href":"https:\/\/api.w.org\/{rel}","templated":true}]}}