{"id":90852,"date":"2018-08-24T21:32:47","date_gmt":"2018-08-25T00:32:47","guid":{"rendered":"https:\/\/espacoecologico.com.br\/arquivo\/?p=90852"},"modified":"2018-08-24T21:32:47","modified_gmt":"2018-08-25T00:32:47","slug":"poluicao-do-ar-reduz-a-expectativa-de-vida-global-em-mais-de-um-ano-segundo-estudo","status":"publish","type":"post","link":"https:\/\/espacoecologico.com.br\/arquivo\/poluicao-do-ar-reduz-a-expectativa-de-vida-global-em-mais-de-um-ano-segundo-estudo\/","title":{"rendered":"Polui\u00e7\u00e3o do ar reduz a expectativa de vida global em mais de um ano, segundo estudo"},"content":{"rendered":"<p><img loading=\"lazy\" class=\"\" src=\"https:\/\/www.diariodocentrodomundo.com.br\/wp-content\/uploads\/2013\/09\/016395669_30300.jpg\" alt=\"Resultado de imagem para Polui\u00c3\u00a7\u00c3\u00a3o do ar reduz a expectativa de vida global em mais de um ano, segundo estudo\" width=\"640\" height=\"360\" \/><\/p>\n<p>A\u00a0polui\u00e7\u00e3o do ar\u00a0encurta a vida humana em mais de um ano, segundo um novo estudo de uma equipe de engenheiros ambientais e pesquisadores de sa\u00fade p\u00fablica. Melhor\u00a0<strong>qualidade do ar<\/strong>\u00a0pode levar a uma extens\u00e3o significativa da expectativa de vida em todo o mundo.<\/p>\n<p>A reportagem \u00e9 de\u00a0<strong>Johnny Holden<\/strong>, membro da Cockrell School of Engineering, publicada por<strong>\u00a0University of Texas at Austin<\/strong>\u00a0e reproduzida por<strong>\u00a0EcoDebate<\/strong>, 23-08-2018. A tradu\u00e7\u00e3o e a edi\u00e7\u00e3o\u00a0s\u00e3o de\u00a0<strong>Henrique Cortez<\/strong>.<\/p>\n<div class=\"news-image-credits\"><img loading=\"lazy\" class=\"\" src=\"http:\/\/www.ihu.unisinos.br\/images\/ihu\/2018\/08\/23_08_18_graficopoluicao.jpg\" alt=\"\" width=\"638\" height=\"608\" \/>Painel superior a: Como a polui\u00e7\u00e3o do ar encurta a expectativa de vida humana em todo o mundo. Painel inferior b: Ganhos na expectativa de vida que poderiam ser alcan\u00e7ados por meio das diretrizes da Organiza\u00e7\u00e3o Mundial da Sa\u00fade para a qualidade do ar em todo o mundo.<\/p>\n<p>Esta \u00e9 a primeira vez que os dados sobre<strong>\u00a0polui\u00e7\u00e3o do ar<\/strong>\u00a0e<strong>\u00a0tempo de vida<\/strong>\u00a0foram estudados em conjunto, a fim de examinar as varia\u00e7\u00f5es globais em como elas afetam a\u00a0expectativa de vida\u00a0total.<\/p>\n<\/div>\n<p>Os pesquisadores analisaram a polui\u00e7\u00e3o do ar ao ar livre a partir de material particulado (<strong>PM<\/strong>) menor que 2,5 m\u00edcrons. Essas part\u00edculas finas podem penetrar profundamente nos pulm\u00f5es, e o PM 2.5 respirat\u00f3rio est\u00e1 associado ao aumento do risco de ataques card\u00edacos, derrames, doen\u00e7as respirat\u00f3rias e\u00a0c\u00e2ncer.<strong>\u00a0PM<\/strong>\u00a02,5 polui\u00e7\u00e3o vem de usinas de energia,\u00a0carros e caminh\u00f5es, inc\u00eandios, agricultura e emiss\u00f5es industriais.<\/p>\n<p>Liderado por\u00a0<strong>Joshua Apte<\/strong>\u00a0na<strong>\u00a0Escola Cockrell de Engenharia da Universidade do Texas<\/strong>, em\u00a0<strong>Austin<\/strong>, a equipe usou dados do<strong>\u00a0Estudo Global da Carga de Doen\u00e7as<\/strong>para medir a<strong>\u00a0exposi\u00e7\u00e3o \u00e0 polui\u00e7\u00e3o<\/strong>\u00a0do ar do PM 2.5 e suas conseq\u00fc\u00eancias em 185 pa\u00edses. Eles ent\u00e3o quantificaram o impacto nacional na expectativa de vida para cada pa\u00eds individualmente e em escala global.<\/p>\n<p>Os resultados foram publicados em 22 de agosto na<strong>\u00a0Environmental Science &amp; Technology Letters<\/strong>.<\/p>\n<p>\u201cO fato de que a<strong>\u00a0polui\u00e7\u00e3o de part\u00edculas finas<\/strong>\u00a0\u00e9 um grande assassino global j\u00e1 \u00e9 bem conhecido\u201d, disse\u00a0<strong>Apte<\/strong>, professor assistente no<strong>\u00a0Departamento de Engenharia Civil<\/strong>,<strong>Arquitet\u00f4nica e Ambiental da Escola Cockrell\u00a0<\/strong>e no<strong>\u00a0Departamento de Sa\u00fade da Popula\u00e7\u00e3o da Faculdade de Medicina da Dell<\/strong>. \u201cE todos n\u00f3s nos importamos com quanto tempo vivemos. Aqui, fomos capazes de identificar sistematicamente como a<strong>polui\u00e7\u00e3o do ar<\/strong>\u00a0tamb\u00e9m encurta substancialmente vidas em todo o mundo. O que descobrimos \u00e9 que a polui\u00e7\u00e3o do ar tem um efeito muito grande na sobreviv\u00eancia \u2013 em m\u00e9dia, cerca de um ano globalmente \u201d.<\/p>\n<p>No contexto de outros<strong>\u00a0fen\u00f4menos<\/strong>\u00a0significativos que afetam negativamente as taxas de\u00a0<strong>sobreviv\u00eancia humana<\/strong>,\u00a0<strong>Apte<\/strong>\u00a0disse que este \u00e9 um grande n\u00famero.<\/p>\n<p>\u201cPor exemplo, \u00e9 consideravelmente maior do que o benef\u00edcio na sobreviv\u00eancia que poder\u00edamos ver se encontr\u00e1ssemos cura para o c\u00e2ncer de pulm\u00e3o e mama juntos\u201d, disse ele. \u201cEm pa\u00edses como a<strong>\u00a0\u00cdndia<\/strong>\u00a0e a\u00a0China, o benef\u00edcio para os idosos de melhorar a qualidade do ar seria especialmente grande. Em grande parte da\u00a0\u00c1sia, se a polui\u00e7\u00e3o do ar fosse removida como um risco de morte, as pessoas de 60 anos teriam uma chance de 15% a 20% maior de viver at\u00e9 os 85 anos ou mais \u201d.<\/p>\n<p><strong>Apte<\/strong>\u00a0acredita que essa descoberta \u00e9 especialmente importante para o contexto que ela oferece.<\/p>\n<p>\u201cUma contagem de corpos que diz que 90.000 americanos ou 1,1 milh\u00e3o de\u00a0indianos morrem por ano\u00a0devido \u00e0\u00a0<strong>polui\u00e7\u00e3o do ar<\/strong>\u00a0\u00e9 grande, mas sem rosto\u201d, disse ele. \u201cDizer que, em m\u00e9dia, uma popula\u00e7\u00e3o vive um ano a menos do que teria de outra forma \u2013 isso \u00e9 algo que se relaciona\u201d.<\/p>\n<p>O estudo foi financiado pelo<strong>\u00a0Centro para Solu\u00e7\u00f5es de Ar<\/strong>,<strong>\u00a0Clima e Energia<\/strong>, uma colabora\u00e7\u00e3o interdisciplinar de pesquisa apoiada pela\u00a0<strong>Ag\u00eancia de Prote\u00e7\u00e3o Ambiental dos EUA<\/strong>. Apte foi acompanhado neste estudo por colegas da\u00a0<strong>University of British Columbia<\/strong>, do\u00a0<strong>Imperial College London<\/strong>, da\u00a0<strong>Brigham Young University<\/strong>\u00a0e do\u00a0<strong>Health Effects Institute<\/strong>.<\/p>\n<p><strong>Refer\u00eancia<\/strong>:<\/p>\n<p>Ambient PM2.5 Reduces Global and Regional Life Expectancy<br \/>\nJoshua S. Apte, Michael Brauer, Aaron J. Cohen, Majid Ezzati, and C. Arden Pope, III<br \/>\nEnvironmental Science &amp; Technology Letters Article ASAP<br \/>\nDOI: 10.1021\/acs.estlett.8b00360<\/p>\n","protected":false},"excerpt":{"rendered":"<p>A\u00a0polui\u00e7\u00e3o do ar\u00a0encurta a vida humana em mais de um ano, segundo um novo estudo<\/p>\n","protected":false},"author":2,"featured_media":0,"comment_status":"open","ping_status":"open","sticky":false,"template":"","format":"standard","meta":[],"categories":[],"tags":[],"uagb_featured_image_src":{"full":false,"thumbnail":false,"medium":false,"medium_large":false,"large":false,"1536x1536":false,"2048x2048":false,"cream-magazine-thumbnail-2":false,"cream-magazine-thumbnail-3":false,"cream-magazine-thumbnail-4":false},"uagb_author_info":{"display_name":"","author_link":"https:\/\/espacoecologico.com.br\/arquivo\/author\/"},"uagb_comment_info":0,"uagb_excerpt":"A\u00a0polui\u00e7\u00e3o do ar\u00a0encurta a vida humana em mais de um ano, segundo um novo estudo","_links":{"self":[{"href":"https:\/\/espacoecologico.com.br\/arquivo\/wp-json\/wp\/v2\/posts\/90852"}],"collection":[{"href":"https:\/\/espacoecologico.com.br\/arquivo\/wp-json\/wp\/v2\/posts"}],"about":[{"href":"https:\/\/espacoecologico.com.br\/arquivo\/wp-json\/wp\/v2\/types\/post"}],"author":[{"embeddable":true,"href":"https:\/\/espacoecologico.com.br\/arquivo\/wp-json\/wp\/v2\/users\/2"}],"replies":[{"embeddable":true,"href":"https:\/\/espacoecologico.com.br\/arquivo\/wp-json\/wp\/v2\/comments?post=90852"}],"version-history":[{"count":0,"href":"https:\/\/espacoecologico.com.br\/arquivo\/wp-json\/wp\/v2\/posts\/90852\/revisions"}],"wp:attachment":[{"href":"https:\/\/espacoecologico.com.br\/arquivo\/wp-json\/wp\/v2\/media?parent=90852"}],"wp:term":[{"taxonomy":"category","embeddable":true,"href":"https:\/\/espacoecologico.com.br\/arquivo\/wp-json\/wp\/v2\/categories?post=90852"},{"taxonomy":"post_tag","embeddable":true,"href":"https:\/\/espacoecologico.com.br\/arquivo\/wp-json\/wp\/v2\/tags?post=90852"}],"curies":[{"name":"wp","href":"https:\/\/api.w.org\/{rel}","templated":true}]}}