{"id":90809,"date":"2018-08-24T13:00:51","date_gmt":"2018-08-24T16:00:51","guid":{"rendered":"https:\/\/espacoecologico.com.br\/arquivo\/?p=90809"},"modified":"2018-08-24T20:40:43","modified_gmt":"2018-08-24T23:40:43","slug":"nem-uma-taca-de-vinho-por-dia-aponta-estudo","status":"publish","type":"post","link":"https:\/\/espacoecologico.com.br\/arquivo\/nem-uma-taca-de-vinho-por-dia-aponta-estudo\/","title":{"rendered":"Nem uma ta\u00e7a de vinho por dia, \u00e9 o que recomenda estudo"},"content":{"rendered":"<p><a href=\"https:\/\/espacoecologico.com.br\/arquivo\/wp-content\/uploads\/2018\/08\/vinho.jpg\"><img loading=\"lazy\" class=\"alignleft size-medium wp-image-90810\" src=\"https:\/\/espacoecologico.com.br\/arquivo\/wp-content\/uploads\/2018\/08\/vinho-300x192.jpg\" alt=\"\" width=\"300\" height=\"192\" srcset=\"https:\/\/espacoecologico.com.br\/arquivo\/wp-content\/uploads\/2018\/08\/vinho-300x192.jpg 300w, https:\/\/espacoecologico.com.br\/arquivo\/wp-content\/uploads\/2018\/08\/vinho.jpg 415w\" sizes=\"(max-width: 300px) 100vw, 300px\" \/><\/a>Beber, mesmo que seja apenas uma ta\u00e7a de vinho ou um copo de cerveja por dia, \u00e9 um risco para a sa\u00fade, segundo um amplo estudo sobre a frequ\u00eancia e o impacto do consumo de \u00e1lcool, respons\u00e1vel por tr\u00eas milh\u00f5es de mortes por ano no mundo.<\/p>\n<p>Uma em cada tr\u00eas pessoas que consomem \u00e1lcool morre por ano em decorr\u00eancia de problemas de sa\u00fade relacionados \u00e0 bebida. Destes, 2,2% s\u00e3o mulheres e 6,8%, homens, segundo um estudo que advoga pelo \u201czero \u00e1lcool\u201d.<\/p>\n<p>O mundo conta com 2,4 bilh\u00f5es de bebedores, 63% deles homens.<\/p>\n<p>O estudo, publicado na sexta-feira pela revista m\u00e9dica The Lancet, avalia os n\u00edveis de consumo de \u00e1lcool e seus efeitos na sa\u00fade em 195 pa\u00edses entre 1990 e 2016. O \u00e1lcool causou 2,8 milh\u00f5es de mortes em 2016, assinala a pesquisa.<\/p>\n<p>Em 2016, o consumo de \u00e1lcool era o s\u00e9timo fator de risco de morte prematura e de invalidez no mundo, e a principal causa de morte entre as pessoas com entre 15 e 49 anos (acidentes em estrada, suic\u00eddios, tuberculose).<\/p>\n<p>As bebidas alco\u00f3licas est\u00e3o relacionadas com uma em cada 10 mortes desta faixa et\u00e1ria.<\/p>\n<p>A partir dos 50 anos, o c\u00e2ncer representa a principal causa de mortes associadas ao \u00e1lcool.<\/p>\n<p>Beber um copo por dia durante um ano aumenta em 0,5% \u2013 entre as pessoas de 15 a 95 anos \u2013 o risco de sofrer um dos 23 problemas relacionados com o \u00e1lcool: c\u00e2ncer, doen\u00e7as cardiovasculares, AVC (acidente vascular cerebral), cirrose, acidentes, viol\u00eancia, consideram os autores.<\/p>\n<p>Isto significa que a taxa de mortalidade no mundo aumenta em 100.000 casos por ano por um copo por dia, detalha a m\u00e9dica Emmanuela Gakidou, do Instituto de Metrologia e Avalia\u00e7\u00e3o da Sa\u00fade (IHME, Universidade de Washington), coautora do estudo.<\/p>\n<p>\u201cOs riscos para a sa\u00fade associados ao \u00e1lcool s\u00e3o enormes\u201d, assegura.<\/p>\n<p>Segundo Gakidou, esses resultados refor\u00e7am outras pesquisas recentes, que destacaram \u201ccorrela\u00e7\u00f5es claras e convincentes entre o consumo de \u00e1lcool e a morte prematura, o c\u00e2ncer e os problemas cardiovasculares\u201d.<\/p>\n<p>\u201cO mito de que um ou dois copos por dia \u00e9 bom \u00e9 apenas um mito\u201d, aponta.<\/p>\n<p>Apenas o \u201c\u00e1lcool zero\u201d minimiza o risco global de doen\u00e7as, ressalta.<\/p>\n","protected":false},"excerpt":{"rendered":"<p>Beber, mesmo que seja apenas uma ta\u00e7a de vinho ou um copo de cerveja por<\/p>\n","protected":false},"author":2,"featured_media":90810,"comment_status":"open","ping_status":"open","sticky":false,"template":"","format":"standard","meta":[],"categories":[],"tags":[],"uagb_featured_image_src":{"full":["https:\/\/espacoecologico.com.br\/arquivo\/wp-content\/uploads\/2018\/08\/vinho.jpg",415,265,false],"thumbnail":["https:\/\/espacoecologico.com.br\/arquivo\/wp-content\/uploads\/2018\/08\/vinho-150x150.jpg",150,150,true],"medium":["https:\/\/espacoecologico.com.br\/arquivo\/wp-content\/uploads\/2018\/08\/vinho-300x192.jpg",300,192,true],"medium_large":["https:\/\/espacoecologico.com.br\/arquivo\/wp-content\/uploads\/2018\/08\/vinho.jpg",415,265,false],"large":["https:\/\/espacoecologico.com.br\/arquivo\/wp-content\/uploads\/2018\/08\/vinho.jpg",415,265,false],"1536x1536":["https:\/\/espacoecologico.com.br\/arquivo\/wp-content\/uploads\/2018\/08\/vinho.jpg",415,265,false],"2048x2048":["https:\/\/espacoecologico.com.br\/arquivo\/wp-content\/uploads\/2018\/08\/vinho.jpg",415,265,false],"cream-magazine-thumbnail-2":["https:\/\/espacoecologico.com.br\/arquivo\/wp-content\/uploads\/2018\/08\/vinho.jpg",415,265,false],"cream-magazine-thumbnail-3":["https:\/\/espacoecologico.com.br\/arquivo\/wp-content\/uploads\/2018\/08\/vinho.jpg",415,265,false],"cream-magazine-thumbnail-4":["https:\/\/espacoecologico.com.br\/arquivo\/wp-content\/uploads\/2018\/08\/vinho.jpg",415,265,false]},"uagb_author_info":{"display_name":"","author_link":"https:\/\/espacoecologico.com.br\/arquivo\/author\/"},"uagb_comment_info":0,"uagb_excerpt":"Beber, mesmo que seja apenas uma ta\u00e7a de vinho ou um copo de cerveja por","_links":{"self":[{"href":"https:\/\/espacoecologico.com.br\/arquivo\/wp-json\/wp\/v2\/posts\/90809"}],"collection":[{"href":"https:\/\/espacoecologico.com.br\/arquivo\/wp-json\/wp\/v2\/posts"}],"about":[{"href":"https:\/\/espacoecologico.com.br\/arquivo\/wp-json\/wp\/v2\/types\/post"}],"author":[{"embeddable":true,"href":"https:\/\/espacoecologico.com.br\/arquivo\/wp-json\/wp\/v2\/users\/2"}],"replies":[{"embeddable":true,"href":"https:\/\/espacoecologico.com.br\/arquivo\/wp-json\/wp\/v2\/comments?post=90809"}],"version-history":[{"count":0,"href":"https:\/\/espacoecologico.com.br\/arquivo\/wp-json\/wp\/v2\/posts\/90809\/revisions"}],"wp:featuredmedia":[{"embeddable":true,"href":"https:\/\/espacoecologico.com.br\/arquivo\/wp-json\/wp\/v2\/media\/90810"}],"wp:attachment":[{"href":"https:\/\/espacoecologico.com.br\/arquivo\/wp-json\/wp\/v2\/media?parent=90809"}],"wp:term":[{"taxonomy":"category","embeddable":true,"href":"https:\/\/espacoecologico.com.br\/arquivo\/wp-json\/wp\/v2\/categories?post=90809"},{"taxonomy":"post_tag","embeddable":true,"href":"https:\/\/espacoecologico.com.br\/arquivo\/wp-json\/wp\/v2\/tags?post=90809"}],"curies":[{"name":"wp","href":"https:\/\/api.w.org\/{rel}","templated":true}]}}