{"id":90805,"date":"2018-08-24T12:30:05","date_gmt":"2018-08-24T15:30:05","guid":{"rendered":"https:\/\/espacoecologico.com.br\/arquivo\/?p=90805"},"modified":"2018-08-23T21:54:40","modified_gmt":"2018-08-24T00:54:40","slug":"peru-comeca-a-usar-avioes-e-drones-para-monitorar-danos-ambientais-na-amazonia","status":"publish","type":"post","link":"https:\/\/espacoecologico.com.br\/arquivo\/peru-comeca-a-usar-avioes-e-drones-para-monitorar-danos-ambientais-na-amazonia\/","title":{"rendered":"Peru come\u00e7a a usar avi\u00f5es e drones para monitorar danos ambientais na Amaz\u00f4nia"},"content":{"rendered":"<div class=\"mc-column content-text active-extra-styles active-capital-letter\" data-block-type=\"unstyled\" data-block-weight=\"36\" data-block-id=\"2\">\n<p class=\"content-text__container theme-color-primary-first-letter\" data-track-category=\"Link no Texto\" data-track-links=\"\"><a href=\"https:\/\/espacoecologico.com.br\/arquivo\/wp-content\/uploads\/2018\/08\/peru_amazonia.jpg\"><img loading=\"lazy\" class=\"alignleft size-medium wp-image-90806\" src=\"https:\/\/espacoecologico.com.br\/arquivo\/wp-content\/uploads\/2018\/08\/peru_amazonia-300x192.jpg\" alt=\"\" width=\"300\" height=\"192\" srcset=\"https:\/\/espacoecologico.com.br\/arquivo\/wp-content\/uploads\/2018\/08\/peru_amazonia-300x192.jpg 300w, https:\/\/espacoecologico.com.br\/arquivo\/wp-content\/uploads\/2018\/08\/peru_amazonia.jpg 415w\" sizes=\"(max-width: 300px) 100vw, 300px\" \/><\/a>For\u00e7a A\u00e9rea do\u00a0<a href=\"http:\/\/g1.globo.com\/tudo-sobre\/peru\">Peru<\/a>\u00a0come\u00e7ou a monitorar com avi\u00f5es e drones os danos ambientais causados por mineiros e madeireiros ilegais na Amaz\u00f4nia, a selva peruana, informou na \u00faltima quarta-feira (22) o minist\u00e9rio da Defesa do pa\u00eds.<\/p>\n<\/div>\n<div class=\"wall\">\n<div class=\"mc-column content-text active-extra-styles \" data-block-type=\"unstyled\" data-block-weight=\"41\" data-block-id=\"3\">\n<p class=\"content-text__container \" data-track-category=\"Link no Texto\" data-track-links=\"\">Naves tripuladas e n\u00e3o tripuladas captaram milhares de imagens na regi\u00e3o amaz\u00f4nica de Madre de Dios, epicentro da minera\u00e7\u00e3o no Peru, em uma opera\u00e7\u00e3o &#8220;sem precedentes, realizada nos dias 7, 8 e 9 de agosto&#8221;, informou o minist\u00e9rio em um comunicado.<\/p>\n<\/div>\n<div class=\"mc-column content-text active-extra-styles \" data-block-type=\"unstyled\" data-block-weight=\"30\" data-block-id=\"4\">\n<p class=\"content-text__container \" data-track-category=\"Link no Texto\" data-track-links=\"\">No detalhe, &#8220;mais de 20 mil imagens a\u00e9reas (&#8230;), muitas das quais mostram os efeitos perniciosos da minera\u00e7\u00e3o ilegal e outras atividades il\u00edcitas nas florestas, foram captadas&#8221;, acrescentou o minist\u00e9rio.<\/p>\n<\/div>\n<div class=\"mc-column content-text active-extra-styles \" data-block-type=\"unstyled\" data-block-weight=\"23\" data-block-id=\"5\">\n<p class=\"content-text__container \" data-track-category=\"Link no Texto\" data-track-links=\"\">Nas imagens podem ser vistos acampamentos de mineradores e madeireiros, al\u00e9m das trilhas que percorrem na selva, por onde passam caminh\u00f5es e tratores.<\/p>\n<\/div>\n<div class=\" content-media content-media--normal content-media--featured content-photo\" data-block-type=\"backstage-photo\" data-block-id=\"6\">\n<div class=\"content-media__container\">\n<div class=\"content-media__image-centered\">\n<div class=\"progressive-img can-open-lightbox\" data-min-size=\"1008x610\" data-min-size-url=\"https:\/\/s2.glbimg.com\/ZNZifFEYWZIHW0mVUWUn2XmOREY=\/0x0:1743x1055\/1008x0\/smart\/filters:strip_icc()\/i.s3.glbimg.com\/v1\/AUTH_59edd422c0c84a879bd37670ae4f538a\/internal_photos\/bs\/2018\/b\/R\/FV5J2rTdO0KXzf8Dq2Aw\/000-18j2t1.jpg\" data-max-size=\"1600x968\" data-max-size-url=\"https:\/\/s2.glbimg.com\/agauAznn4iwCl06a-B1983lxRn0=\/0x0:1743x1055\/1600x0\/smart\/filters:strip_icc()\/i.s3.glbimg.com\/v1\/AUTH_59edd422c0c84a879bd37670ae4f538a\/internal_photos\/bs\/2018\/b\/R\/FV5J2rTdO0KXzf8Dq2Aw\/000-18j2t1.jpg\" data-media-index=\"1\">\n<div class=\"placeholder-container\"><\/div>\n<picture><img loading=\"lazy\" class=\"image content-media__image progressive-loaded\" title=\"Mais de 20 mil imagens foram feitas em opera\u00e7\u00e3o no in\u00edcio de agosto (Foto: Minist\u00e9rio da Defesa do Peru\/AFP)\" src=\"https:\/\/s2.glbimg.com\/ZNZifFEYWZIHW0mVUWUn2XmOREY=\/0x0:1743x1055\/1008x0\/smart\/filters:strip_icc()\/i.s3.glbimg.com\/v1\/AUTH_59edd422c0c84a879bd37670ae4f538a\/internal_photos\/bs\/2018\/b\/R\/FV5J2rTdO0KXzf8Dq2Aw\/000-18j2t1.jpg\" alt=\"Mais de 20 mil imagens foram feitas em opera\u00e7\u00e3o no in\u00edcio de agosto (Foto: Minist\u00e9rio da Defesa do Peru\/AFP)\" width=\"640\" height=\"387\" data-src=\"https:\/\/s2.glbimg.com\/ZNZifFEYWZIHW0mVUWUn2XmOREY=\/0x0:1743x1055\/1008x0\/smart\/filters:strip_icc()\/i.s3.glbimg.com\/v1\/AUTH_59edd422c0c84a879bd37670ae4f538a\/internal_photos\/bs\/2018\/b\/R\/FV5J2rTdO0KXzf8Dq2Aw\/000-18j2t1.jpg\" \/><\/picture><\/div>\n<\/div>\n<div class=\"content-media__description-centered mc-column\">\n<p class=\"content-media__description\"><i class=\"content-media__description__icon theme-color-primary\"><\/i><span class=\"content-media__description__caption\">Mais de 20 mil imagens foram feitas em opera\u00e7\u00e3o no in\u00edcio de agosto (Foto: Minist\u00e9rio da Defesa do Peru\/AFP)<\/span><\/p>\n<\/div>\n<\/div>\n<\/div>\n<div class=\"mc-column content-text active-extra-styles \" data-block-type=\"unstyled\" data-block-weight=\"36\" data-block-id=\"7\">\n<p class=\"content-text__container \" data-track-category=\"Link no Texto\" data-track-links=\"\">Lagoas de rejeitos, motores em funcionamento, dep\u00f3sitos de combust\u00edveis e gente operando dragas tamb\u00e9m podem ser vistos nas fotografias e nos v\u00eddeos, que foram tiradas de uma altitude de 2.000 metros por avi\u00f5es C-26B e drones.<\/p>\n<\/div>\n<div class=\"mc-column content-text active-extra-styles \" data-block-type=\"unstyled\" data-block-weight=\"19\" data-block-id=\"8\">\n<p class=\"content-text__container \" data-track-category=\"Link no Texto\" data-track-links=\"\">Estas imagens &#8220;permitir\u00e3o \u00e0s autoridades estabelecer os n\u00edveis de afeta\u00e7\u00e3o ao meio ambiente e \u00e0 biodiversidade&#8221;, destacou o minist\u00e9rio.<\/p>\n<\/div>\n<div class=\"mc-column content-text active-extra-styles \" data-block-type=\"unstyled\" data-block-weight=\"28\" data-block-id=\"9\">\n<p class=\"content-text__container \" data-track-category=\"Link no Texto\" data-track-links=\"\">As fotos e v\u00eddeos ser\u00e3o entregues \u00e0 promotoria, o minist\u00e9rio da Cultura, a Marinha e outras institui\u00e7\u00f5es vinculadas \u00e0 preserva\u00e7\u00e3o e \u00e0 prote\u00e7\u00e3o do meio ambiente e biodiversidade.<\/p>\n<\/div>\n<div class=\"content-ads content-ads--reveal\" data-block-type=\"ads\" data-block-id=\"10\"><\/div>\n<div class=\"mc-column content-text active-extra-styles \" data-block-type=\"unstyled\" data-block-weight=\"37\" data-block-id=\"11\">\n<p class=\"content-text__container \" data-track-category=\"Link no Texto\" data-track-links=\"\">Al\u00e9m disso, o material ser\u00e1 entregue a algumas ONGs, como a Associa\u00e7\u00e3o para a Preserva\u00e7\u00e3o da Bacia Amaz\u00f4nica e a Federa\u00e7\u00e3o de Nativos de Madre de Dios, que combatem a explora\u00e7\u00e3o ilegal dos recursos nesta regi\u00e3o remota.<\/p>\n<\/div>\n<div class=\" content-media content-media--normal content-media--featured content-photo\" data-block-type=\"backstage-photo\" data-block-id=\"12\">\n<div class=\"content-media__container\">\n<div class=\"content-media__image-centered\">\n<div class=\"progressive-img can-open-lightbox\" data-min-size=\"1008x649\" data-min-size-url=\"https:\/\/s2.glbimg.com\/Ae5cEVg15Td_k98_l360z1UX2k8=\/0x0:1647x1062\/1008x0\/smart\/filters:strip_icc()\/i.s3.glbimg.com\/v1\/AUTH_59edd422c0c84a879bd37670ae4f538a\/internal_photos\/bs\/2018\/p\/s\/RA7XdLRGG3d57eVvzeiQ\/000-18j2td.jpg\" data-max-size=\"1600x1031\" data-max-size-url=\"https:\/\/s2.glbimg.com\/Rg8rFXJTWwsy5d3j2gF8SZ59h3o=\/0x0:1647x1062\/1600x0\/smart\/filters:strip_icc()\/i.s3.glbimg.com\/v1\/AUTH_59edd422c0c84a879bd37670ae4f538a\/internal_photos\/bs\/2018\/p\/s\/RA7XdLRGG3d57eVvzeiQ\/000-18j2td.jpg\" data-media-index=\"2\">\n<div class=\"placeholder-container\"><\/div>\n<picture><img loading=\"lazy\" class=\"image content-media__image progressive-loaded\" title=\"Material ser\u00e1 entregue para algumas ONGS e tamb\u00e9m para \u00f3rg\u00e3os respons\u00e1veis de fiscaliza\u00e7\u00e3o (Foto: Minist\u00e9rio da Defesa do Peru\/AFP)\" src=\"https:\/\/s2.glbimg.com\/Ae5cEVg15Td_k98_l360z1UX2k8=\/0x0:1647x1062\/1008x0\/smart\/filters:strip_icc()\/i.s3.glbimg.com\/v1\/AUTH_59edd422c0c84a879bd37670ae4f538a\/internal_photos\/bs\/2018\/p\/s\/RA7XdLRGG3d57eVvzeiQ\/000-18j2td.jpg\" alt=\"Material ser\u00e1 entregue para algumas ONGS e tamb\u00e9m para \u00f3rg\u00e3os respons\u00e1veis de fiscaliza\u00e7\u00e3o (Foto: Minist\u00e9rio da Defesa do Peru\/AFP)\" width=\"639\" height=\"412\" data-src=\"https:\/\/s2.glbimg.com\/Ae5cEVg15Td_k98_l360z1UX2k8=\/0x0:1647x1062\/1008x0\/smart\/filters:strip_icc()\/i.s3.glbimg.com\/v1\/AUTH_59edd422c0c84a879bd37670ae4f538a\/internal_photos\/bs\/2018\/p\/s\/RA7XdLRGG3d57eVvzeiQ\/000-18j2td.jpg\" \/><\/picture><\/div>\n<\/div>\n<div class=\"content-media__description-centered mc-column\">\n<p class=\"content-media__description\"><i class=\"content-media__description__icon theme-color-primary\"><\/i><span class=\"content-media__description__caption\">Material ser\u00e1 entregue para algumas ONGS e tamb\u00e9m para \u00f3rg\u00e3os respons\u00e1veis de fiscaliza\u00e7\u00e3o (Foto: Minist\u00e9rio da Defesa do Peru\/AFP)<\/span><\/p>\n<\/div>\n<\/div>\n<\/div>\n<div class=\"mc-column content-text active-extra-styles \" data-block-type=\"unstyled\" data-block-weight=\"20\" data-block-id=\"13\">\n<p class=\"content-text__container \" data-track-category=\"Link no Texto\" data-track-links=\"\">Os milhares de mineiros ilegais empregam dragas, dinamite e merc\u00fario para extrair ouro, destruindo tudo pelo caminho, afirmam as autoridades.<\/p>\n<\/div>\n<div class=\"mc-column content-text active-extra-styles \" data-block-type=\"unstyled\" data-block-weight=\"48\" data-block-id=\"14\">\n<p class=\"content-text__container \" data-track-category=\"Link no Texto\" data-track-links=\"\">&#8220;As fotografias e os v\u00eddeos captados durante o sobrevoo em Madre de Dios permitem apreciar com precis\u00e3o como a atividade de minera\u00e7\u00e3o ilegal afeta a Amaz\u00f4nia, ao provocar desmatamento&#8221;, disse o coronel Luis Jos\u00e9 Callirgos, do Comando de Controle Aeroespacial da FAP, \u00e0 ag\u00eancia de not\u00edcias estatal Andina.<\/p>\n<\/div>\n<\/div>\n<div data-track-category=\"fim do conteudo\" data-track-action=\"ultimo chunk conteudo\" data-track-noninteraction=\"false\" data-track-scroll=\"entrada completa viewport\">\n<div class=\" content-media content-media--normal content-media--featured content-photo\" data-block-type=\"backstage-photo\" data-block-id=\"15\">\n<div class=\"content-media__container\">\n<div class=\"content-media__image-centered\">\n<div class=\"progressive-img can-open-lightbox\" data-min-size=\"1008x611\" data-min-size-url=\"https:\/\/s2.glbimg.com\/RQiRrKx7j6tHsD0SWARh_aopGH4=\/0x0:1752x1062\/1008x0\/smart\/filters:strip_icc()\/i.s3.glbimg.com\/v1\/AUTH_59edd422c0c84a879bd37670ae4f538a\/internal_photos\/bs\/2018\/o\/D\/EW43OBRQ6c7ABKjpmefQ\/000-18j2u1.jpg\" data-max-size=\"1600x969\" data-max-size-url=\"https:\/\/s2.glbimg.com\/AZvq8pa6yJLISS3vwfj2OQFIjoA=\/0x0:1752x1062\/1600x0\/smart\/filters:strip_icc()\/i.s3.glbimg.com\/v1\/AUTH_59edd422c0c84a879bd37670ae4f538a\/internal_photos\/bs\/2018\/o\/D\/EW43OBRQ6c7ABKjpmefQ\/000-18j2u1.jpg\" data-media-index=\"3\">\n<div class=\"placeholder-container\"><\/div>\n<picture><img loading=\"lazy\" class=\"image content-media__image progressive-loaded\" title=\"Projeto pretende aumentar n\u00famero de den\u00fancias de desmatamento e danos ao meio ambiente na Amaz\u00f4nia peruana (Foto: Minist\u00e9rio da Defesa do Peru\/AFP)\" src=\"https:\/\/s2.glbimg.com\/RQiRrKx7j6tHsD0SWARh_aopGH4=\/0x0:1752x1062\/1008x0\/smart\/filters:strip_icc()\/i.s3.glbimg.com\/v1\/AUTH_59edd422c0c84a879bd37670ae4f538a\/internal_photos\/bs\/2018\/o\/D\/EW43OBRQ6c7ABKjpmefQ\/000-18j2u1.jpg\" alt=\"Projeto pretende aumentar n\u00famero de den\u00fancias de desmatamento e danos ao meio ambiente na Amaz\u00f4nia peruana (Foto: Minist\u00e9rio da Defesa do Peru\/AFP)\" width=\"640\" height=\"388\" data-src=\"https:\/\/s2.glbimg.com\/RQiRrKx7j6tHsD0SWARh_aopGH4=\/0x0:1752x1062\/1008x0\/smart\/filters:strip_icc()\/i.s3.glbimg.com\/v1\/AUTH_59edd422c0c84a879bd37670ae4f538a\/internal_photos\/bs\/2018\/o\/D\/EW43OBRQ6c7ABKjpmefQ\/000-18j2u1.jpg\" \/><\/picture><\/div>\n<\/div>\n<div class=\"content-media__description-centered mc-column\">\n<p class=\"content-media__description\"><i class=\"content-media__description__icon theme-color-primary\"><\/i><span class=\"content-media__description__caption\">Projeto pretende aumentar n\u00famero de den\u00fancias de desmatamento e danos ao meio ambiente na Amaz\u00f4nia peruana (Foto: Minist\u00e9rio da Defesa do Peru\/AFP)<\/span><\/p>\n<\/div>\n<\/div>\n<\/div>\n<\/div>\n","protected":false},"excerpt":{"rendered":"<p>For\u00e7a A\u00e9rea do\u00a0Peru\u00a0come\u00e7ou a monitorar com avi\u00f5es e drones os danos ambientais causados por mineiros<\/p>\n","protected":false},"author":2,"featured_media":90806,"comment_status":"open","ping_status":"open","sticky":false,"template":"","format":"standard","meta":[],"categories":[],"tags":[],"uagb_featured_image_src":{"full":["https:\/\/espacoecologico.com.br\/arquivo\/wp-content\/uploads\/2018\/08\/peru_amazonia.jpg",415,265,false],"thumbnail":["https:\/\/espacoecologico.com.br\/arquivo\/wp-content\/uploads\/2018\/08\/peru_amazonia-150x150.jpg",150,150,true],"medium":["https:\/\/espacoecologico.com.br\/arquivo\/wp-content\/uploads\/2018\/08\/peru_amazonia-300x192.jpg",300,192,true],"medium_large":["https:\/\/espacoecologico.com.br\/arquivo\/wp-content\/uploads\/2018\/08\/peru_amazonia.jpg",415,265,false],"large":["https:\/\/espacoecologico.com.br\/arquivo\/wp-content\/uploads\/2018\/08\/peru_amazonia.jpg",415,265,false],"1536x1536":["https:\/\/espacoecologico.com.br\/arquivo\/wp-content\/uploads\/2018\/08\/peru_amazonia.jpg",415,265,false],"2048x2048":["https:\/\/espacoecologico.com.br\/arquivo\/wp-content\/uploads\/2018\/08\/peru_amazonia.jpg",415,265,false],"cream-magazine-thumbnail-2":["https:\/\/espacoecologico.com.br\/arquivo\/wp-content\/uploads\/2018\/08\/peru_amazonia.jpg",415,265,false],"cream-magazine-thumbnail-3":["https:\/\/espacoecologico.com.br\/arquivo\/wp-content\/uploads\/2018\/08\/peru_amazonia.jpg",415,265,false],"cream-magazine-thumbnail-4":["https:\/\/espacoecologico.com.br\/arquivo\/wp-content\/uploads\/2018\/08\/peru_amazonia.jpg",415,265,false]},"uagb_author_info":{"display_name":"","author_link":"https:\/\/espacoecologico.com.br\/arquivo\/author\/"},"uagb_comment_info":0,"uagb_excerpt":"For\u00e7a A\u00e9rea do\u00a0Peru\u00a0come\u00e7ou a monitorar com avi\u00f5es e drones os danos ambientais causados por mineiros","_links":{"self":[{"href":"https:\/\/espacoecologico.com.br\/arquivo\/wp-json\/wp\/v2\/posts\/90805"}],"collection":[{"href":"https:\/\/espacoecologico.com.br\/arquivo\/wp-json\/wp\/v2\/posts"}],"about":[{"href":"https:\/\/espacoecologico.com.br\/arquivo\/wp-json\/wp\/v2\/types\/post"}],"author":[{"embeddable":true,"href":"https:\/\/espacoecologico.com.br\/arquivo\/wp-json\/wp\/v2\/users\/2"}],"replies":[{"embeddable":true,"href":"https:\/\/espacoecologico.com.br\/arquivo\/wp-json\/wp\/v2\/comments?post=90805"}],"version-history":[{"count":0,"href":"https:\/\/espacoecologico.com.br\/arquivo\/wp-json\/wp\/v2\/posts\/90805\/revisions"}],"wp:featuredmedia":[{"embeddable":true,"href":"https:\/\/espacoecologico.com.br\/arquivo\/wp-json\/wp\/v2\/media\/90806"}],"wp:attachment":[{"href":"https:\/\/espacoecologico.com.br\/arquivo\/wp-json\/wp\/v2\/media?parent=90805"}],"wp:term":[{"taxonomy":"category","embeddable":true,"href":"https:\/\/espacoecologico.com.br\/arquivo\/wp-json\/wp\/v2\/categories?post=90805"},{"taxonomy":"post_tag","embeddable":true,"href":"https:\/\/espacoecologico.com.br\/arquivo\/wp-json\/wp\/v2\/tags?post=90805"}],"curies":[{"name":"wp","href":"https:\/\/api.w.org\/{rel}","templated":true}]}}