{"id":90801,"date":"2018-08-24T12:00:46","date_gmt":"2018-08-24T15:00:46","guid":{"rendered":"https:\/\/espacoecologico.com.br\/arquivo\/?p=90801"},"modified":"2018-08-23T21:48:42","modified_gmt":"2018-08-24T00:48:42","slug":"estudo-identifica-amazonia-como-origem-do-mais-recente-surto-de-febre-amarela-do-brasil","status":"publish","type":"post","link":"https:\/\/espacoecologico.com.br\/arquivo\/estudo-identifica-amazonia-como-origem-do-mais-recente-surto-de-febre-amarela-do-brasil\/","title":{"rendered":"Estudo identifica Amaz\u00f4nia como origem do mais recente surto de febre amarela do Brasil"},"content":{"rendered":"<div class=\"mc-column content-text active-extra-styles active-capital-letter\" data-block-type=\"unstyled\" data-block-weight=\"55\" data-block-id=\"2\">\n<p class=\"content-text__container theme-color-primary-first-letter\" data-track-category=\"Link no Texto\" data-track-links=\"\"><a href=\"https:\/\/espacoecologico.com.br\/arquivo\/wp-content\/uploads\/2018\/08\/amazonia-1.jpg\"><img loading=\"lazy\" class=\"alignleft size-medium wp-image-90802\" src=\"https:\/\/espacoecologico.com.br\/arquivo\/wp-content\/uploads\/2018\/08\/amazonia-1-300x192.jpg\" alt=\"\" width=\"300\" height=\"192\" srcset=\"https:\/\/espacoecologico.com.br\/arquivo\/wp-content\/uploads\/2018\/08\/amazonia-1-300x192.jpg 300w, https:\/\/espacoecologico.com.br\/arquivo\/wp-content\/uploads\/2018\/08\/amazonia-1.jpg 415w\" sizes=\"(max-width: 300px) 100vw, 300px\" \/><\/a>Um grupo de cientistas confirmou a origem do surto de febre amarela que, entre dezembro de 2016 e mar\u00e7o de 2018, matou 676 pessoas no pa\u00eds e deixou mais de 2 mil doentes. O ponto de in\u00edcio da transmiss\u00e3o do v\u00edrus, de acordo com estudo publicado nesta quinta-feira na revista Science, foi a regi\u00e3o amaz\u00f4nica.<\/p>\n<\/div>\n<div class=\"wall\">\n<div class=\"mc-column content-text active-extra-styles \" data-block-type=\"unstyled\" data-block-weight=\"67\" data-block-id=\"3\">\n<p class=\"content-text__container \" data-track-category=\"Link no Texto\" data-track-links=\"\">&#8220;Demonstramos que a fonte da epidemia veio de isolado viral proveniente do Norte do Brasil. Tamb\u00e9m conclu\u00edmos que o v\u00edrus chegou a Minas Gerais no in\u00edcio de 2016 e, dali, se espalhou dentro do Estado e para os estados vizinhos a uma velocidade m\u00e9dia de 4,25 km por dia&#8221;, diz o bi\u00f3logo Luiz Carlos J\u00fanior Alc\u00e2ntara, pesquisador da Funda\u00e7\u00e3o Oswaldo Cruz e um dos autores do levantamento.<\/p>\n<\/div>\n<div class=\"mc-column content-text active-extra-styles \" data-block-type=\"unstyled\" data-block-weight=\"36\" data-block-id=\"4\">\n<p class=\"content-text__container \" data-track-category=\"Link no Texto\" data-track-links=\"\">Para ele, a explos\u00e3o do n\u00famero de casos da doen\u00e7a n\u00e3o foi consequ\u00eancia direta do grave acidente ambiental do rompimento da barragem em Mariana, Minas Gerais, em 2015 &#8211; umas da hip\u00f3teses com as quais trabalhavam.<\/p>\n<\/div>\n<div class=\"mc-column content-text active-extra-styles\" data-block-type=\"raw\" data-block-weight=\"18\" data-block-id=\"5\">\n<blockquote class=\"content-blockquote theme-border-color-primary-before\"><p>&#8220;Os resultados apresentados n\u00e3o mostram nenhuma rela\u00e7\u00e3o com o incidente da Samarco&#8221;, afirmou Alc\u00e2ntara \u00e0 BBC News Brasil.<\/p><\/blockquote>\n<\/div>\n<div class=\"mc-column content-media content-media--normal  content-photo\" data-block-type=\"backstage-photo\" data-block-id=\"6\">\n<div class=\"content-media__container\">\n<div class=\"content-media__image-centered\">\n<div class=\"progressive-img can-open-lightbox\" data-min-size=\"1008x567\" data-min-size-url=\"https:\/\/s2.glbimg.com\/aJR1k3GwN5YcEt1eVMjWXGS6qiM=\/0x0:976x549\/1008x0\/smart\/filters:strip_icc()\/i.s3.glbimg.com\/v1\/AUTH_59edd422c0c84a879bd37670ae4f538a\/internal_photos\/bs\/2018\/q\/7\/lKIQRDQVml7C6nKHmflQ\/pesquisadores-conseguiram-tracar-a-composicao-genetica-do-virus.jpg\" data-max-size=\"1600x900\" data-max-size-url=\"https:\/\/s2.glbimg.com\/trGO0ee1LlvjIUzSHQHeaGHX5cA=\/0x0:976x549\/1600x0\/smart\/filters:strip_icc()\/i.s3.glbimg.com\/v1\/AUTH_59edd422c0c84a879bd37670ae4f538a\/internal_photos\/bs\/2018\/q\/7\/lKIQRDQVml7C6nKHmflQ\/pesquisadores-conseguiram-tracar-a-composicao-genetica-do-virus.jpg\" data-media-index=\"1\">\n<div class=\"placeholder-container\"><\/div>\n<picture><img loading=\"lazy\" class=\"image content-media__image progressive-loaded\" title=\"Pesquisadores conseguiram tra\u00e7ar a composi\u00e7\u00e3o gen\u00e9tica do v\u00edrus (Foto: Nuno Faria)\" src=\"https:\/\/s2.glbimg.com\/IC3iAUiXrKW1P5A0pZCOof5iK9Q=\/0x0:976x549\/984x0\/smart\/filters:strip_icc()\/i.s3.glbimg.com\/v1\/AUTH_59edd422c0c84a879bd37670ae4f538a\/internal_photos\/bs\/2018\/q\/7\/lKIQRDQVml7C6nKHmflQ\/pesquisadores-conseguiram-tracar-a-composicao-genetica-do-virus.jpg\" alt=\"Pesquisadores conseguiram tra\u00e7ar a composi\u00e7\u00e3o gen\u00e9tica do v\u00edrus (Foto: Nuno Faria)\" width=\"639\" height=\"360\" data-src=\"https:\/\/s2.glbimg.com\/IC3iAUiXrKW1P5A0pZCOof5iK9Q=\/0x0:976x549\/984x0\/smart\/filters:strip_icc()\/i.s3.glbimg.com\/v1\/AUTH_59edd422c0c84a879bd37670ae4f538a\/internal_photos\/bs\/2018\/q\/7\/lKIQRDQVml7C6nKHmflQ\/pesquisadores-conseguiram-tracar-a-composicao-genetica-do-virus.jpg\" \/><\/picture><\/div>\n<\/div>\n<div class=\"content-media__description-centered \">\n<p class=\"content-media__description\"><i class=\"content-media__description__icon theme-color-primary\"><\/i><span class=\"content-media__description__caption\">Pesquisadores conseguiram tra\u00e7ar a composi\u00e7\u00e3o gen\u00e9tica do v\u00edrus (Foto: Nuno Faria)<\/span><\/p>\n<\/div>\n<\/div>\n<\/div>\n<div class=\"mc-column content-text active-extra-styles\" data-block-type=\"raw\" data-block-weight=\"1\" data-block-id=\"7\">\n<div class=\"content-intertitle\">\n<h2>Origem<\/h2>\n<\/div>\n<\/div>\n<div class=\"mc-column content-text active-extra-styles \" data-block-type=\"unstyled\" data-block-weight=\"69\" data-block-id=\"8\">\n<p class=\"content-text__container \" data-track-category=\"Link no Texto\" data-track-links=\"\">&#8220;Baseado em um novo m\u00e9todo para analisar dados epidemiol\u00f3gicos e nos dados gen\u00e9ticos analisados em Minas Gerais, descobrimos que, apesar de ser o maior surto que o Brasil vivenciou em mais de 100 anos, ele foi caracterizado por uma transmiss\u00e3o silvestre, em que todos os casos em humanos eram, no fundo, resultado de uma picada de um mosquito silvestre que existe predominantemente em florestas e \u00e1reas rurais&#8221;, resumiu Alc\u00e2ntara.<\/p>\n<\/div>\n<div class=\"content-ads content-ads--reveal\" data-block-type=\"ads\" data-block-id=\"9\"><\/div>\n<div class=\"mc-column content-text active-extra-styles \" data-block-type=\"unstyled\" data-block-weight=\"48\" data-block-id=\"10\">\n<p class=\"content-text__container \" data-track-category=\"Link no Texto\" data-track-links=\"\">O v\u00edrus da febre amarela tem dois ciclos epidemiol\u00f3gicos. No silvestre, os macacos s\u00e3o os principais hospedeiros e amplificadores do v\u00edrus &#8211; n\u00e3o por acaso, na \u00e9poca do auge do surto no Brasil, o maior em cem anos, foram dezenas de casos de macacos mortos encontrados em parques.<\/p>\n<\/div>\n<div class=\"mc-column content-text active-extra-styles \" data-block-type=\"unstyled\" data-block-weight=\"32\" data-block-id=\"11\">\n<p class=\"content-text__container \" data-track-category=\"Link no Texto\" data-track-links=\"\">Neste caso, em regi\u00f5es de mata, insetos &#8211; em geral dos g\u00eaneros Haemagogus e Sabethes &#8211; picam os primatas e eles podem transmitir a doen\u00e7a a seres humanos que vivam na regi\u00e3o.<\/p>\n<\/div>\n<div class=\"mc-column content-text active-extra-styles \" data-block-type=\"unstyled\" data-block-weight=\"47\" data-block-id=\"12\">\n<p class=\"content-text__container \" data-track-category=\"Link no Texto\" data-track-links=\"\">J\u00e1 na cidade, o mais comum \u00e9 que a transmiss\u00e3o ocorra pelo mosquito Aedes aegypti, conhecido por transmitir dengue e zika. Neste tipo de contamina\u00e7\u00e3o, o inseto passa o v\u00edrus de um humano para outro. O \u00faltimo surto de febre amarela urbana no Brasil aconteceu em 1942.<\/p>\n<\/div>\n<div class=\"mc-column content-media content-media--normal  content-photo\" data-block-type=\"backstage-photo\" data-block-id=\"13\">\n<div class=\"content-media__container\">\n<div class=\"content-media__image-centered\">\n<div class=\"progressive-img can-open-lightbox\" data-min-size=\"1008x567\" data-min-size-url=\"https:\/\/s2.glbimg.com\/pFe_vnMy7Jstu9quASLM6wUSvqI=\/0x0:1600x900\/1008x0\/smart\/filters:strip_icc()\/i.s3.glbimg.com\/v1\/AUTH_59edd422c0c84a879bd37670ae4f538a\/internal_photos\/bs\/2018\/p\/h\/TVCKMyQMee5YG4Ree30w\/zoooo-macaco.png\" data-max-size=\"1600x900\" data-max-size-url=\"https:\/\/s2.glbimg.com\/bn4iJbSrV-rhtQqXwRGHw-0CZbI=\/0x0:1600x900\/1600x0\/smart\/filters:strip_icc()\/i.s3.glbimg.com\/v1\/AUTH_59edd422c0c84a879bd37670ae4f538a\/internal_photos\/bs\/2018\/p\/h\/TVCKMyQMee5YG4Ree30w\/zoooo-macaco.png\" data-media-index=\"2\">\n<div class=\"placeholder-container\"><\/div>\n<picture><img loading=\"lazy\" class=\"image content-media__image progressive-loaded\" title=\"Macacos servem de hospedeiros do v\u00edrus da doen\u00e7a (Foto: Reprodu\u00e7\u00e3o\/TV TEM )\" src=\"https:\/\/s2.glbimg.com\/m71K7A6yqhzI15RFHlofrHTFSWE=\/0x0:1600x900\/984x0\/smart\/filters:strip_icc()\/i.s3.glbimg.com\/v1\/AUTH_59edd422c0c84a879bd37670ae4f538a\/internal_photos\/bs\/2018\/p\/h\/TVCKMyQMee5YG4Ree30w\/zoooo-macaco.png\" alt=\"Macacos servem de hospedeiros do v\u00edrus da doen\u00e7a (Foto: Reprodu\u00e7\u00e3o\/TV TEM )\" width=\"640\" height=\"360\" data-src=\"https:\/\/s2.glbimg.com\/m71K7A6yqhzI15RFHlofrHTFSWE=\/0x0:1600x900\/984x0\/smart\/filters:strip_icc()\/i.s3.glbimg.com\/v1\/AUTH_59edd422c0c84a879bd37670ae4f538a\/internal_photos\/bs\/2018\/p\/h\/TVCKMyQMee5YG4Ree30w\/zoooo-macaco.png\" \/><\/picture><\/div>\n<\/div>\n<div class=\"content-media__description-centered \">\n<p class=\"content-media__description\"><i class=\"content-media__description__icon theme-color-primary\"><\/i><span class=\"content-media__description__caption\">Macacos servem de hospedeiros do v\u00edrus da doen\u00e7a (Foto: Reprodu\u00e7\u00e3o\/TV TEM )<\/span><\/p>\n<\/div>\n<\/div>\n<\/div>\n<div class=\"mc-column content-text active-extra-styles\" data-block-type=\"raw\" data-block-weight=\"1\" data-block-id=\"14\">\n<div class=\"content-intertitle\">\n<h2>Panorama<\/h2>\n<\/div>\n<\/div>\n<div class=\"mc-column content-text active-extra-styles \" data-block-type=\"unstyled\" data-block-weight=\"58\" data-block-id=\"15\">\n<p class=\"content-text__container \" data-track-category=\"Link no Texto\" data-track-links=\"\">&#8220;A floresta amaz\u00f4nica \u00e9 uma regi\u00e3o &#8216;reservat\u00f3rio&#8217;, onde o v\u00edrus da febre amarela parece ter estabelecido um ciclo silvestre h\u00e1 algumas d\u00e9cadas. Os surtos de febre amarela acontecem em ciclos de 7 ou 14 anos, dependendo das regi\u00f5es&#8221;, explicou \u00e0 BBC News Brasil o bi\u00f3logo Nuno Rodrigues Faria, pesquisador da Universidade de Oxford e o coordenador do estudo.<\/p>\n<\/div>\n<div class=\"mc-column content-text active-extra-styles \" data-block-type=\"unstyled\" data-block-weight=\"63\" data-block-id=\"16\">\n<p class=\"content-text__container \" data-track-category=\"Link no Texto\" data-track-links=\"\">&#8220;E o norte do Brasil muitas vezes parece ser a origem das novas linhagens virais que causam surtos em Minas Gerais (por exemplo, nos surtos de 1934 e de 2004). \u00c9 poss\u00edvel que existam outras esp\u00e9cies de animais envolvidas, e se quisermos eliminar surtos futuros \u00e9 essencial entender como \u00e9 que o v\u00edrus consegue persistir na floresta amaz\u00f4nica entre per\u00edodos de sil\u00eancio epidemiol\u00f3gico.&#8221;<\/p>\n<\/div>\n<div class=\"content-ads content-ads--reveal\" data-block-type=\"ads\" data-block-id=\"17\"><\/div>\n<div class=\"mc-column content-text active-extra-styles \" data-block-type=\"unstyled\" data-block-weight=\"42\" data-block-id=\"18\">\n<p class=\"content-text__container \" data-track-category=\"Link no Texto\" data-track-links=\"\">Alc\u00e2ntara ressaltou que os casos de macacos infectados foram &#8220;mais dispersos&#8221; geograficamente do que os de humanos infectados. &#8220;O maior n\u00famero de casos foram nas cidades de Te\u00f3filo Otoni (MG) e Manhua\u00e7u (MG), que est\u00e3o muito distantes (entre si)&#8221;, pontua o pesquisador.<\/p>\n<\/div>\n<div class=\"mc-column content-media content-media--normal  content-photo\" data-block-type=\"backstage-photo\" data-block-id=\"19\">\n<div class=\"content-media__container\">\n<div class=\"content-media__image-centered\">\n<div class=\"progressive-img can-open-lightbox\" data-min-size=\"1008x1389\" data-min-size-url=\"https:\/\/s2.glbimg.com\/zcwTVzjdwVpC-TB7mAKgDbPHAW4=\/0x0:2540x3502\/1008x0\/smart\/filters:strip_icc()\/i.s3.glbimg.com\/v1\/AUTH_59edd422c0c84a879bd37670ae4f538a\/internal_photos\/bs\/2017\/x\/g\/O0vpWvRdK8hUSpLpmmFw\/9187.jpg\" data-max-size=\"1600x2205\" data-max-size-url=\"https:\/\/s2.glbimg.com\/cuuNxLRXq4Lxh-3phHcGEBoCQSk=\/0x0:2540x3502\/1600x0\/smart\/filters:strip_icc()\/i.s3.glbimg.com\/v1\/AUTH_59edd422c0c84a879bd37670ae4f538a\/internal_photos\/bs\/2017\/x\/g\/O0vpWvRdK8hUSpLpmmFw\/9187.jpg\" data-media-index=\"3\">\n<div class=\"placeholder-container\"><\/div>\n<picture><img loading=\"lazy\" class=\"image content-media__image progressive-loaded\" title=\"Febre amarela urbana \u00e9 transmitida pelo mosquito Aedes aegypti; n\u00e3o h\u00e1 surtos desse tipo desde a d\u00e9cada de 1940 (Foto: James Gathany)\" src=\"https:\/\/s2.glbimg.com\/Tq1BCR0N8Daj50OWP-uWwtwDYPQ=\/0x0:2540x3502\/984x0\/smart\/filters:strip_icc()\/i.s3.glbimg.com\/v1\/AUTH_59edd422c0c84a879bd37670ae4f538a\/internal_photos\/bs\/2017\/x\/g\/O0vpWvRdK8hUSpLpmmFw\/9187.jpg\" alt=\"Febre amarela urbana \u00e9 transmitida pelo mosquito Aedes aegypti; n\u00e3o h\u00e1 surtos desse tipo desde a d\u00e9cada de 1940 (Foto: James Gathany)\" width=\"640\" height=\"882\" data-src=\"https:\/\/s2.glbimg.com\/Tq1BCR0N8Daj50OWP-uWwtwDYPQ=\/0x0:2540x3502\/984x0\/smart\/filters:strip_icc()\/i.s3.glbimg.com\/v1\/AUTH_59edd422c0c84a879bd37670ae4f538a\/internal_photos\/bs\/2017\/x\/g\/O0vpWvRdK8hUSpLpmmFw\/9187.jpg\" \/><\/picture><\/div>\n<\/div>\n<div class=\"content-media__description-centered \">\n<p class=\"content-media__description\"><i class=\"content-media__description__icon theme-color-primary\"><\/i><span class=\"content-media__description__caption\">Febre amarela urbana \u00e9 transmitida pelo mosquito Aedes aegypti; n\u00e3o h\u00e1 surtos desse tipo desde a d\u00e9cada de 1940 (Foto: James Gathany)<\/span><\/p>\n<\/div>\n<\/div>\n<\/div>\n<div class=\"mc-column content-text active-extra-styles \" data-block-type=\"unstyled\" data-block-weight=\"28\" data-block-id=\"20\">\n<p class=\"content-text__container \" data-track-category=\"Link no Texto\" data-track-links=\"\">O estudo demonstrou tamb\u00e9m que existiu associa\u00e7\u00e3o temporal e espacial entre os casos em humanos e macacos \u2013 o que, segundo os pesquisadores, \u00e9 caracter\u00edstica da transmiss\u00e3o silvestre.<\/p>\n<\/div>\n<div class=\"mc-column content-text active-extra-styles \" data-block-type=\"unstyled\" data-block-weight=\"65\" data-block-id=\"21\">\n<p class=\"content-text__container \" data-track-category=\"Link no Texto\" data-track-links=\"\">&#8220;Antes desta nossa atua\u00e7\u00e3o, s\u00f3 existiam 19 genomas do v\u00edrus da febre amarela detectados no Brasil. Em duas semanas, n\u00f3s fizemos o sequenciamento de 50 genomas, utilizando um sequenciador menor que um celular. Desenvolvemos um protocolo para gerar estes genomas em tempo real, e fazendo vigil\u00e2ncia gen\u00f4mica em curto espa\u00e7o de tempo, \u00fatil para o Minist\u00e9rio da Sa\u00fade e para a Organiza\u00e7\u00e3o Mundial da Sa\u00fade.&#8221;<\/p>\n<\/div>\n<div class=\"mc-column content-text active-extra-styles \" data-block-type=\"unstyled\" data-block-weight=\"52\" data-block-id=\"22\">\n<p class=\"content-text__container \" data-track-category=\"Link no Texto\" data-track-links=\"\">Os pesquisadores tamb\u00e9m identificaram que a maior parte dos contaminados (85%) foram homens, mais um ind\u00edcio de que a transmiss\u00e3o tenha sido silvestre e n\u00e3o urbana. &#8220;Porque nas \u00e1reas rurais os homens t\u00eam maior atividade fora das casas em contato com \u00e1reas onde existem macacos e provavelmente os mosquitos transmissores&#8221;, explicou Alc\u00e2ntara.<\/p>\n<\/div>\n<div class=\"mc-column content-text active-extra-styles \" data-block-type=\"unstyled\" data-block-weight=\"48\" data-block-id=\"23\">\n<p class=\"content-text__container \" data-track-category=\"Link no Texto\" data-track-links=\"\">Essas descobertas, conforme acreditam os pesquisadores, poder\u00e3o ajudar nas estrat\u00e9gicas de combate ao v\u00edrus da febre amarela, \u00e0 medida que elas demonstram como ocorre a transmiss\u00e3o hoje em dia. Com o sequenciamento de DNA e uma intensa an\u00e1lise computacional, os cientistas conseguiram tra\u00e7ar a composi\u00e7\u00e3o gen\u00e9tica do v\u00edrus.<\/p>\n<\/div>\n<div class=\"content-ads content-ads--reveal\" data-block-type=\"ads\" data-block-id=\"24\"><\/div>\n<div class=\"mc-column content-text active-extra-styles \" data-block-type=\"unstyled\" data-block-weight=\"36\" data-block-id=\"25\">\n<p class=\"content-text__container \" data-track-category=\"Link no Texto\" data-track-links=\"\">Al\u00e9m de identificar padr\u00f5es et\u00e1rios &#8211; a maior parte dos afetados tinha entre 35 e 54 anos -, de g\u00eanero &#8211; 85% da incid\u00eancia foi sobre homens &#8211; e a distribui\u00e7\u00e3o geogr\u00e1fica dos casos em humanos.<\/p>\n<\/div>\n<div class=\"mc-column content-text active-extra-styles\" data-block-type=\"raw\" data-block-weight=\"36\" data-block-id=\"26\">\n<blockquote class=\"content-blockquote theme-border-color-primary-before\"><p>&#8220;O Brasil tem uma longa hist\u00f3ria de surtos de febre amarela e tamb\u00e9m uma forte linha de pesquisa sobre o v\u00edrus. Por exemplo, o pa\u00eds foi pioneiro na vacina extremamente eficaz contra febre amarela&#8221;, ressaltou Faria.<\/p><\/blockquote>\n<\/div>\n<div class=\"mc-column content-text active-extra-styles \" data-block-type=\"unstyled\" data-block-weight=\"42\" data-block-id=\"27\">\n<p class=\"content-text__container \" data-track-category=\"Link no Texto\" data-track-links=\"\">&#8220;Os primeiros surtos conhecidos de febre amarela no Brasil s\u00e3o de 330 anos atr\u00e1s, no Recife, em Pernambuco. Contudo, \u00e9 a primeira vez que estudamos a origem e a dispers\u00e3o do v\u00edrus durante o surto, recorrendo a dados gen\u00f4micos gerados no pa\u00eds.&#8221;<\/p>\n<\/div>\n<div class=\"mc-column content-text active-extra-styles\" data-block-type=\"raw\" data-block-weight=\"3\" data-block-id=\"28\">\n<div class=\"content-intertitle\">\n<h2>O surto recente<\/h2>\n<\/div>\n<\/div>\n<div class=\"mc-column content-text active-extra-styles \" data-block-type=\"unstyled\" data-block-weight=\"38\" data-block-id=\"29\">\n<p class=\"content-text__container \" data-track-category=\"Link no Texto\" data-track-links=\"\">Devido \u00e0 dimens\u00e3o do surto recente, era grande a preocupa\u00e7\u00e3o de que o v\u00edrus pudesse se espalhar pela transmiss\u00e3o urbana, o que n\u00e3o aconteceu. O \u00faltimo surto de febre amarela urbana no Brasil aconteceu na d\u00e9cada de 1940.<\/p>\n<\/div>\n<div class=\"mc-column content-text active-extra-styles \" data-block-type=\"unstyled\" data-block-weight=\"15\" data-block-id=\"30\">\n<p class=\"content-text__container \" data-track-category=\"Link no Texto\" data-track-links=\"\">&#8220;Embora houvesse condi\u00e7\u00f5es para a transmiss\u00e3o urbana, felizmente esta n\u00e3o ocorreu&#8221;, comentou o cientista Faria.<\/p>\n<\/div>\n<div class=\"mc-column content-text active-extra-styles \" data-block-type=\"unstyled\" data-block-weight=\"64\" data-block-id=\"31\">\n<p class=\"content-text__container \" data-track-category=\"Link no Texto\" data-track-links=\"\">&#8220;Por meio da reconstru\u00e7\u00e3o da hist\u00f3ria evolutiva do v\u00edrus em humanos e em primatas n\u00e3o humanos, descobrimos que o surto emergiu em primatas n\u00e3o humanos em Minas Gerais no final de julho de 2016, vindo das regi\u00f5es do norte ou centro-oeste do Brasil, possivelmente resultado do transporte de mosquitos infectados em caminh\u00f5es ou at\u00e9 mesmo de tr\u00e1fico ilegal de primatas n\u00e3o humanos&#8221;, afirmou Alc\u00e2ntara.<\/p>\n<\/div>\n<div class=\"mc-column content-media content-media--normal  content-photo\" data-block-type=\"backstage-photo\" data-block-id=\"32\">\n<div class=\"content-media__container\">\n<div class=\"content-media__image-centered\">\n<div class=\"progressive-img can-open-lightbox\" data-min-size=\"1008x672\" data-min-size-url=\"https:\/\/s2.glbimg.com\/6gy6UmNy2tW5vcJ_s_vXaMQFg4M=\/0x0:5616x3744\/1008x0\/smart\/filters:strip_icc()\/i.s3.glbimg.com\/v1\/AUTH_59edd422c0c84a879bd37670ae4f538a\/internal_photos\/bs\/2018\/E\/X\/OUANcfQwSN1bXIu8fnfQ\/vacina-itauna.jpg\" data-max-size=\"1600x1066\" data-max-size-url=\"https:\/\/s2.glbimg.com\/TIUJBidEKAfE4s9f0B89Ro9pjqM=\/0x0:5616x3744\/1600x0\/smart\/filters:strip_icc()\/i.s3.glbimg.com\/v1\/AUTH_59edd422c0c84a879bd37670ae4f538a\/internal_photos\/bs\/2018\/E\/X\/OUANcfQwSN1bXIu8fnfQ\/vacina-itauna.jpg\" data-media-index=\"4\">\n<div class=\"placeholder-container\"><\/div>\n<picture><img loading=\"lazy\" class=\"image content-media__image progressive-loaded\" title=\"Vacina\u00e7\u00e3o contra febre amarela n\u00e3o atingiu a meta de imuniza\u00e7\u00e3o da popula\u00e7\u00e3o-alvo (Foto: Prefeitura Ita\u00fana\/Divulga\u00e7\u00e3o)\" src=\"https:\/\/s2.glbimg.com\/HmKq9EW578fgFf9S46lr5cnuQWg=\/0x0:5616x3744\/984x0\/smart\/filters:strip_icc()\/i.s3.glbimg.com\/v1\/AUTH_59edd422c0c84a879bd37670ae4f538a\/internal_photos\/bs\/2018\/E\/X\/OUANcfQwSN1bXIu8fnfQ\/vacina-itauna.jpg\" alt=\"Vacina\u00e7\u00e3o contra febre amarela n\u00e3o atingiu a meta de imuniza\u00e7\u00e3o da popula\u00e7\u00e3o-alvo (Foto: Prefeitura Ita\u00fana\/Divulga\u00e7\u00e3o)\" width=\"638\" height=\"425\" data-src=\"https:\/\/s2.glbimg.com\/HmKq9EW578fgFf9S46lr5cnuQWg=\/0x0:5616x3744\/984x0\/smart\/filters:strip_icc()\/i.s3.glbimg.com\/v1\/AUTH_59edd422c0c84a879bd37670ae4f538a\/internal_photos\/bs\/2018\/E\/X\/OUANcfQwSN1bXIu8fnfQ\/vacina-itauna.jpg\" \/><\/picture><\/div>\n<\/div>\n<div class=\"content-media__description-centered \">\n<p class=\"content-media__description\"><i class=\"content-media__description__icon theme-color-primary\"><\/i><span class=\"content-media__description__caption\">Vacina\u00e7\u00e3o contra febre amarela n\u00e3o atingiu a meta de imuniza\u00e7\u00e3o da popula\u00e7\u00e3o-alvo (Foto: Prefeitura Ita\u00fana\/Divulga\u00e7\u00e3o)<\/span><\/p>\n<\/div>\n<\/div>\n<\/div>\n<div class=\"content-ads content-ads--reveal\" data-block-type=\"ads\" data-block-id=\"33\"><\/div>\n<div class=\"mc-column content-text active-extra-styles \" data-block-type=\"unstyled\" data-block-weight=\"28\" data-block-id=\"34\">\n<p class=\"content-text__container \" data-track-category=\"Link no Texto\" data-track-links=\"\">Se a transmiss\u00e3o fosse urbana, no entendimento de gestores de sa\u00fade p\u00fablica, a epidemia poderia se configurar muito mais grave, sobretudo em megacidades como S\u00e3o Paulo e Rio.<\/p>\n<\/div>\n<div class=\"mc-column content-text active-extra-styles \" data-block-type=\"unstyled\" data-block-weight=\"41\" data-block-id=\"35\">\n<p class=\"content-text__container \" data-track-category=\"Link no Texto\" data-track-links=\"\">Existe vacina contra a febre amarela, e a mesma j\u00e1 era aplicada no pa\u00eds. No in\u00edcio do surto, devido aos baixos estoques, a imuniza\u00e7\u00e3o em larga escala foi feita sobretudo em regi\u00f5es end\u00eamicas e provocou longas filas nos postos de sa\u00fade.<\/p>\n<\/div>\n<div class=\"mc-column content-text active-extra-styles \" data-block-type=\"unstyled\" data-block-weight=\"38\" data-block-id=\"36\">\n<p class=\"content-text__container \" data-track-category=\"Link no Texto\" data-track-links=\"\">A oferta foi ampliada para todo o pa\u00eds, mas, passado o per\u00edodo cr\u00edtico, a popula\u00e7\u00e3o foi deixando de procurar a vacina &#8211; S\u00e3o Paulo, por exemplo, imunizou apenas metade dos 9,2 milh\u00f5es que faziam parte de sua popula\u00e7\u00e3o-alvo.<\/p>\n<\/div>\n<div class=\"mc-column content-text active-extra-styles \" data-block-type=\"unstyled\" data-block-weight=\"30\" data-block-id=\"37\">\n<p class=\"content-text__container \" data-track-category=\"Link no Texto\" data-track-links=\"\">Para o professor de doen\u00e7as infecciosas da Universidade de Oxford Oliver Pybus, o grande desafio \u00e9 que o v\u00edrus da febre amarela vem em ondas. &#8220;Nunca poderemos elimin\u00e1-lo completamente&#8221;, pontuou.<\/p>\n<\/div>\n<div class=\"mc-column content-text active-extra-styles \" data-block-type=\"unstyled\" data-block-weight=\"30\" data-block-id=\"38\">\n<p class=\"content-text__container \" data-track-category=\"Link no Texto\" data-track-links=\"\">\u00c9 por isso que imunologistas ressaltam a import\u00e2ncia de imunizar o maior percentual poss\u00edvel da popula\u00e7\u00e3o, para evitar que um surto aconte\u00e7a nos per\u00edodos em que a doen\u00e7a costuma aparecer.<\/p>\n<\/div>\n<div class=\"mc-column content-text active-extra-styles \" data-block-type=\"unstyled\" data-block-weight=\"38\" data-block-id=\"39\">\n<p class=\"content-text__container \" data-track-category=\"Link no Texto\" data-track-links=\"\">&#8220;O problema \u00e9 que ainda n\u00e3o entendemos o suficiente sobre o comportamento complexo do v\u00edrus em popula\u00e7\u00f5es animais. Precisamos dessas informa\u00e7\u00f5es para controlar futuros surtos. S\u00f3 assim conseguiremos vacinar as pessoas certas, nos lugares certos, na hora certa.&#8221;<\/p>\n<\/div>\n<div class=\"mc-column content-text active-extra-styles \" data-block-type=\"unstyled\" data-block-weight=\"82\" data-block-id=\"40\">\n<p class=\"content-text__container \" data-track-category=\"Link no Texto\" data-track-links=\"\">&#8220;Nosso estudo mostra que o surto de 2016 a 2018 na regi\u00e3o sudeste do Brasil &#8211; o maior surto em mais de 100 anos &#8211; resultou de uma introdu\u00e7\u00e3o de uma estirpe de febre amarela que veio, em ultima analise, da regi\u00e3o Amaz\u00f4nica, onde o v\u00edrus circula silenciosamente. Depois de introduzido em Minas Gerais, o v\u00edrus espalhou-se rapidamente em popula\u00e7\u00f5es locais de mosquitos silvestres e primatas n\u00e3o humanos em dire\u00e7\u00e3o as grandes cidades de S\u00e3o Paulo e Rio de Janeiro&#8221;, resumiu Faria.<\/p>\n<\/div>\n<div class=\"mc-column content-text active-extra-styles \" data-block-type=\"unstyled\" data-block-weight=\"49\" data-block-id=\"41\">\n<p class=\"content-text__container \" data-track-category=\"Link no Texto\" data-track-links=\"\">&#8220;As nossas an\u00e1lises mostram que os casos de febre amarela que ocorreram em popula\u00e7\u00f5es humanas foram ocupacionais, ou seja, ocorreram em indiv\u00edduos predominantemente do sexo masculino, maioria trabalhadores rurais com atividades ocupacionais que viviam em media a 5 km de \u00e1reas florestais e que infelizmente n\u00e3o tinham sido vacinados.&#8221;<\/p>\n<\/div>\n<div class=\"content-ads content-ads--reveal\" data-block-type=\"ads\" data-block-id=\"42\"><\/div>\n<div class=\"mc-column content-text active-extra-styles \" data-block-type=\"unstyled\" data-block-weight=\"22\" data-block-id=\"43\">\n<p class=\"content-text__container \" data-track-category=\"Link no Texto\" data-track-links=\"\">Alc\u00e2ntara acredita que o trabalho realizado por sua equipe pode se tornar uma ferramenta importante no combate a outros surtos no futuro.<\/p>\n<\/div>\n<div class=\"mc-column content-text active-extra-styles\" data-block-type=\"raw\" data-block-weight=\"25\" data-block-id=\"44\">\n<blockquote class=\"content-blockquote theme-border-color-primary-before\"><p>&#8220;Introduzimos, pela primeira vez, um conjunto de m\u00e9todos e t\u00e9cnicas que ir\u00e3o ajudar a caracterizar mais rapidamente, em tempo real, futuros surtos no mundo&#8221;, disse.<\/p><\/blockquote>\n<\/div>\n<\/div>\n<div data-track-category=\"fim do conteudo\" data-track-action=\"ultimo chunk conteudo\" data-track-noninteraction=\"false\" data-track-scroll=\"entrada completa viewport\">\n<div class=\"mc-column content-text active-extra-styles\" data-block-type=\"raw\" data-block-weight=\"17\" data-block-id=\"45\">\n<blockquote class=\"content-blockquote theme-border-color-primary-before\"><p>&#8220;Este \u00e9 o primeiro passo para que se possa prever quando e onde ir\u00e3o surgir futuros surtos.&#8221;<\/p><\/blockquote>\n<\/div>\n<\/div>\n","protected":false},"excerpt":{"rendered":"<p>Um grupo de cientistas confirmou a origem do surto de febre amarela que, entre dezembro<\/p>\n","protected":false},"author":2,"featured_media":90802,"comment_status":"open","ping_status":"open","sticky":false,"template":"","format":"standard","meta":[],"categories":[],"tags":[],"uagb_featured_image_src":{"full":["https:\/\/espacoecologico.com.br\/arquivo\/wp-content\/uploads\/2018\/08\/amazonia-1.jpg",415,265,false],"thumbnail":["https:\/\/espacoecologico.com.br\/arquivo\/wp-content\/uploads\/2018\/08\/amazonia-1-150x150.jpg",150,150,true],"medium":["https:\/\/espacoecologico.com.br\/arquivo\/wp-content\/uploads\/2018\/08\/amazonia-1-300x192.jpg",300,192,true],"medium_large":["https:\/\/espacoecologico.com.br\/arquivo\/wp-content\/uploads\/2018\/08\/amazonia-1.jpg",415,265,false],"large":["https:\/\/espacoecologico.com.br\/arquivo\/wp-content\/uploads\/2018\/08\/amazonia-1.jpg",415,265,false],"1536x1536":["https:\/\/espacoecologico.com.br\/arquivo\/wp-content\/uploads\/2018\/08\/amazonia-1.jpg",415,265,false],"2048x2048":["https:\/\/espacoecologico.com.br\/arquivo\/wp-content\/uploads\/2018\/08\/amazonia-1.jpg",415,265,false],"cream-magazine-thumbnail-2":["https:\/\/espacoecologico.com.br\/arquivo\/wp-content\/uploads\/2018\/08\/amazonia-1.jpg",415,265,false],"cream-magazine-thumbnail-3":["https:\/\/espacoecologico.com.br\/arquivo\/wp-content\/uploads\/2018\/08\/amazonia-1.jpg",415,265,false],"cream-magazine-thumbnail-4":["https:\/\/espacoecologico.com.br\/arquivo\/wp-content\/uploads\/2018\/08\/amazonia-1.jpg",415,265,false]},"uagb_author_info":{"display_name":"","author_link":"https:\/\/espacoecologico.com.br\/arquivo\/author\/"},"uagb_comment_info":0,"uagb_excerpt":"Um grupo de cientistas confirmou a origem do surto de febre amarela que, entre dezembro","_links":{"self":[{"href":"https:\/\/espacoecologico.com.br\/arquivo\/wp-json\/wp\/v2\/posts\/90801"}],"collection":[{"href":"https:\/\/espacoecologico.com.br\/arquivo\/wp-json\/wp\/v2\/posts"}],"about":[{"href":"https:\/\/espacoecologico.com.br\/arquivo\/wp-json\/wp\/v2\/types\/post"}],"author":[{"embeddable":true,"href":"https:\/\/espacoecologico.com.br\/arquivo\/wp-json\/wp\/v2\/users\/2"}],"replies":[{"embeddable":true,"href":"https:\/\/espacoecologico.com.br\/arquivo\/wp-json\/wp\/v2\/comments?post=90801"}],"version-history":[{"count":0,"href":"https:\/\/espacoecologico.com.br\/arquivo\/wp-json\/wp\/v2\/posts\/90801\/revisions"}],"wp:featuredmedia":[{"embeddable":true,"href":"https:\/\/espacoecologico.com.br\/arquivo\/wp-json\/wp\/v2\/media\/90802"}],"wp:attachment":[{"href":"https:\/\/espacoecologico.com.br\/arquivo\/wp-json\/wp\/v2\/media?parent=90801"}],"wp:term":[{"taxonomy":"category","embeddable":true,"href":"https:\/\/espacoecologico.com.br\/arquivo\/wp-json\/wp\/v2\/categories?post=90801"},{"taxonomy":"post_tag","embeddable":true,"href":"https:\/\/espacoecologico.com.br\/arquivo\/wp-json\/wp\/v2\/tags?post=90801"}],"curies":[{"name":"wp","href":"https:\/\/api.w.org\/{rel}","templated":true}]}}