{"id":90797,"date":"2018-08-24T11:00:44","date_gmt":"2018-08-24T14:00:44","guid":{"rendered":"https:\/\/espacoecologico.com.br\/arquivo\/?p=90797"},"modified":"2018-08-23T21:31:30","modified_gmt":"2018-08-24T00:31:30","slug":"fossil-de-tartaruga-sem-casco-de-228-milhoes-de-anos-e-encontrado-na-china","status":"publish","type":"post","link":"https:\/\/espacoecologico.com.br\/arquivo\/fossil-de-tartaruga-sem-casco-de-228-milhoes-de-anos-e-encontrado-na-china\/","title":{"rendered":"F\u00f3ssil de tartaruga sem casco de 228 milh\u00f5es de anos \u00e9 encontrado na China"},"content":{"rendered":"<p><a href=\"https:\/\/espacoecologico.com.br\/arquivo\/wp-content\/uploads\/2018\/08\/tartaruga-1.jpg\"><img loading=\"lazy\" class=\"alignleft size-medium wp-image-90798\" src=\"https:\/\/espacoecologico.com.br\/arquivo\/wp-content\/uploads\/2018\/08\/tartaruga-1-300x192.jpg\" alt=\"\" width=\"300\" height=\"192\" srcset=\"https:\/\/espacoecologico.com.br\/arquivo\/wp-content\/uploads\/2018\/08\/tartaruga-1-300x192.jpg 300w, https:\/\/espacoecologico.com.br\/arquivo\/wp-content\/uploads\/2018\/08\/tartaruga-1.jpg 415w\" sizes=\"(max-width: 300px) 100vw, 300px\" \/><\/a>Nova esp\u00e9cie n\u00e3o possu\u00eda um casco, tinha 1,80 metro de comprimento e foi a primeira em toda a linha evolutiva das tartarugas a ter um bico sem dentes<\/p>\n<p class=\"\">Pesquisadores na prov\u00edncia de Guizhou, na China, encontraram um f\u00f3ssil de 228 milh\u00f5es de anos de uma tartaruga um tanto quanto diferente. Ela n\u00e3o possu\u00eda casco, mas foi a primeira esp\u00e9cie na evolu\u00e7\u00e3o a ter um bico sem dentes.<\/p>\n<div id=\"ad_intext\" data-google-query-id=\"CIj3hYu3hN0CFUs9Twod2bIJqw\"><\/div>\n<p>De acordo com a\u00a0<em>CNN<\/em>\u00a0, a descoberta da\u00a0\u00a0<strong>tartaruga<\/strong>\u00a0\u00a0anciente foi anunciada em estudo publicado na revista\u00a0<em>Nature<\/em>\u00a0nesta quarta-feira (22). A nova esp\u00e9cie foi batizada de\u00a0<em>Eorhynchochelys sinesis<\/em>\u00a0e cont\u00e9m caracter\u00edsticas muito espec\u00edficas, como a presen\u00e7a de costelas que, curiosamente, n\u00e3o contribu\u00edram para a forma\u00e7\u00e3o de um casco nos animais da atualidade.<\/p>\n<p>\u201cA criatura tinha mais de 1,80 metro, um corpo com o estranho formato de um disco e uma longa cauda. Al\u00e9m disso, a parte anterior de suas mand\u00edbulas evolu\u00edram para um bico incomum\u201d, explicou Olivier Rieppel, co-autor da pesquisa e paleont\u00f3logo do Museu Field de Hist\u00f3ria Natural de Chicago, nos Estados Unidos. \u201cEla provavelmente vivia em \u00e1guas rasas e procurava seu alimento na lama\u201d.<\/p>\n<p>A\u00a0<strong>descoberta<\/strong>\u00a0foi comemorada por muitos membros da comunidade cient\u00edfica, j\u00e1 que todo o processo evolutivo das tartarugas ainda \u00e9 um grande quebra-cabe\u00e7as a ser montado pelos especialistas.<\/p>\n<h3>As dificuldades para desvendar a evolu\u00e7\u00e3o da tartaruga<\/h3>\n<figure class=\"foto-legenda gd12\"><img loading=\"lazy\" class=\"\" src=\"http:\/\/statig1.akamaized.net\/bancodeimagens\/6z\/xy\/nz\/6zxynz1nbzfon3f00nv9nrb1w.jpg\" alt=\"A evolu\u00e7\u00e3o da tartaruga ainda \u00e9 um quebra-cabe\u00e7as a ser desvendado por cientistas, que se animaram com a descoberta\" width=\"639\" height=\"400\" \/><figcaption class=\"undefined\"><cite>BBC<\/cite><\/p>\n<div class=\"undefined\">A evolu\u00e7\u00e3o da tartaruga ainda \u00e9 um quebra-cabe\u00e7as a ser desvendado por cientistas, que se animaram com a descoberta<\/div>\n<\/figcaption><\/figure>\n<p class=\" \">Segundo a\u00a0<em>CNN<\/em>\u00a0, o maior empecilho para compreender a &#8216;linha do tempo&#8217; desta ordem de animais \u00e9 a peculiaridade de seu\u00a0<strong>processo evolutivo<\/strong>\u00a0. Ela n\u00e3o pode ser comparada com a de outros seres, e cada detalhe precisa ser analisado com muito cuidado.<\/p>\n<p>\u201cEsse grande e impressionante f\u00f3ssil \u00e9 um achado muito animador, que nos d\u00e1 outra pe\u00e7a no quebra-cabe\u00e7as da evolu\u00e7\u00e3o das tartarugas\u201d, disse Nick Fraser, que tamb\u00e9m participou do estudo. \u201cEle mostra que sua evolu\u00e7\u00e3o n\u00e3o foi linear, com uma acumula\u00e7\u00e3o cont\u00ednua de caracter\u00edsticas espec\u00edficas, mas uma s\u00e9rie de eventos muito mais complexa que s\u00f3 estamos come\u00e7ando a desvendar\u201d.<\/p>\n<p>A esp\u00e9cie chamada\u00a0<em>Pappochelys<\/em>\u00a0, por exemplo, habitou a Terra h\u00e1 240 milh\u00f5es de anos e j\u00e1 possu\u00eda uma estrutura \u00f3ssea sobre seu abd\u00f4men, como um \u201cproto-casco\u201d, o que exemplifica essa falta de linearidade. Isso tamb\u00e9m aconteceu com o bico, que apareceu primeiro na\u00a0<em>Eorhynchochelys sinesis<\/em>\u00a0para, muitos anos depois, surgir junto de um casco em uma outra\u00a0<strong>tartaruga<\/strong>\u00a0.<\/p>\n","protected":false},"excerpt":{"rendered":"<p>Nova esp\u00e9cie n\u00e3o possu\u00eda um casco, tinha 1,80 metro de comprimento e foi a primeira<\/p>\n","protected":false},"author":2,"featured_media":90798,"comment_status":"open","ping_status":"open","sticky":false,"template":"","format":"standard","meta":[],"categories":[],"tags":[],"uagb_featured_image_src":{"full":["https:\/\/espacoecologico.com.br\/arquivo\/wp-content\/uploads\/2018\/08\/tartaruga-1.jpg",415,265,false],"thumbnail":["https:\/\/espacoecologico.com.br\/arquivo\/wp-content\/uploads\/2018\/08\/tartaruga-1-150x150.jpg",150,150,true],"medium":["https:\/\/espacoecologico.com.br\/arquivo\/wp-content\/uploads\/2018\/08\/tartaruga-1-300x192.jpg",300,192,true],"medium_large":["https:\/\/espacoecologico.com.br\/arquivo\/wp-content\/uploads\/2018\/08\/tartaruga-1.jpg",415,265,false],"large":["https:\/\/espacoecologico.com.br\/arquivo\/wp-content\/uploads\/2018\/08\/tartaruga-1.jpg",415,265,false],"1536x1536":["https:\/\/espacoecologico.com.br\/arquivo\/wp-content\/uploads\/2018\/08\/tartaruga-1.jpg",415,265,false],"2048x2048":["https:\/\/espacoecologico.com.br\/arquivo\/wp-content\/uploads\/2018\/08\/tartaruga-1.jpg",415,265,false],"cream-magazine-thumbnail-2":["https:\/\/espacoecologico.com.br\/arquivo\/wp-content\/uploads\/2018\/08\/tartaruga-1.jpg",415,265,false],"cream-magazine-thumbnail-3":["https:\/\/espacoecologico.com.br\/arquivo\/wp-content\/uploads\/2018\/08\/tartaruga-1.jpg",415,265,false],"cream-magazine-thumbnail-4":["https:\/\/espacoecologico.com.br\/arquivo\/wp-content\/uploads\/2018\/08\/tartaruga-1.jpg",415,265,false]},"uagb_author_info":{"display_name":"","author_link":"https:\/\/espacoecologico.com.br\/arquivo\/author\/"},"uagb_comment_info":0,"uagb_excerpt":"Nova esp\u00e9cie n\u00e3o possu\u00eda um casco, tinha 1,80 metro de comprimento e foi a primeira","_links":{"self":[{"href":"https:\/\/espacoecologico.com.br\/arquivo\/wp-json\/wp\/v2\/posts\/90797"}],"collection":[{"href":"https:\/\/espacoecologico.com.br\/arquivo\/wp-json\/wp\/v2\/posts"}],"about":[{"href":"https:\/\/espacoecologico.com.br\/arquivo\/wp-json\/wp\/v2\/types\/post"}],"author":[{"embeddable":true,"href":"https:\/\/espacoecologico.com.br\/arquivo\/wp-json\/wp\/v2\/users\/2"}],"replies":[{"embeddable":true,"href":"https:\/\/espacoecologico.com.br\/arquivo\/wp-json\/wp\/v2\/comments?post=90797"}],"version-history":[{"count":0,"href":"https:\/\/espacoecologico.com.br\/arquivo\/wp-json\/wp\/v2\/posts\/90797\/revisions"}],"wp:featuredmedia":[{"embeddable":true,"href":"https:\/\/espacoecologico.com.br\/arquivo\/wp-json\/wp\/v2\/media\/90798"}],"wp:attachment":[{"href":"https:\/\/espacoecologico.com.br\/arquivo\/wp-json\/wp\/v2\/media?parent=90797"}],"wp:term":[{"taxonomy":"category","embeddable":true,"href":"https:\/\/espacoecologico.com.br\/arquivo\/wp-json\/wp\/v2\/categories?post=90797"},{"taxonomy":"post_tag","embeddable":true,"href":"https:\/\/espacoecologico.com.br\/arquivo\/wp-json\/wp\/v2\/tags?post=90797"}],"curies":[{"name":"wp","href":"https:\/\/api.w.org\/{rel}","templated":true}]}}