{"id":90782,"date":"2018-08-24T08:00:16","date_gmt":"2018-08-24T11:00:16","guid":{"rendered":"https:\/\/espacoecologico.com.br\/arquivo\/?p=90782"},"modified":"2018-08-23T20:39:04","modified_gmt":"2018-08-23T23:39:04","slug":"pesquisa-inedita-vai-mapear-startups-de-tecnologias-limpas-em-todo-o-brasil","status":"publish","type":"post","link":"https:\/\/espacoecologico.com.br\/arquivo\/pesquisa-inedita-vai-mapear-startups-de-tecnologias-limpas-em-todo-o-brasil\/","title":{"rendered":"Pesquisa in\u00e9dita vai mapear startups de tecnologias limpas em todo o Brasil"},"content":{"rendered":"<p align=\"center\"><a href=\"https:\/\/espacoecologico.com.br\/arquivo\/wp-content\/uploads\/2018\/08\/energia_limpa.jpg\"><img loading=\"lazy\" class=\"alignleft size-medium wp-image-90783\" src=\"https:\/\/espacoecologico.com.br\/arquivo\/wp-content\/uploads\/2018\/08\/energia_limpa-300x192.jpg\" alt=\"\" width=\"300\" height=\"192\" srcset=\"https:\/\/espacoecologico.com.br\/arquivo\/wp-content\/uploads\/2018\/08\/energia_limpa-300x192.jpg 300w, https:\/\/espacoecologico.com.br\/arquivo\/wp-content\/uploads\/2018\/08\/energia_limpa.jpg 415w\" sizes=\"(max-width: 300px) 100vw, 300px\" \/><\/a><\/p>\n<p>Empreendedores com empresas em opera\u00e7\u00e3o ou em fase de concep\u00e7\u00e3o podem responder o question\u00e1rio at\u00e9 13 de setembro. Participantes poder\u00e3o se aproximar de investidores e de companhias consolidadas do setor el\u00e9trico, al\u00e9m de compor banco de dados de tecnologias limpas<\/p>\n<p>Com o objetivo de compreender o ecossistema de\u00a0<em>startups<\/em>\u00a0do segmento de tecnologias limpas no Brasil, est\u00e1 no ar uma pesquisa que ter\u00e1 como resultado o mapeamento de empresas que atuam nesse mercado, chamado de\u00a0<em>cleantech<\/em>. Realizado pela EDP, companhia que opera em toda a cadeia de valor do setor el\u00e9trico, Coppe\/UFRJ, Centro de Estudos em Sustentabilidade da FGV (FGVces) e Associa\u00e7\u00e3o Brasileira de Startups (ABStartups), o levantamento ser\u00e1 feito por meio de question\u00e1rio online (<a href=\"https:\/\/nsa.i-mpressmta.com\/link.php?code=bDpodHRwJTNBJTJGJTJGZ3ZjZXMuY29tLmJyJTJGbWFwZWFtZW50by1kZS1zdGFydHVwcy1kZS10ZWNub2xvZ2lhLWxpbXBhLW5vLWJyYXNpbCUyRiUzRmxvY2FsZSUzRHB0LWJyOjI1NzQ0MTc5NjE6ZGFsQGVudm9sdmVyZGUuY29tLmJyOjc3YTQ4Yg==\" target=\"_blank\" rel=\"noopener\" data-saferedirecturl=\"https:\/\/www.google.com\/url?hl=pt-BR&amp;q=https:\/\/nsa.i-mpressmta.com\/link.php?code%3DbDpodHRwJTNBJTJGJTJGZ3ZjZXMuY29tLmJyJTJGbWFwZWFtZW50by1kZS1zdGFydHVwcy1kZS10ZWNub2xvZ2lhLWxpbXBhLW5vLWJyYXNpbCUyRiUzRmxvY2FsZSUzRHB0LWJyOjI1NzQ0MTc5NjE6ZGFsQGVudm9sdmVyZGUuY29tLmJyOjc3YTQ4Yg%3D%3D&amp;source=gmail&amp;ust=1535116932120000&amp;usg=AFQjCNFwyvuhWfW2TGYV9wVjIzg8N5i9Sw\">clique aqui<\/a>).<\/p>\n<p>Representantes de empresas de todo o Pa\u00eds t\u00eam at\u00e9 o dia 13 de setembro para responder \u00e0 pesquisa, que \u00e9 contemplada pelo Programa de P&amp;D da Ag\u00eancia Nacional de Energia El\u00e9trica (Aneel). Podem participar do mapeamento\u00a0<em>startups<\/em>\u00a0em todos os n\u00edveis de maturidade, desde aquelas que est\u00e3o em fase de\u00a0<strong>concep\u00e7\u00e3o\/ideia<\/strong>\u00a0at\u00e9 as que j\u00e1 est\u00e3o\u00a0<strong>em opera\u00e7\u00e3o e em fase de crescimento<\/strong>.<\/p>\n<p>A partir dos resultados obtidos por meio desse question\u00e1rio, pesquisadores do projeto identificar\u00e3o as principais tecnologias, perfil dos empreendedores, modelos de financiamento, redes de colabora\u00e7\u00e3o e desafios enfrentados por essa categoria de neg\u00f3cio. Al\u00e9m disso, ser\u00e1 constitu\u00eddo um Observat\u00f3rio de Tecnologias Limpas, que disponibilizar\u00e1 informa\u00e7\u00f5es autorizadas para uso p\u00fablico. Os resultados poder\u00e3o servir como subs\u00eddio para o desenvolvimento de pol\u00edticas p\u00fablicas para o fomento do setor no Brasil.<\/p>\n<p>O mapeamento contribuir\u00e1, ainda, para conectar grandes organiza\u00e7\u00f5es e investidores a\u00a0<em>startups<\/em>\u00a0para dar escala \u00e0s inova\u00e7\u00f5es. O estudo tamb\u00e9m ir\u00e1 analisar o impacto dessas empresas no setor el\u00e9trico brasileiro, identificando tecnologias e modelos de neg\u00f3cio com potencial de transform\u00e1-lo.<\/p>\n<p>Os empreendedores que preencherem o question\u00e1rio ter\u00e3o como benef\u00edcios:<\/p>\n<ul>\n<li>Recebimento de\u00a0<strong>relat\u00f3rio com resultados gerais<\/strong>\u00a0do mapeamento e sua posi\u00e7\u00e3o no ecossistema;<\/li>\n<li><strong>Visibilidade<\/strong>\u00a0no ecossistema de\u00a0<em>startups<\/em>, uma vez que far\u00e3o parte da base de conte\u00fado que ser\u00e1 gerida por um\u00a0<strong>Observat\u00f3rio de Tecnologias Limpas<\/strong>;<\/li>\n<li>Integrar a\u00a0<strong>rede de relacionamento<\/strong>\u00a0da ABStartups, da FGV, da COPPE\/UFRJ e da EDP Brasil;<\/li>\n<li>Participa\u00e7\u00e3o em sorteio para ganhar\u00a0<strong>3 ingressos para o CASE<\/strong>, maior evento para\u00a0<em>startups<\/em>\u00a0da Am\u00e9rica Latina.<\/li>\n<\/ul>\n<p>As empresas respondentes que se relacionam direta ou indiretamente com o\u00a0<strong>setor de energia<\/strong>\u00a0poder\u00e3o ter os seguintes benef\u00edcios adicionais, mediante an\u00e1lise da equipe do projeto:<\/p>\n<ul>\n<li>Participa\u00e7\u00e3o da etapa de constru\u00e7\u00e3o de um\u00a0<strong>modelo de coopera\u00e7\u00e3o entre startups e grandes empresas<\/strong>\u00a0do setor el\u00e9trico, junto \u00e0 EDP;<\/li>\n<li>Participa\u00e7\u00e3o dos\u00a0<strong>programas de inova\u00e7\u00e3o<\/strong><strong>\u00a0aberta<\/strong>\u00a0conduzidos pela EDP.<\/li>\n<\/ul>\n","protected":false},"excerpt":{"rendered":"<p>Empreendedores com empresas em opera\u00e7\u00e3o ou em fase de concep\u00e7\u00e3o podem responder o question\u00e1rio at\u00e9<\/p>\n","protected":false},"author":2,"featured_media":90783,"comment_status":"open","ping_status":"open","sticky":false,"template":"","format":"standard","meta":[],"categories":[],"tags":[],"uagb_featured_image_src":{"full":["https:\/\/espacoecologico.com.br\/arquivo\/wp-content\/uploads\/2018\/08\/energia_limpa.jpg",415,265,false],"thumbnail":["https:\/\/espacoecologico.com.br\/arquivo\/wp-content\/uploads\/2018\/08\/energia_limpa-150x150.jpg",150,150,true],"medium":["https:\/\/espacoecologico.com.br\/arquivo\/wp-content\/uploads\/2018\/08\/energia_limpa-300x192.jpg",300,192,true],"medium_large":["https:\/\/espacoecologico.com.br\/arquivo\/wp-content\/uploads\/2018\/08\/energia_limpa.jpg",415,265,false],"large":["https:\/\/espacoecologico.com.br\/arquivo\/wp-content\/uploads\/2018\/08\/energia_limpa.jpg",415,265,false],"1536x1536":["https:\/\/espacoecologico.com.br\/arquivo\/wp-content\/uploads\/2018\/08\/energia_limpa.jpg",415,265,false],"2048x2048":["https:\/\/espacoecologico.com.br\/arquivo\/wp-content\/uploads\/2018\/08\/energia_limpa.jpg",415,265,false],"cream-magazine-thumbnail-2":["https:\/\/espacoecologico.com.br\/arquivo\/wp-content\/uploads\/2018\/08\/energia_limpa.jpg",415,265,false],"cream-magazine-thumbnail-3":["https:\/\/espacoecologico.com.br\/arquivo\/wp-content\/uploads\/2018\/08\/energia_limpa.jpg",415,265,false],"cream-magazine-thumbnail-4":["https:\/\/espacoecologico.com.br\/arquivo\/wp-content\/uploads\/2018\/08\/energia_limpa.jpg",415,265,false]},"uagb_author_info":{"display_name":"","author_link":"https:\/\/espacoecologico.com.br\/arquivo\/author\/"},"uagb_comment_info":0,"uagb_excerpt":"Empreendedores com empresas em opera\u00e7\u00e3o ou em fase de concep\u00e7\u00e3o podem responder o question\u00e1rio at\u00e9","_links":{"self":[{"href":"https:\/\/espacoecologico.com.br\/arquivo\/wp-json\/wp\/v2\/posts\/90782"}],"collection":[{"href":"https:\/\/espacoecologico.com.br\/arquivo\/wp-json\/wp\/v2\/posts"}],"about":[{"href":"https:\/\/espacoecologico.com.br\/arquivo\/wp-json\/wp\/v2\/types\/post"}],"author":[{"embeddable":true,"href":"https:\/\/espacoecologico.com.br\/arquivo\/wp-json\/wp\/v2\/users\/2"}],"replies":[{"embeddable":true,"href":"https:\/\/espacoecologico.com.br\/arquivo\/wp-json\/wp\/v2\/comments?post=90782"}],"version-history":[{"count":0,"href":"https:\/\/espacoecologico.com.br\/arquivo\/wp-json\/wp\/v2\/posts\/90782\/revisions"}],"wp:featuredmedia":[{"embeddable":true,"href":"https:\/\/espacoecologico.com.br\/arquivo\/wp-json\/wp\/v2\/media\/90783"}],"wp:attachment":[{"href":"https:\/\/espacoecologico.com.br\/arquivo\/wp-json\/wp\/v2\/media?parent=90782"}],"wp:term":[{"taxonomy":"category","embeddable":true,"href":"https:\/\/espacoecologico.com.br\/arquivo\/wp-json\/wp\/v2\/categories?post=90782"},{"taxonomy":"post_tag","embeddable":true,"href":"https:\/\/espacoecologico.com.br\/arquivo\/wp-json\/wp\/v2\/tags?post=90782"}],"curies":[{"name":"wp","href":"https:\/\/api.w.org\/{rel}","templated":true}]}}