{"id":90771,"date":"2018-08-24T14:30:36","date_gmt":"2018-08-24T17:30:36","guid":{"rendered":"https:\/\/espacoecologico.com.br\/arquivo\/?p=90771"},"modified":"2018-08-23T20:33:41","modified_gmt":"2018-08-23T23:33:41","slug":"alternativa-etica-couro-ecologico-e-feito-a-partir-de-frutas-descartadas","status":"publish","type":"post","link":"https:\/\/espacoecologico.com.br\/arquivo\/alternativa-etica-couro-ecologico-e-feito-a-partir-de-frutas-descartadas\/","title":{"rendered":"Alternativa \u00e9tica: couro ecol\u00f3gico \u00e9 feito a partir de frutas descartadas"},"content":{"rendered":"<h2 class=\"resumo-conteudo\"><a href=\"https:\/\/espacoecologico.com.br\/arquivo\/wp-content\/uploads\/2018\/08\/bolsa_couro.jpg\"><img loading=\"lazy\" class=\"alignleft size-medium wp-image-90780\" src=\"https:\/\/espacoecologico.com.br\/arquivo\/wp-content\/uploads\/2018\/08\/bolsa_couro-300x192.jpg\" alt=\"\" width=\"300\" height=\"192\" srcset=\"https:\/\/espacoecologico.com.br\/arquivo\/wp-content\/uploads\/2018\/08\/bolsa_couro-300x192.jpg 300w, https:\/\/espacoecologico.com.br\/arquivo\/wp-content\/uploads\/2018\/08\/bolsa_couro.jpg 415w\" sizes=\"(max-width: 300px) 100vw, 300px\" \/><\/a>Al\u00e9m de ser sustent\u00e1vel, o produto \u00e9 tamb\u00e9m uma alternativa \u00e9tica ao couro de origem animal, repleto de crueldade imposta a seres sencientes.<\/h2>\n<p>A empresa\u00a0<a href=\"http:\/\/fruitleather.nl\/home\/project\/\">Fruitleather Rotterdam<\/a>, de propriedade de dois jovens designers, criou um couro ecol\u00f3gico feito a partir de frutas descartadas que pode ser utilizado na produ\u00e7\u00e3o de bolsas, sapatos e at\u00e9 mesmo m\u00f3veis.\u00a0A ideia de criar o produto surgiu quando os dois designers passaram a buscar solu\u00e7\u00f5es para reaproveitar as frutas jogadas no lixo ao final das feiras.<\/p>\n<p><img loading=\"lazy\" class=\"\" src=\"https:\/\/www.anda.jor.br\/wp-content\/uploads\/2018\/08\/26-1.jpg\" width=\"634\" height=\"952\" \/><\/p>\n<p>De acordo com a ONU, cerca de um ter\u00e7o dos alimentos produzidos no mundo \u00e9 desperdi\u00e7ado, o que ocorre em v\u00e1rias etapas: frutas e verduras s\u00e3o descartados por n\u00e3o atenderem aos padr\u00f5es est\u00e9ticos exigidos pelos consumidores; parte dos produtos se perde durante o transporte por amadurecerem demais ou ficarem machucados; outra parte \u00e9 descartada pelos supermercados e h\u00e1 tamb\u00e9m o desperd\u00edcio feito em casa, quando o consumidor joga fora frutas que apodreceram por n\u00e3o terem sido consumidas.<\/p>\n<p>Al\u00e9m de reduzir o desperd\u00edcio de alimentos e, com isso, contribuir para uma moda mais sustent\u00e1vel, o produto \u00e9 tamb\u00e9m uma alternativa \u00e9tica ao couro de origem animal, repleto de crueldade imposta a seres sencientes. As informa\u00e7\u00f5es s\u00e3o do portal Catraca Livre.<\/p>\n<p>Informa\u00e7\u00f5es divulgadas pela\u00a0Fruitleather Rotterdam indicam que 1 bilh\u00e3o de animais sejam explorados e mortos por ano para a obten\u00e7\u00e3o de couro. Al\u00e9m disso, o processo de limpeza do produto emite cerca de 650 mil toneladas de CO2, que contribui para o aquecimento global.<\/p>\n<p><img loading=\"lazy\" class=\"\" src=\"https:\/\/www.anda.jor.br\/wp-content\/uploads\/2018\/08\/24-2.jpg\" width=\"638\" height=\"425\" \/><\/p>\n<div id=\"attachment_723747\" class=\"wp-caption aligncenter\" style=\"width: 651px;\">\n<p>Poltrona Wassily, feita de couro de fruta em colabora\u00e7\u00e3o com o designer Jordi Verbaan (Foto: Reprodu\u00e7\u00e3o\/Facebook Fruitleather Rotterdam)<\/p>\n<\/div>\n<h3><strong>M\u00e9todo de fabrica\u00e7\u00e3o<\/strong><\/h3>\n<p>O primeiro passo para fabricar o couro ecol\u00f3gico \u00e9 retirar as sementes de frutas que as possuem, como mangas e laranjas. Em seguida, as frutas s\u00e3o amassadas e a polpa gerada \u00e9 fervida para elimina\u00e7\u00e3o de bact\u00e9rias e, depois, \u00e9 espalhada sobre uma superf\u00edcie para secar. O resultado \u00e9 uma esp\u00e9cie de \u201clen\u00e7ol\u201d de um material de apar\u00eancia similar ao couro de origem animal, que pode ser facilmente cortado e costurado.<\/p>\n<p>De acordo com os criadores do produto, o processo de produ\u00e7\u00e3o \u00e9 ecologicamente correto, isso porque a mat\u00e9ria-prima \u00e9 obtida em locais como importadores de frutas, que repassam o que seria desperdi\u00e7ado.<\/p>\n<p>&nbsp;<\/p>\n<div id=\"attachment_723748\" class=\"wp-caption aligncenter\" style=\"width: 648px;\">\n<p><img loading=\"lazy\" class=\"\" src=\"https:\/\/www.anda.jor.br\/wp-content\/uploads\/2018\/08\/25-2.jpg\" width=\"638\" height=\"479\" \/>Amostras de couro de fruta \u00e0 venda no site da empresa por 35 euros (cerca de R$ 150) (Foto: Reprodu\u00e7\u00e3o\/Facebook Fruitleather Rotterdam)<\/p>\n<\/div>\n<p>A expectativa dos designers \u00e9 de continuar desenvolvendo um produto forte o suficiente para que seja usado na fabrica\u00e7\u00e3o de acess\u00f3rios, como bolsas e sapatos, e m\u00f3veis.<\/p>\n<p>A\u00a0Fruitleather Rotterdam est\u00e1 localizada dentro da BlueCity, um centro comercial que re\u00fane empreendimentos na \u00e1rea de economia circular, em Rotterdam, na Holanda.<\/p>\n<p><iframe loading=\"lazy\" src=\"https:\/\/www.youtube.com\/embed\/eOiytXuIx9o\" width=\"560\" height=\"315\" frameborder=\"0\" allowfullscreen=\"allowfullscreen\"><\/iframe><\/p>\n","protected":false},"excerpt":{"rendered":"<p>Al\u00e9m de ser sustent\u00e1vel, o produto \u00e9 tamb\u00e9m uma alternativa \u00e9tica ao couro de origem<\/p>\n","protected":false},"author":2,"featured_media":90780,"comment_status":"open","ping_status":"open","sticky":false,"template":"","format":"standard","meta":[],"categories":[],"tags":[],"uagb_featured_image_src":{"full":["https:\/\/espacoecologico.com.br\/arquivo\/wp-content\/uploads\/2018\/08\/bolsa_couro.jpg",415,265,false],"thumbnail":["https:\/\/espacoecologico.com.br\/arquivo\/wp-content\/uploads\/2018\/08\/bolsa_couro-150x150.jpg",150,150,true],"medium":["https:\/\/espacoecologico.com.br\/arquivo\/wp-content\/uploads\/2018\/08\/bolsa_couro-300x192.jpg",300,192,true],"medium_large":["https:\/\/espacoecologico.com.br\/arquivo\/wp-content\/uploads\/2018\/08\/bolsa_couro.jpg",415,265,false],"large":["https:\/\/espacoecologico.com.br\/arquivo\/wp-content\/uploads\/2018\/08\/bolsa_couro.jpg",415,265,false],"1536x1536":["https:\/\/espacoecologico.com.br\/arquivo\/wp-content\/uploads\/2018\/08\/bolsa_couro.jpg",415,265,false],"2048x2048":["https:\/\/espacoecologico.com.br\/arquivo\/wp-content\/uploads\/2018\/08\/bolsa_couro.jpg",415,265,false],"cream-magazine-thumbnail-2":["https:\/\/espacoecologico.com.br\/arquivo\/wp-content\/uploads\/2018\/08\/bolsa_couro.jpg",415,265,false],"cream-magazine-thumbnail-3":["https:\/\/espacoecologico.com.br\/arquivo\/wp-content\/uploads\/2018\/08\/bolsa_couro.jpg",415,265,false],"cream-magazine-thumbnail-4":["https:\/\/espacoecologico.com.br\/arquivo\/wp-content\/uploads\/2018\/08\/bolsa_couro.jpg",415,265,false]},"uagb_author_info":{"display_name":"","author_link":"https:\/\/espacoecologico.com.br\/arquivo\/author\/"},"uagb_comment_info":0,"uagb_excerpt":"Al\u00e9m de ser sustent\u00e1vel, o produto \u00e9 tamb\u00e9m uma alternativa \u00e9tica ao couro de origem","_links":{"self":[{"href":"https:\/\/espacoecologico.com.br\/arquivo\/wp-json\/wp\/v2\/posts\/90771"}],"collection":[{"href":"https:\/\/espacoecologico.com.br\/arquivo\/wp-json\/wp\/v2\/posts"}],"about":[{"href":"https:\/\/espacoecologico.com.br\/arquivo\/wp-json\/wp\/v2\/types\/post"}],"author":[{"embeddable":true,"href":"https:\/\/espacoecologico.com.br\/arquivo\/wp-json\/wp\/v2\/users\/2"}],"replies":[{"embeddable":true,"href":"https:\/\/espacoecologico.com.br\/arquivo\/wp-json\/wp\/v2\/comments?post=90771"}],"version-history":[{"count":0,"href":"https:\/\/espacoecologico.com.br\/arquivo\/wp-json\/wp\/v2\/posts\/90771\/revisions"}],"wp:featuredmedia":[{"embeddable":true,"href":"https:\/\/espacoecologico.com.br\/arquivo\/wp-json\/wp\/v2\/media\/90780"}],"wp:attachment":[{"href":"https:\/\/espacoecologico.com.br\/arquivo\/wp-json\/wp\/v2\/media?parent=90771"}],"wp:term":[{"taxonomy":"category","embeddable":true,"href":"https:\/\/espacoecologico.com.br\/arquivo\/wp-json\/wp\/v2\/categories?post=90771"},{"taxonomy":"post_tag","embeddable":true,"href":"https:\/\/espacoecologico.com.br\/arquivo\/wp-json\/wp\/v2\/tags?post=90771"}],"curies":[{"name":"wp","href":"https:\/\/api.w.org\/{rel}","templated":true}]}}