{"id":90769,"date":"2018-08-24T07:00:07","date_gmt":"2018-08-24T10:00:07","guid":{"rendered":"https:\/\/espacoecologico.com.br\/arquivo\/?p=90769"},"modified":"2018-08-23T20:30:12","modified_gmt":"2018-08-23T23:30:12","slug":"mergulhadores-cercam-e-montam-em-tubarao-baleia-para-tirar-selfies","status":"publish","type":"post","link":"https:\/\/espacoecologico.com.br\/arquivo\/mergulhadores-cercam-e-montam-em-tubarao-baleia-para-tirar-selfies\/","title":{"rendered":"Mergulhadores cercam e montam em tubar\u00e3o-baleia para tirar selfies"},"content":{"rendered":"<h2 class=\"resumo-conteudo\"><a href=\"https:\/\/espacoecologico.com.br\/arquivo\/wp-content\/uploads\/2018\/08\/tubarao.jpg\"><img loading=\"lazy\" class=\"alignleft size-medium wp-image-90778\" src=\"https:\/\/espacoecologico.com.br\/arquivo\/wp-content\/uploads\/2018\/08\/tubarao-300x192.jpg\" alt=\"\" width=\"300\" height=\"192\" srcset=\"https:\/\/espacoecologico.com.br\/arquivo\/wp-content\/uploads\/2018\/08\/tubarao-300x192.jpg 300w, https:\/\/espacoecologico.com.br\/arquivo\/wp-content\/uploads\/2018\/08\/tubarao.jpg 415w\" sizes=\"(max-width: 300px) 100vw, 300px\" \/><\/a>Um grupo de mergulhadores cercaram e seguraram um tubar\u00e3o para tirarem selfies.<\/h2>\n<p>Um grupo de mergulhadores cercaram um tubar\u00e3o-baleia para tirarem uma\u00a0<a href=\"https:\/\/www.anda.jor.br\/2018\/06\/pavao-maltratado-pessoas-selfie\/\">selfie<\/a>. A\u00a0cena lament\u00e1vel foi capturada pela c\u00e2mera no Cenderawasih Bay National Park, na Indon\u00e9sia. Desde ent\u00e3o, se tornou viral, e milhares de pessoas se manifestaram contra o comportamento dos nadadores.<\/p>\n<p>Uma pessoa montou nas costas do tubar\u00e3o enquanto outras duas seguravam suas barbatanas. Outra pessoa agarrou a cauda do animal enquanto ele lutava para nadar e fugir.<\/p>\n<p>O grupo acenou e acenou em dire\u00e7\u00e3o \u00e0 c\u00e2mera, dando o sinal \u201cOK\u201d. Os mergulhadores pareciam estar com uma empresa de turismo.<\/p>\n<p><iframe loading=\"lazy\" src=\"https:\/\/www.facebook.com\/plugins\/video.php?href=https%3A%2F%2Fwww.facebook.com%2Fwayan.segara%2Fvideos%2F10156722736113395%2F&amp;show_text=0&amp;width=560\" width=\"560\" height=\"308\" frameborder=\"0\" scrolling=\"no\" allowfullscreen=\"allowfullscreen\"><\/iframe><\/p>\n<p>Os tubar\u00f5es-baleia est\u00e3o amea\u00e7ados, mas costumam ser assediados por nadadores e velejadores que aproveitam seu tamanho gigante e seu temperamento gentil para ter um encontro \u201cpr\u00f3ximo\u201d com os animais.<\/p>\n<p>Contudo, esses encontros podem ser altamente estressantes para os animais. \u00c9 perigoso tanto para os tubar\u00f5es, quanto para os humanos. Mesmo que o animal tenha fama de ter um temperamento gentil, os humanos ainda podem estressar esses animais e se machucarem por movimentos bruscos deles.<\/p>\n<div id=\"attachment_723623\" class=\"wp-caption aligncenter\">\n<p><img loading=\"lazy\" class=\"wp-image-723623 size-full\" src=\"https:\/\/www.anda.jor.br\/wp-content\/uploads\/2018\/08\/tmg-article_tall-23.jpg\" sizes=\"(max-width: 640px) 100vw, 640px\" srcset=\"https:\/\/www.anda.jor.br\/wp-content\/uploads\/2018\/08\/tmg-article_tall-23.jpg 640w, https:\/\/www.anda.jor.br\/wp-content\/uploads\/2018\/08\/tmg-article_tall-23-300x167.jpg 300w, https:\/\/www.anda.jor.br\/wp-content\/uploads\/2018\/08\/tmg-article_tall-23-250x139.jpg 250w, https:\/\/www.anda.jor.br\/wp-content\/uploads\/2018\/08\/tmg-article_tall-23-100x56.jpg 100w, https:\/\/www.anda.jor.br\/wp-content\/uploads\/2018\/08\/tmg-article_tall-23-188x105.jpg 188w\" alt=\"\" width=\"640\" height=\"356\" \/><\/p>\n<p class=\"wp-caption-text\">Mergulhadores cercam o animal para tentarem tirar uma selfie (Foto: The Dodo)<\/p>\n<\/div>\n<p>Os tubar\u00f5es-baleia tamb\u00e9m devem nadar continuamente com a boca aberta para respirar, e muitos nadadores impedem o movimento dos tubar\u00f5es quando tentam interagir com eles. Neste v\u00eddeo, os mergulhadores mantiveram o animal d\u00f3cil quase im\u00f3vel por pelo menos 22 segundos enquanto ele lutava para escapar de seu alcance.<\/p>\n<p>Como adultos, os tubar\u00f5es-baleia crescem em massa e podem medir at\u00e9 33 p\u00e9s de comprimento. Este provavelmente era apenas um juvenil.<\/p>\n<p>\u201cUltrajante e cruel!\u201d, um coment\u00e1rio dizia na publica\u00e7\u00e3o. \u201cEu nunca testemunhei um comportamento t\u00e3o vergonhoso. Eles devem ser nomeados e envergonhados por sua comunidade local de mergulho\u201d.<\/p>\n<p>Os mergulhadores foram identificados e presos pelo incidente. Ainda n\u00e3o est\u00e1 claro quais penalidades eles podem enfrentar.<\/p>\n<p>Cassandra Tania, oficial de esp\u00e9cies marinhas na\u00a0<a href=\"https:\/\/www.wwf.or.id\/\">WWF Indon\u00e9sia<\/a>, disse ao\u00a0<a href=\"http:\/\/www.thejakartapost.com\/\">Jakarta Post<\/a>\u00a0que a falta de interfer\u00eancia do guia durante o incidente foi muito preocupante:<\/p>\n<p>\u201cOs tubar\u00f5es-baleia tamb\u00e9m s\u00e3o grandes em tamanho, o que poderia ser perigoso se eles colidirem acidentalmente com humanos\u201d, disse ela.<\/p>\n<p>Na maioria das vezes, no entanto, s\u00e3o os humanos que representam um risco muito maior para os animais. Os in\u00fameros casos registrados s\u00f3 reafirmam que a intera\u00e7\u00e3o entre humanos e animais em seu habitat natural \u00e9 muito perigosa, e que os humanos n\u00e3o devem tirar\u00a0<a href=\"https:\/\/www.anda.jor.br\/2018\/05\/o-impacto-e-crueldade-de-selfies-com-animais-selvagens\/\">vantagem<\/a>\u00a0disso.<\/p>\n","protected":false},"excerpt":{"rendered":"<p>Um grupo de mergulhadores cercaram e seguraram um tubar\u00e3o para tirarem selfies. Um grupo de<\/p>\n","protected":false},"author":2,"featured_media":90778,"comment_status":"open","ping_status":"open","sticky":false,"template":"","format":"standard","meta":[],"categories":[],"tags":[],"uagb_featured_image_src":{"full":["https:\/\/espacoecologico.com.br\/arquivo\/wp-content\/uploads\/2018\/08\/tubarao.jpg",415,265,false],"thumbnail":["https:\/\/espacoecologico.com.br\/arquivo\/wp-content\/uploads\/2018\/08\/tubarao-150x150.jpg",150,150,true],"medium":["https:\/\/espacoecologico.com.br\/arquivo\/wp-content\/uploads\/2018\/08\/tubarao-300x192.jpg",300,192,true],"medium_large":["https:\/\/espacoecologico.com.br\/arquivo\/wp-content\/uploads\/2018\/08\/tubarao.jpg",415,265,false],"large":["https:\/\/espacoecologico.com.br\/arquivo\/wp-content\/uploads\/2018\/08\/tubarao.jpg",415,265,false],"1536x1536":["https:\/\/espacoecologico.com.br\/arquivo\/wp-content\/uploads\/2018\/08\/tubarao.jpg",415,265,false],"2048x2048":["https:\/\/espacoecologico.com.br\/arquivo\/wp-content\/uploads\/2018\/08\/tubarao.jpg",415,265,false],"cream-magazine-thumbnail-2":["https:\/\/espacoecologico.com.br\/arquivo\/wp-content\/uploads\/2018\/08\/tubarao.jpg",415,265,false],"cream-magazine-thumbnail-3":["https:\/\/espacoecologico.com.br\/arquivo\/wp-content\/uploads\/2018\/08\/tubarao.jpg",415,265,false],"cream-magazine-thumbnail-4":["https:\/\/espacoecologico.com.br\/arquivo\/wp-content\/uploads\/2018\/08\/tubarao.jpg",415,265,false]},"uagb_author_info":{"display_name":"","author_link":"https:\/\/espacoecologico.com.br\/arquivo\/author\/"},"uagb_comment_info":0,"uagb_excerpt":"Um grupo de mergulhadores cercaram e seguraram um tubar\u00e3o para tirarem selfies. Um grupo de","_links":{"self":[{"href":"https:\/\/espacoecologico.com.br\/arquivo\/wp-json\/wp\/v2\/posts\/90769"}],"collection":[{"href":"https:\/\/espacoecologico.com.br\/arquivo\/wp-json\/wp\/v2\/posts"}],"about":[{"href":"https:\/\/espacoecologico.com.br\/arquivo\/wp-json\/wp\/v2\/types\/post"}],"author":[{"embeddable":true,"href":"https:\/\/espacoecologico.com.br\/arquivo\/wp-json\/wp\/v2\/users\/2"}],"replies":[{"embeddable":true,"href":"https:\/\/espacoecologico.com.br\/arquivo\/wp-json\/wp\/v2\/comments?post=90769"}],"version-history":[{"count":0,"href":"https:\/\/espacoecologico.com.br\/arquivo\/wp-json\/wp\/v2\/posts\/90769\/revisions"}],"wp:featuredmedia":[{"embeddable":true,"href":"https:\/\/espacoecologico.com.br\/arquivo\/wp-json\/wp\/v2\/media\/90778"}],"wp:attachment":[{"href":"https:\/\/espacoecologico.com.br\/arquivo\/wp-json\/wp\/v2\/media?parent=90769"}],"wp:term":[{"taxonomy":"category","embeddable":true,"href":"https:\/\/espacoecologico.com.br\/arquivo\/wp-json\/wp\/v2\/categories?post=90769"},{"taxonomy":"post_tag","embeddable":true,"href":"https:\/\/espacoecologico.com.br\/arquivo\/wp-json\/wp\/v2\/tags?post=90769"}],"curies":[{"name":"wp","href":"https:\/\/api.w.org\/{rel}","templated":true}]}}