{"id":90765,"date":"2018-08-23T14:00:20","date_gmt":"2018-08-23T17:00:20","guid":{"rendered":"https:\/\/espacoecologico.com.br\/arquivo\/?p=90765"},"modified":"2018-08-23T10:38:51","modified_gmt":"2018-08-23T13:38:51","slug":"queimadas-as-margens-de-rodovias-sao-risco-para-animais-silvestres","status":"publish","type":"post","link":"https:\/\/espacoecologico.com.br\/arquivo\/queimadas-as-margens-de-rodovias-sao-risco-para-animais-silvestres\/","title":{"rendered":"Queimadas \u00e0s margens de rodovias s\u00e3o risco para animais silvestres"},"content":{"rendered":"<div class=\"mc-column content-text active-extra-styles active-capital-letter\" data-block-type=\"unstyled\" data-block-weight=\"17\" data-block-id=\"2\">\n<p class=\"content-text__container theme-color-primary-first-letter\" data-track-category=\"Link no Texto\" data-track-links=\"\"><a href=\"https:\/\/espacoecologico.com.br\/arquivo\/wp-content\/uploads\/2018\/08\/queimada.jpg\"><img loading=\"lazy\" class=\"alignleft size-medium wp-image-90766\" src=\"https:\/\/espacoecologico.com.br\/arquivo\/wp-content\/uploads\/2018\/08\/queimada-300x192.jpg\" alt=\"\" width=\"300\" height=\"192\" srcset=\"https:\/\/espacoecologico.com.br\/arquivo\/wp-content\/uploads\/2018\/08\/queimada-300x192.jpg 300w, https:\/\/espacoecologico.com.br\/arquivo\/wp-content\/uploads\/2018\/08\/queimada.jpg 415w\" sizes=\"(max-width: 300px) 100vw, 300px\" \/><\/a>As queimadas perto de rodovias est\u00e3o colocando em risco motoristas e animais, no interior de S\u00e3o Paulo.<\/p>\n<\/div>\n<div class=\"wall\">\n<div class=\"mc-column content-text active-extra-styles \" data-block-type=\"unstyled\" data-block-weight=\"40\" data-block-id=\"3\">\n<p class=\"content-text__container \" data-track-category=\"Link no Texto\" data-track-links=\"\">Cenas que est\u00e3o comuns nos \u00faltimos meses. De janeiro a julho, o n\u00famero de queimadas \u00e0s margens das rodovias que cortam o interior de S\u00e3o Paulo aumentou 61% em compara\u00e7\u00e3o com 2017. S\u00f3 no Sistema Anhanguera-Bandeirantes foram quase 1.500 focos.<\/p>\n<\/div>\n<div class=\"mc-column content-text active-extra-styles \" data-block-type=\"unstyled\" data-block-weight=\"13\" data-block-id=\"4\">\n<p class=\"content-text__container \" data-track-category=\"Link no Texto\" data-track-links=\"\">A fuma\u00e7a encobrindo a pista aumenta os riscos para quem passa por ali.<\/p>\n<\/div>\n<div class=\"mc-column content-text active-extra-styles \" data-block-type=\"unstyled\" data-block-weight=\"41\" data-block-id=\"5\">\n<p class=\"content-text__container \" data-track-category=\"Link no Texto\" data-track-links=\"\">\u201cCaco de vidro, um espelho com a incid\u00eancia do sol pode causar inc\u00eandio na rodovia. A gente tem os moradores que, \u00e0s vezes para fazer uma limpeza do terreno, colocam fogo no terreno\u201d, explica Fabiano Adami, gestor de tr\u00e1fego da Autoban.<\/p>\n<\/div>\n<div class=\"mc-column content-text active-extra-styles \" data-block-type=\"unstyled\" data-block-weight=\"53\" data-block-id=\"6\">\n<p class=\"content-text__container \" data-track-category=\"Link no Texto\" data-track-links=\"\">Essa falta de consci\u00eancia resulta em situa\u00e7\u00f5es como uma queimada na rodovia Dom Pedro. E os motoristas n\u00e3o s\u00e3o os \u00fanicos prejudicados. Com o tempo, a vegeta\u00e7\u00e3o se recupera, mas o mesmo nem sempre acontece com a fauna. A quantidade de animais silvestres resgatados e levados para tratamento aumenta na propor\u00e7\u00e3o das queimadas.<\/p>\n<\/div>\n<div class=\"mc-column content-text active-extra-styles \" data-block-type=\"unstyled\" data-block-weight=\"37\" data-block-id=\"7\">\n<p class=\"content-text__container \" data-track-category=\"Link no Texto\" data-track-links=\"\">A Associa\u00e7\u00e3o Mata Ciliar \u00e9 uma ONG que recebe animais machucados. Desde junho, com o aumento da seca, tem chegado pelo menos um bicho por dia por causa das queimadas; 36% a mais do que em 2017.<\/p>\n<\/div>\n<div class=\"mc-column content-text active-extra-styles \" data-block-type=\"unstyled\" data-block-weight=\"28\" data-block-id=\"8\">\n<p class=\"content-text__container \" data-track-category=\"Link no Texto\" data-track-links=\"\">A m\u00e3e de um tamandu\u00e1 mirim, esp\u00e9cie amea\u00e7ada, morreu atropelada quando fugia do fogo. Um jaboti est\u00e1 internado h\u00e1 quase um m\u00eas depois de ter inalado muita fuma\u00e7a.<\/p>\n<\/div>\n<div class=\"mc-column content-text active-extra-styles \" data-block-type=\"unstyled\" data-block-weight=\"35\" data-block-id=\"9\">\n<p class=\"content-text__container \" data-track-category=\"Link no Texto\" data-track-links=\"\">\u201cEle chegou para n\u00f3s com bastante dificuldade respirat\u00f3ria, e ele est\u00e1 bem malzinho, ent\u00e3o, a gente est\u00e1 fazendo diariamente inala\u00e7\u00e3o, antibi\u00f3ticos, vitaminas, para ver se ele se recupera mais r\u00e1pido\u201d, conta a veterin\u00e1ria Jessica Paulino.<\/p>\n<\/div>\n<div class=\"mc-column content-text active-extra-styles \" data-block-type=\"unstyled\" data-block-weight=\"31\" data-block-id=\"10\">\n<p class=\"content-text__container \" data-track-category=\"Link no Texto\" data-track-links=\"\">Um lobo guar\u00e1 chegou ainda filhote, todo queimado. Um ano depois est\u00e1 pronto para voltar a natureza. Mas ele \u00e9 uma exce\u00e7\u00e3o, a maioria dos animais atingidos pelo fogo acaba morrendo.<\/p>\n<\/div>\n<\/div>\n<div data-track-category=\"fim do conteudo\" data-track-action=\"ultimo chunk conteudo\" data-track-noninteraction=\"false\" data-track-scroll=\"entrada completa viewport\">\n<div class=\"mc-column content-text active-extra-styles \" data-block-type=\"unstyled\" data-block-weight=\"29\" data-block-id=\"11\">\n<p class=\"content-text__container \" data-track-category=\"Link no Texto\" data-track-links=\"\">\u201cN\u00f3s precisamos punir aqueles que queimam, aqueles que colocam fogo. Infelizmente, \u00e9 isso, e quem sai perdendo \u00e9 a nossa biodiversidade\u201d, afirma a coordenadora da ONG, Cristina Harumi Adania.<\/p>\n<\/div>\n<\/div>\n","protected":false},"excerpt":{"rendered":"<p>As queimadas perto de rodovias est\u00e3o colocando em risco motoristas e animais, no interior de<\/p>\n","protected":false},"author":2,"featured_media":90766,"comment_status":"open","ping_status":"open","sticky":false,"template":"","format":"standard","meta":[],"categories":[],"tags":[],"uagb_featured_image_src":{"full":["https:\/\/espacoecologico.com.br\/arquivo\/wp-content\/uploads\/2018\/08\/queimada.jpg",415,265,false],"thumbnail":["https:\/\/espacoecologico.com.br\/arquivo\/wp-content\/uploads\/2018\/08\/queimada-150x150.jpg",150,150,true],"medium":["https:\/\/espacoecologico.com.br\/arquivo\/wp-content\/uploads\/2018\/08\/queimada-300x192.jpg",300,192,true],"medium_large":["https:\/\/espacoecologico.com.br\/arquivo\/wp-content\/uploads\/2018\/08\/queimada.jpg",415,265,false],"large":["https:\/\/espacoecologico.com.br\/arquivo\/wp-content\/uploads\/2018\/08\/queimada.jpg",415,265,false],"1536x1536":["https:\/\/espacoecologico.com.br\/arquivo\/wp-content\/uploads\/2018\/08\/queimada.jpg",415,265,false],"2048x2048":["https:\/\/espacoecologico.com.br\/arquivo\/wp-content\/uploads\/2018\/08\/queimada.jpg",415,265,false],"cream-magazine-thumbnail-2":["https:\/\/espacoecologico.com.br\/arquivo\/wp-content\/uploads\/2018\/08\/queimada.jpg",415,265,false],"cream-magazine-thumbnail-3":["https:\/\/espacoecologico.com.br\/arquivo\/wp-content\/uploads\/2018\/08\/queimada.jpg",415,265,false],"cream-magazine-thumbnail-4":["https:\/\/espacoecologico.com.br\/arquivo\/wp-content\/uploads\/2018\/08\/queimada.jpg",415,265,false]},"uagb_author_info":{"display_name":"","author_link":"https:\/\/espacoecologico.com.br\/arquivo\/author\/"},"uagb_comment_info":0,"uagb_excerpt":"As queimadas perto de rodovias est\u00e3o colocando em risco motoristas e animais, no interior de","_links":{"self":[{"href":"https:\/\/espacoecologico.com.br\/arquivo\/wp-json\/wp\/v2\/posts\/90765"}],"collection":[{"href":"https:\/\/espacoecologico.com.br\/arquivo\/wp-json\/wp\/v2\/posts"}],"about":[{"href":"https:\/\/espacoecologico.com.br\/arquivo\/wp-json\/wp\/v2\/types\/post"}],"author":[{"embeddable":true,"href":"https:\/\/espacoecologico.com.br\/arquivo\/wp-json\/wp\/v2\/users\/2"}],"replies":[{"embeddable":true,"href":"https:\/\/espacoecologico.com.br\/arquivo\/wp-json\/wp\/v2\/comments?post=90765"}],"version-history":[{"count":0,"href":"https:\/\/espacoecologico.com.br\/arquivo\/wp-json\/wp\/v2\/posts\/90765\/revisions"}],"wp:featuredmedia":[{"embeddable":true,"href":"https:\/\/espacoecologico.com.br\/arquivo\/wp-json\/wp\/v2\/media\/90766"}],"wp:attachment":[{"href":"https:\/\/espacoecologico.com.br\/arquivo\/wp-json\/wp\/v2\/media?parent=90765"}],"wp:term":[{"taxonomy":"category","embeddable":true,"href":"https:\/\/espacoecologico.com.br\/arquivo\/wp-json\/wp\/v2\/categories?post=90765"},{"taxonomy":"post_tag","embeddable":true,"href":"https:\/\/espacoecologico.com.br\/arquivo\/wp-json\/wp\/v2\/tags?post=90765"}],"curies":[{"name":"wp","href":"https:\/\/api.w.org\/{rel}","templated":true}]}}