{"id":90757,"date":"2018-08-23T13:30:56","date_gmt":"2018-08-23T16:30:56","guid":{"rendered":"https:\/\/espacoecologico.com.br\/arquivo\/?p=90757"},"modified":"2018-08-23T10:21:47","modified_gmt":"2018-08-23T13:21:47","slug":"mundo-desperdicara-66-toneladas-de-alimentos-por-segundo-afirma-estudo","status":"publish","type":"post","link":"https:\/\/espacoecologico.com.br\/arquivo\/mundo-desperdicara-66-toneladas-de-alimentos-por-segundo-afirma-estudo\/","title":{"rendered":"Mundo desperdi\u00e7ar\u00e1 66 toneladas de alimentos por segundo, afirma estudo"},"content":{"rendered":"<p><a href=\"https:\/\/espacoecologico.com.br\/arquivo\/wp-content\/uploads\/2018\/08\/desperdicio.jpg\"><img loading=\"lazy\" class=\"alignleft size-medium wp-image-90758\" src=\"https:\/\/espacoecologico.com.br\/arquivo\/wp-content\/uploads\/2018\/08\/desperdicio-300x192.jpg\" alt=\"\" width=\"300\" height=\"192\" srcset=\"https:\/\/espacoecologico.com.br\/arquivo\/wp-content\/uploads\/2018\/08\/desperdicio-300x192.jpg 300w, https:\/\/espacoecologico.com.br\/arquivo\/wp-content\/uploads\/2018\/08\/desperdicio.jpg 415w\" sizes=\"(max-width: 300px) 100vw, 300px\" \/><\/a>A estimativa atual da ONU \u00e9 de um ter\u00e7o dos alimentos produzidos no mundo s\u00e3o desperdi\u00e7ados. Esta taxa alarmante pode piorar, segundo um novo estudo divulgado no relat\u00f3rio do Boston Consulting Group (BCG) -, uma empresa dos Estados Unidos de consultoria empresarial. Podemos chegar a perda de 2,1 bilh\u00f5es de toneladas, equivalente a 66 toneladas por segundo, caso medidas n\u00e3o sejam tomadas at\u00e9 2030.<\/p>\n<p>Desperd\u00edcio em cada canto<\/p>\n<p>Ricos, pobres: todos desperdi\u00e7am. Por\u00e9m, o relat\u00f3rio aponta diferen\u00e7as no tipo de desperd\u00edcio praticado entre os pa\u00edses. Nos pa\u00edses em desenvolvimento o desperd\u00edcio ocorre durante os processos de produ\u00e7\u00e3o, j\u00e1 nos pa\u00edses ricos o desperd\u00edcio acontece, principalmente, pelos varejistas e consumidores. Neste \u00faltimo caso, os alimentos s\u00e3o jogados fora quando n\u00e3o atendem a padr\u00f5es est\u00e9ticos (a chamada \u201cfruta feia\u201d) ou pelo \u201csimples\u201d motivo do consumidor ter comprado al\u00e9m do que precisava.<\/p>\n<p>O documento prev\u00ea que o desperd\u00edcio tende a aumentar sobretudo nos pa\u00edses em desenvolvimento. Neste quesito, um grande aumento ser\u00e1 visto na regi\u00e3o da \u00c1sia. E a resposta at\u00e9 ent\u00e3o para este grande problema \u201c\u00e9 fragmentada e inadequada\u201d, diz o relat\u00f3rio, e enquanto a situa\u00e7\u00e3o piora em um ritmo muito r\u00e1pido.<\/p>\n<p>Qual a solu\u00e7\u00e3o?<\/p>\n<p>Apesar de n\u00e3o apresentar solu\u00e7\u00f5es definitivas para resolver o problema. O relat\u00f3rio aponta alguns caminhos que podem ser tra\u00e7ados, entre eles mudan\u00e7as na regulamenta\u00e7\u00e3o governamental (que hoje n\u00e3o incentiva a redu\u00e7\u00e3o de res\u00edduos), maior protagonismo por parte das empresas (que devem investir em tecnologias para melhor adequa\u00e7\u00e3o entre oferta e demanda) e a cria\u00e7\u00e3o de um r\u00f3tulo ecol\u00f3gico. Sobre este \u00faltimo item, o relat\u00f3rio explica que deveria ser criado algo semelhante \u00e0s campanhas de com\u00e9rcio justo para incentivar os clientes a comprarem de empresas comprometidas com a redu\u00e7\u00e3o do desperd\u00edcio.<\/p>\n<p>Situa\u00e7\u00e3o no Brasil<\/p>\n<p>Recente a Associa\u00e7\u00e3o Brasileira de Supermercados (Abras), na capital paulista, divulgou um levantamento onde afirma que os supermercados brasileiros desperdi\u00e7aram, em 2017, o equivalente a R$ 3,9 bilh\u00f5es de alimentos. E pasmem: o n\u00famero representa uma queda em rela\u00e7\u00e3o a 2016. Por aqui, a maior parte das perdas ocorre no processo de manuseio e transporte dos alimentos.<\/p>\n","protected":false},"excerpt":{"rendered":"<p>A estimativa atual da ONU \u00e9 de um ter\u00e7o dos alimentos produzidos no mundo s\u00e3o<\/p>\n","protected":false},"author":2,"featured_media":90758,"comment_status":"open","ping_status":"open","sticky":false,"template":"","format":"standard","meta":[],"categories":[],"tags":[],"uagb_featured_image_src":{"full":["https:\/\/espacoecologico.com.br\/arquivo\/wp-content\/uploads\/2018\/08\/desperdicio.jpg",415,265,false],"thumbnail":["https:\/\/espacoecologico.com.br\/arquivo\/wp-content\/uploads\/2018\/08\/desperdicio-150x150.jpg",150,150,true],"medium":["https:\/\/espacoecologico.com.br\/arquivo\/wp-content\/uploads\/2018\/08\/desperdicio-300x192.jpg",300,192,true],"medium_large":["https:\/\/espacoecologico.com.br\/arquivo\/wp-content\/uploads\/2018\/08\/desperdicio.jpg",415,265,false],"large":["https:\/\/espacoecologico.com.br\/arquivo\/wp-content\/uploads\/2018\/08\/desperdicio.jpg",415,265,false],"1536x1536":["https:\/\/espacoecologico.com.br\/arquivo\/wp-content\/uploads\/2018\/08\/desperdicio.jpg",415,265,false],"2048x2048":["https:\/\/espacoecologico.com.br\/arquivo\/wp-content\/uploads\/2018\/08\/desperdicio.jpg",415,265,false],"cream-magazine-thumbnail-2":["https:\/\/espacoecologico.com.br\/arquivo\/wp-content\/uploads\/2018\/08\/desperdicio.jpg",415,265,false],"cream-magazine-thumbnail-3":["https:\/\/espacoecologico.com.br\/arquivo\/wp-content\/uploads\/2018\/08\/desperdicio.jpg",415,265,false],"cream-magazine-thumbnail-4":["https:\/\/espacoecologico.com.br\/arquivo\/wp-content\/uploads\/2018\/08\/desperdicio.jpg",415,265,false]},"uagb_author_info":{"display_name":"","author_link":"https:\/\/espacoecologico.com.br\/arquivo\/author\/"},"uagb_comment_info":0,"uagb_excerpt":"A estimativa atual da ONU \u00e9 de um ter\u00e7o dos alimentos produzidos no mundo s\u00e3o","_links":{"self":[{"href":"https:\/\/espacoecologico.com.br\/arquivo\/wp-json\/wp\/v2\/posts\/90757"}],"collection":[{"href":"https:\/\/espacoecologico.com.br\/arquivo\/wp-json\/wp\/v2\/posts"}],"about":[{"href":"https:\/\/espacoecologico.com.br\/arquivo\/wp-json\/wp\/v2\/types\/post"}],"author":[{"embeddable":true,"href":"https:\/\/espacoecologico.com.br\/arquivo\/wp-json\/wp\/v2\/users\/2"}],"replies":[{"embeddable":true,"href":"https:\/\/espacoecologico.com.br\/arquivo\/wp-json\/wp\/v2\/comments?post=90757"}],"version-history":[{"count":0,"href":"https:\/\/espacoecologico.com.br\/arquivo\/wp-json\/wp\/v2\/posts\/90757\/revisions"}],"wp:featuredmedia":[{"embeddable":true,"href":"https:\/\/espacoecologico.com.br\/arquivo\/wp-json\/wp\/v2\/media\/90758"}],"wp:attachment":[{"href":"https:\/\/espacoecologico.com.br\/arquivo\/wp-json\/wp\/v2\/media?parent=90757"}],"wp:term":[{"taxonomy":"category","embeddable":true,"href":"https:\/\/espacoecologico.com.br\/arquivo\/wp-json\/wp\/v2\/categories?post=90757"},{"taxonomy":"post_tag","embeddable":true,"href":"https:\/\/espacoecologico.com.br\/arquivo\/wp-json\/wp\/v2\/tags?post=90757"}],"curies":[{"name":"wp","href":"https:\/\/api.w.org\/{rel}","templated":true}]}}