{"id":90728,"date":"2018-08-23T09:26:28","date_gmt":"2018-08-23T12:26:28","guid":{"rendered":"https:\/\/espacoecologico.com.br\/arquivo\/?p=90728"},"modified":"2018-08-23T09:26:28","modified_gmt":"2018-08-23T12:26:28","slug":"pesquisa-identifica-como-celulas-reparam-dna-de-radiacao-ultravioleta","status":"publish","type":"post","link":"https:\/\/espacoecologico.com.br\/arquivo\/pesquisa-identifica-como-celulas-reparam-dna-de-radiacao-ultravioleta\/","title":{"rendered":"Pesquisa identifica como c\u00e9lulas reparam DNA de radia\u00e7\u00e3o ultravioleta"},"content":{"rendered":"<p><a href=\"https:\/\/espacoecologico.com.br\/arquivo\/wp-content\/uploads\/2018\/08\/pesquisa-1.jpg\"><img loading=\"lazy\" class=\"alignleft size-medium wp-image-90731\" src=\"https:\/\/espacoecologico.com.br\/arquivo\/wp-content\/uploads\/2018\/08\/pesquisa-1-300x192.jpg\" alt=\"\" width=\"300\" height=\"192\" srcset=\"https:\/\/espacoecologico.com.br\/arquivo\/wp-content\/uploads\/2018\/08\/pesquisa-1-300x192.jpg 300w, https:\/\/espacoecologico.com.br\/arquivo\/wp-content\/uploads\/2018\/08\/pesquisa-1.jpg 415w\" sizes=\"(max-width: 300px) 100vw, 300px\" \/><\/a>Uma equipe internacional de pesquisadores identificou o mecanismo que faz as c\u00e9lulas repararem o\u00a0<strong><a href=\"https:\/\/exame.abril.com.br\/noticias-sobre\/dna\/\">DNA<\/a><\/strong>, ap\u00f3s les\u00f5es produzidas pela radia\u00e7\u00e3o ultravioleta da luz solar, conforme texto publicado na revista \u201cPNAS\u201d.<\/p>\n<p>A descoberta \u201cabre caminho\u201d para compreender a resist\u00eancia das c\u00e9lulas \u00e0 luz ultravioleta, com poss\u00edveis aplica\u00e7\u00f5es no campo da biomedicina.<\/p>\n<p>Os danos no DNA bloqueiam uma enzima, e este mecanismo \u201cdispara a repara\u00e7\u00e3o da les\u00e3o, que \u00e9 feita por outras prote\u00ednas\u201d, indica o comunicado do Centro Superior de Pesquisas Cient\u00edficas da Espanha (CSIC), que liderou o estudo.<\/p>\n<p>\u201cAs ARNs-polimerases identificam estas les\u00f5es e ativam a repara\u00e7\u00e3o\u201d, explicou a perquisadora Marta Sanz-Murillo.<\/p>\n<p>A especialista apontou que a ARN-polimerase I \u00e9 a \u201cmais ativa nas c\u00e9lulas de crescimento, por isso, sua capacidade de identificar les\u00f5es influi na sobreviv\u00eancia, ap\u00f3s dano causado por radia\u00e7\u00e3o ultravioleta\u201d.<\/p>\n<p>Os cientistas conseguiram localizar o mecanismo em que a enzima fica bloqueada, ao se aproximar da les\u00e3o.<\/p>\n<p>Os estragos, causados pela luz ultravioleta, conhecidos como d\u00edmeros de timina, est\u00e3o entre os danos mais comuns no DNA das c\u00e9lulas, segundo explicou Sanz-Murillo.<\/p>\n<p>O trabalho foi desenvolvido atrav\u00e9s da combina\u00e7\u00e3o de criomicroscopia eletr\u00f4nica \u201cde \u00faltima gera\u00e7\u00e3o\u201d, com estudos de atividade enzim\u00e1tica in vitro, afirmou o coordenador da pesquisa, Carlos Fern\u00e1ndez Tornero.<\/p>\n<p>\u201cAl\u00e9m disso, atrav\u00e9s de um estudo mutacional, identificamos um amino\u00e1cido, dentro dos mais de 5.500 que comp\u00f5em essa complexa enzima, que contribui de forma essencial para a detec\u00e7\u00e3o dos d\u00edmeros de timina\u201d, explicou o cientista.<\/p>\n","protected":false},"excerpt":{"rendered":"<p>Uma equipe internacional de pesquisadores identificou o mecanismo que faz as c\u00e9lulas repararem o\u00a0DNA, ap\u00f3s<\/p>\n","protected":false},"author":2,"featured_media":90731,"comment_status":"open","ping_status":"open","sticky":false,"template":"","format":"standard","meta":[],"categories":[],"tags":[],"uagb_featured_image_src":{"full":["https:\/\/espacoecologico.com.br\/arquivo\/wp-content\/uploads\/2018\/08\/pesquisa-1.jpg",415,265,false],"thumbnail":["https:\/\/espacoecologico.com.br\/arquivo\/wp-content\/uploads\/2018\/08\/pesquisa-1-150x150.jpg",150,150,true],"medium":["https:\/\/espacoecologico.com.br\/arquivo\/wp-content\/uploads\/2018\/08\/pesquisa-1-300x192.jpg",300,192,true],"medium_large":["https:\/\/espacoecologico.com.br\/arquivo\/wp-content\/uploads\/2018\/08\/pesquisa-1.jpg",415,265,false],"large":["https:\/\/espacoecologico.com.br\/arquivo\/wp-content\/uploads\/2018\/08\/pesquisa-1.jpg",415,265,false],"1536x1536":["https:\/\/espacoecologico.com.br\/arquivo\/wp-content\/uploads\/2018\/08\/pesquisa-1.jpg",415,265,false],"2048x2048":["https:\/\/espacoecologico.com.br\/arquivo\/wp-content\/uploads\/2018\/08\/pesquisa-1.jpg",415,265,false],"cream-magazine-thumbnail-2":["https:\/\/espacoecologico.com.br\/arquivo\/wp-content\/uploads\/2018\/08\/pesquisa-1.jpg",415,265,false],"cream-magazine-thumbnail-3":["https:\/\/espacoecologico.com.br\/arquivo\/wp-content\/uploads\/2018\/08\/pesquisa-1.jpg",415,265,false],"cream-magazine-thumbnail-4":["https:\/\/espacoecologico.com.br\/arquivo\/wp-content\/uploads\/2018\/08\/pesquisa-1.jpg",415,265,false]},"uagb_author_info":{"display_name":"","author_link":"https:\/\/espacoecologico.com.br\/arquivo\/author\/"},"uagb_comment_info":0,"uagb_excerpt":"Uma equipe internacional de pesquisadores identificou o mecanismo que faz as c\u00e9lulas repararem o\u00a0DNA, ap\u00f3s","_links":{"self":[{"href":"https:\/\/espacoecologico.com.br\/arquivo\/wp-json\/wp\/v2\/posts\/90728"}],"collection":[{"href":"https:\/\/espacoecologico.com.br\/arquivo\/wp-json\/wp\/v2\/posts"}],"about":[{"href":"https:\/\/espacoecologico.com.br\/arquivo\/wp-json\/wp\/v2\/types\/post"}],"author":[{"embeddable":true,"href":"https:\/\/espacoecologico.com.br\/arquivo\/wp-json\/wp\/v2\/users\/2"}],"replies":[{"embeddable":true,"href":"https:\/\/espacoecologico.com.br\/arquivo\/wp-json\/wp\/v2\/comments?post=90728"}],"version-history":[{"count":0,"href":"https:\/\/espacoecologico.com.br\/arquivo\/wp-json\/wp\/v2\/posts\/90728\/revisions"}],"wp:featuredmedia":[{"embeddable":true,"href":"https:\/\/espacoecologico.com.br\/arquivo\/wp-json\/wp\/v2\/media\/90731"}],"wp:attachment":[{"href":"https:\/\/espacoecologico.com.br\/arquivo\/wp-json\/wp\/v2\/media?parent=90728"}],"wp:term":[{"taxonomy":"category","embeddable":true,"href":"https:\/\/espacoecologico.com.br\/arquivo\/wp-json\/wp\/v2\/categories?post=90728"},{"taxonomy":"post_tag","embeddable":true,"href":"https:\/\/espacoecologico.com.br\/arquivo\/wp-json\/wp\/v2\/tags?post=90728"}],"curies":[{"name":"wp","href":"https:\/\/api.w.org\/{rel}","templated":true}]}}