{"id":90720,"date":"2018-08-23T08:59:48","date_gmt":"2018-08-23T11:59:48","guid":{"rendered":"https:\/\/espacoecologico.com.br\/arquivo\/?p=90720"},"modified":"2018-08-23T08:59:48","modified_gmt":"2018-08-23T11:59:48","slug":"criancas-e-gestantes-estao-comendo-quimica-e-isso-e-mais-perigoso-do-que-se-imagina","status":"publish","type":"post","link":"https:\/\/espacoecologico.com.br\/arquivo\/criancas-e-gestantes-estao-comendo-quimica-e-isso-e-mais-perigoso-do-que-se-imagina\/","title":{"rendered":"Crian\u00e7as e gestantes est\u00e3o comendo qu\u00edmica &#8211; e isso \u00e9 mais perigoso do que se imagina"},"content":{"rendered":"<p><a href=\"https:\/\/espacoecologico.com.br\/arquivo\/wp-content\/uploads\/2018\/08\/aditivos_quimicos.jpg\"><img loading=\"lazy\" class=\"alignleft size-medium wp-image-90721\" src=\"https:\/\/espacoecologico.com.br\/arquivo\/wp-content\/uploads\/2018\/08\/aditivos_quimicos-300x192.jpg\" alt=\"\" width=\"300\" height=\"192\" srcset=\"https:\/\/espacoecologico.com.br\/arquivo\/wp-content\/uploads\/2018\/08\/aditivos_quimicos-300x192.jpg 300w, https:\/\/espacoecologico.com.br\/arquivo\/wp-content\/uploads\/2018\/08\/aditivos_quimicos.jpg 415w\" sizes=\"(max-width: 300px) 100vw, 300px\" \/><\/a>Um grupo de pediatras norte-americanos divulgou no \u00faltimo m\u00eas uma declara\u00e7\u00e3o acompanhada de um relat\u00f3rio t\u00e9cnico alertando para o perigo da contamina\u00e7\u00e3o por qu\u00edmicos liberados em pl\u00e1sticos usados na\u00a0<a href=\"https:\/\/revistacrescer.globo.com\/Voce-precisa-saber\/noticia\/2018\/06\/quantas-bacterias-vivem-no-pano-de-prato-da-sua-cozinha.html\">cozinha<\/a>, nas embalagens de alimentos e por aditivos usados pela ind\u00fastria na produ\u00e7\u00e3o de\u00a0<a href=\"http:\/\/revistacrescer.globo.com\/Bebes\/Alimentacao\/noticia\/2018\/04\/usar-comida-para-acalmar-seu-filho-pode-levar-obesidade-quando-ele-mais-velho.html\">alimentos<\/a>\u00a0ultraprocessados.<\/p>\n<div id=\"pub-in-text\" data-google-query-id=\"CL2u5IOPg90CFU8xaQodBusMqQ\"><\/div>\n<p>Para o grupo, que inclui a Academia Americana de Pediatria, \u00e9 urgente alertar \u00e0s fam\u00edlias e\u00a0<a href=\"https:\/\/revistacrescer.globo.com\/Gravidez\/Vida-de-gravida\/noticia\/2015\/05\/como-escolher-maternidade-para-ter-o-bebe.html\">gestantes<\/a>, para que se protejam com medidas pr\u00e1ticas, e tamb\u00e9m ao governo dos Estados Unidos, para que haja mais rigor na fiscaliza\u00e7\u00e3o e regula\u00e7\u00e3o da lista de ingredientes e aditivos atualmente permitidos.<\/p>\n<p>\u201cEvid\u00eancias cient\u00edficas crescentes sugerem potenciais efeitos adversos sobre a sa\u00fade das crian\u00e7as a partir de produtos qu\u00edmicos sint\u00e9ticos usados como aditivos alimentares. A preocupa\u00e7\u00e3o com esses aditivos aumentou nas \u00faltimas duas d\u00e9cadas, em parte devido a estudos que documentam cada vez mais a disrup\u00e7\u00e3o end\u00f3crina [<em>desordem no funcionamento normal dos horm\u00f4nios<\/em>]\u201d, diz o texto do relat\u00f3rio t\u00e9cnico.<\/p>\n<p>\u201cOs horm\u00f4nios s\u00e3o sinalizadores do corpo. Os disruptores end\u00f3crinos s\u00e3o componentes que passam mensagens para o corpo e alteram o eixo end\u00f3crino normal &#8211; ou seja, alteram a fun\u00e7\u00e3o dos horm\u00f4nios e podem levar a\u00a0<a href=\"https:\/\/revistacrescer.globo.com\/Criancas\/Saude\/noticia\/2018\/03\/obesidade-infantil-aumenta-entre-criancas-americanas.html\">obesidade<\/a>, diabetes e at\u00e9 c\u00e2ncer\u201d,\u00a0 explica a nutricionista Lenycia Neri, do Ambulat\u00f3rio do Instituto da Crian\u00e7a, do Hospital das Cl\u00ednicas. Ela ainda esclarece que a dose segura desses aditivos \u00e9 medida segundo a quantidade de quilo de peso corporal. Por\u00e9m, enquanto um indiv\u00edduo adulto tem 60 ou 70 quilos, um\u00a0<a href=\"https:\/\/revistacrescer.globo.com\/Crescer-20-anos\/noticia\/2013\/11\/os-cinco-sentidos-do-feto.html\">feto<\/a>, bem menor, atinge a dosagem t\u00f3xica muito rapidamente. \u201cNo mais, seu sistema neuro-end\u00f3crino est\u00e1 em forma\u00e7\u00e3o e qualquer disruptor pode trazer consequ\u00eancias para a vida inteira\u201d, completa.<\/p>\n<div class=\"componente_materia\">\n<div class=\"intertitulo\"><strong>Para colocar em pr\u00e1tica j\u00e1<\/strong><\/div>\n<\/div>\n<p>Corantes, aromatizantes, conservantes (como nitrato e nitrito, presentes em carnes), adesivos, corantes, revestimentos, papel, papel\u00e3o, pl\u00e1stico e outros pol\u00edmeros que podem contaminar os alimentos como parte da embalagem ou de equipamentos usados na fabrica\u00e7\u00e3o est\u00e3o na mira do grupo, que destaca os bisfen\u00f3is (utilizados no revestimento de latas met\u00e1licas para evitar a corros\u00e3o), ftalatos (usados em adesivos, lubrificantes e plastificantes durante o processo de fabrica\u00e7\u00e3o), pesticidas n\u00e3o persistentes, perfluoroalquila (PFCs; usados em embalagens de papel imperme\u00e1vel) e perclorato (agente antiest\u00e1tico usado para embalagens pl\u00e1sticas em contato com alimentos secos com superf\u00edcies que n\u00e3o contenham gordura ou \u00f3leo e tamb\u00e9m presente como produto de degrada\u00e7\u00e3o da \u00e1gua sanit\u00e1ria usada para limpar equipamentos de fabrica\u00e7\u00e3o de alimentos).<\/p>\n<p>\u201cO<a href=\"https:\/\/revistacrescer.globo.com\/Voce-precisa-saber\/noticia\/2014\/11\/como-reduzir-o-contato-com-o-bisfenol-no-dia-dia.html\">\u00a0bisfenol A, tamb\u00e9m conhecido pela sigla BPA<\/a>, ajuda a tornar o pl\u00e1stico mais firme. Tamb\u00e9m \u00e9 usado no interior de latas, para evitar que enferrujem\u201d, diz o pediatra Ary Cardoso, chefe da Unidade de Nutrologia do Instituto da Crian\u00e7a do Hospital das Cl\u00ednicas (SP). \u201cFoi comprovado que ele passa pela\u00a0<a href=\"https:\/\/revistacrescer.globo.com\/Gravidez\/Pos-parto\/noticia\/2016\/08\/o-que-fazer-com-placenta-depois-o-parto.html\">placenta<\/a>. N\u00e3o se sabe o quanto, mas ele interfere no sistema end\u00f3crino e pode provocar altera\u00e7\u00e3o de tireoide, de f\u00edgado, de peso e de reprodu\u00e7\u00e3o\u201d, explica.<\/p>\n<div class=\"foto componente_materia midia-largura-620\"><img loading=\"lazy\" title=\"Fam\u00edlia reunida na mesa na hora do almo\u00e7o (Foto: Shutterstock)\" src=\"https:\/\/s2.glbimg.com\/fHgOGlGyj18TTwBDdYDbVskeGmQ=\/620x520\/e.glbimg.com\/og\/ed\/f\/original\/2013\/02\/27\/shutterstock_46451110.jpg\" alt=\"Fam\u00edlia reunida na mesa na hora do almo\u00e7o (Foto: Shutterstock)\" width=\"620\" height=\"520\" \/><label class=\"foto-legenda\">Fam\u00edlia reunida na mesa na hora do almo\u00e7o (Foto: Shutterstock)<\/label><\/div>\n<p>O relat\u00f3rio lista sete recomenda\u00e7\u00f5es para que pediatras e o setor de sa\u00fade orientem a popula\u00e7\u00e3o. S\u00e3o elas:<\/p>\n<p><strong>1.\u00a0<\/strong>Priorizar o consumo de frutas e vegetais frescos ou congelados, quando poss\u00edvel.<br \/>\n<strong>2.<\/strong>\u00a0Evitar carnes processadas, especialmente o consumo materno durante a gravidez.<br \/>\n<strong>3.<\/strong>\u00a0Evitar aquecer alimentos ou bebidas no micro-ondas (incluindo f\u00f3rmulas infantis e leite humano ordenhado) em pl\u00e1stico, se poss\u00edvel.<br \/>\n<strong>4.<\/strong>\u00a0Evitar colocar pl\u00e1sticos na m\u00e1quina de lavar lou\u00e7a.<br \/>\n<strong>5.<\/strong>\u00a0Usar alternativas ao pl\u00e1stico, como vidro ou a\u00e7o inoxid\u00e1vel, quando poss\u00edvel.<br \/>\n<strong>6.<\/strong>\u00a0Observar o c\u00f3digo de reciclagem na parte inferior dos produtos para encontrar o tipo de pl\u00e1stico. Evitar pl\u00e1sticos com c\u00f3digos de reciclagem 3 (ftalatos), 6 (estireno) e 7 (bisfen\u00f3is), a menos que os pl\u00e1sticos sejam rotulados como \u201cbiol\u00f3gicos\u201d ou \u201cverdes\u201d, indicando que eles s\u00e3o feitos de milho e n\u00e3o cont\u00eam bisfen\u00f3is.<br \/>\n<strong>7.<\/strong>\u00a0Incentivar a lavagem das m\u00e3os antes de manusear alimentos e\/ou bebidas e lavar todas as frutas e verduras que n\u00e3o podem ser descascadas.<\/p>\n<p>\u201cO que os pediatras dizem \u00e9, afinal, exatamente aquilo que o Guia Alimentar para a Popula\u00e7\u00e3o Brasileira prega: comer mais alimentos\u00a0<em>in natura<\/em>\u00a0e minimamente processados, evitar o consumo de ultraprocessados e comer comida caseira, feita na cozinha de casa\u201d, completa Lenycia.<\/p>\n<p>O Guia Alimentar para a Popula\u00e7\u00e3o Brasileira \u00e9 um documento oficial encomendado e distribu\u00eddo pelo Minist\u00e9rio da Sa\u00fade que re\u00fane diretrizes para orientar escolhas alimentares saud\u00e1veis. O mais recente foi publicado em 2014 e inovou a classifica\u00e7\u00e3o dos alimentos. No lugar da pir\u00e2mide alimentar, o novo guia leva em conta o n\u00edvel de processamento dos alimentos, que vai do mais saud\u00e1vel &#8211; o\u00a0<em>in natura<\/em>\u00a0(frutas, legumes e verduras) -, ao menos saud\u00e1vel, que \u00e9 o ultraprocessado (alimentos formulados na f\u00e1brica com uso de aditivos qu\u00edmicos, como macarr\u00e3o instant\u00e2neo, refrigerantes e bolachas recheadas), passando pelo minimamente processado (arroz, feij\u00e3o, farinhas,\u00a0<a href=\"https:\/\/revistacrescer.globo.com\/Receitas\/Salgadas\/noticia\/2018\/04\/jantar-facil-receita-de-macarrao-com-molho-de-tomate-rustico.html\">massas secas<\/a>, tomate pelado) e pelo processado (queijos, p\u00e3es frescos, conservas, atum e sardinha em lata).<\/p>\n","protected":false},"excerpt":{"rendered":"<p>Um grupo de pediatras norte-americanos divulgou no \u00faltimo m\u00eas uma declara\u00e7\u00e3o acompanhada de um relat\u00f3rio<\/p>\n","protected":false},"author":2,"featured_media":90721,"comment_status":"open","ping_status":"open","sticky":false,"template":"","format":"standard","meta":[],"categories":[],"tags":[],"uagb_featured_image_src":{"full":["https:\/\/espacoecologico.com.br\/arquivo\/wp-content\/uploads\/2018\/08\/aditivos_quimicos.jpg",415,265,false],"thumbnail":["https:\/\/espacoecologico.com.br\/arquivo\/wp-content\/uploads\/2018\/08\/aditivos_quimicos-150x150.jpg",150,150,true],"medium":["https:\/\/espacoecologico.com.br\/arquivo\/wp-content\/uploads\/2018\/08\/aditivos_quimicos-300x192.jpg",300,192,true],"medium_large":["https:\/\/espacoecologico.com.br\/arquivo\/wp-content\/uploads\/2018\/08\/aditivos_quimicos.jpg",415,265,false],"large":["https:\/\/espacoecologico.com.br\/arquivo\/wp-content\/uploads\/2018\/08\/aditivos_quimicos.jpg",415,265,false],"1536x1536":["https:\/\/espacoecologico.com.br\/arquivo\/wp-content\/uploads\/2018\/08\/aditivos_quimicos.jpg",415,265,false],"2048x2048":["https:\/\/espacoecologico.com.br\/arquivo\/wp-content\/uploads\/2018\/08\/aditivos_quimicos.jpg",415,265,false],"cream-magazine-thumbnail-2":["https:\/\/espacoecologico.com.br\/arquivo\/wp-content\/uploads\/2018\/08\/aditivos_quimicos.jpg",415,265,false],"cream-magazine-thumbnail-3":["https:\/\/espacoecologico.com.br\/arquivo\/wp-content\/uploads\/2018\/08\/aditivos_quimicos.jpg",415,265,false],"cream-magazine-thumbnail-4":["https:\/\/espacoecologico.com.br\/arquivo\/wp-content\/uploads\/2018\/08\/aditivos_quimicos.jpg",415,265,false]},"uagb_author_info":{"display_name":"","author_link":"https:\/\/espacoecologico.com.br\/arquivo\/author\/"},"uagb_comment_info":0,"uagb_excerpt":"Um grupo de pediatras norte-americanos divulgou no \u00faltimo m\u00eas uma declara\u00e7\u00e3o acompanhada de um relat\u00f3rio","_links":{"self":[{"href":"https:\/\/espacoecologico.com.br\/arquivo\/wp-json\/wp\/v2\/posts\/90720"}],"collection":[{"href":"https:\/\/espacoecologico.com.br\/arquivo\/wp-json\/wp\/v2\/posts"}],"about":[{"href":"https:\/\/espacoecologico.com.br\/arquivo\/wp-json\/wp\/v2\/types\/post"}],"author":[{"embeddable":true,"href":"https:\/\/espacoecologico.com.br\/arquivo\/wp-json\/wp\/v2\/users\/2"}],"replies":[{"embeddable":true,"href":"https:\/\/espacoecologico.com.br\/arquivo\/wp-json\/wp\/v2\/comments?post=90720"}],"version-history":[{"count":0,"href":"https:\/\/espacoecologico.com.br\/arquivo\/wp-json\/wp\/v2\/posts\/90720\/revisions"}],"wp:featuredmedia":[{"embeddable":true,"href":"https:\/\/espacoecologico.com.br\/arquivo\/wp-json\/wp\/v2\/media\/90721"}],"wp:attachment":[{"href":"https:\/\/espacoecologico.com.br\/arquivo\/wp-json\/wp\/v2\/media?parent=90720"}],"wp:term":[{"taxonomy":"category","embeddable":true,"href":"https:\/\/espacoecologico.com.br\/arquivo\/wp-json\/wp\/v2\/categories?post=90720"},{"taxonomy":"post_tag","embeddable":true,"href":"https:\/\/espacoecologico.com.br\/arquivo\/wp-json\/wp\/v2\/tags?post=90720"}],"curies":[{"name":"wp","href":"https:\/\/api.w.org\/{rel}","templated":true}]}}