{"id":90715,"date":"2018-08-23T16:00:14","date_gmt":"2018-08-23T19:00:14","guid":{"rendered":"https:\/\/espacoecologico.com.br\/arquivo\/?p=90715"},"modified":"2018-08-23T20:31:15","modified_gmt":"2018-08-23T23:31:15","slug":"fonoaudiologa-fala-sobre-os-sons-da-natureza-em-entrevista-no-espaco-ecologico-2","status":"publish","type":"post","link":"https:\/\/espacoecologico.com.br\/arquivo\/fonoaudiologa-fala-sobre-os-sons-da-natureza-em-entrevista-no-espaco-ecologico-2\/","title":{"rendered":"Fonoaudi\u00f3loga fala sobre os sons da natureza em entrevista no Espa\u00e7o Ecol\u00f3gico"},"content":{"rendered":"<p><a href=\"https:\/\/espacoecologico.com.br\/arquivo\/wp-content\/uploads\/2017\/08\/susan1.jpg\"><img loading=\"lazy\" class=\"alignleft size-medium wp-image-70501\" src=\"https:\/\/espacoecologico.com.br\/arquivo\/wp-content\/uploads\/2017\/08\/susan1-300x192.jpg\" alt=\"\" width=\"300\" height=\"192\" srcset=\"https:\/\/espacoecologico.com.br\/arquivo\/wp-content\/uploads\/2017\/08\/susan1-300x192.jpg 300w, https:\/\/espacoecologico.com.br\/arquivo\/wp-content\/uploads\/2017\/08\/susan1.jpg 415w\" sizes=\"(max-width: 300px) 100vw, 300px\" \/><\/a>A entrevista do Programa Espa\u00e7o Ecol\u00f3gico, neste s\u00e1bado (25), ser\u00e1 com a fonoaudi\u00f3loga Susan Raquel Pereira Chaves. Ela \u00e9 especialista em audiologia cl\u00ednica e ocupacional e tamb\u00e9m, psicopedagoga.<\/p>\n<p>A Dra. Susan vai falar sobre como tratar da forma de linguagem e express\u00e3o e de que forma os sons da natureza inspiram um fonoaudi\u00f3logo no tratamento de paciente.<\/p>\n<p>Ela tamb\u00e9m vai explicar quais os principais cuidados dos pais em rela\u00e7\u00e3o a fala do filho e quando esses cuidados devem ser iniciados.<br \/>\n<a href=\"https:\/\/espacoecologico.com.br\/arquivo\/wp-content\/uploads\/2017\/08\/susan.jpeg\"><img loading=\"lazy\" class=\"alignnone size-full wp-image-70502\" src=\"https:\/\/espacoecologico.com.br\/arquivo\/wp-content\/uploads\/2017\/08\/susan.jpeg\" alt=\"susan\" width=\"640\" height=\"360\" srcset=\"https:\/\/espacoecologico.com.br\/arquivo\/wp-content\/uploads\/2017\/08\/susan.jpeg 640w, https:\/\/espacoecologico.com.br\/arquivo\/wp-content\/uploads\/2017\/08\/susan-300x169.jpeg 300w\" sizes=\"(max-width: 640px) 100vw, 640px\" \/><\/a><br \/>\nA fonoaudi\u00f3loga ainda vai destacar dicas para se ter uma voz saud\u00e1vel e de que forma esse profissional pode tratar pessoas que sofreram acidente vascular cerebral ou com doen\u00e7as neurol\u00f3gicas, como Alzheimer, S\u00edndrome de Parkinson e a Esclerose.<\/p>\n<p>&#8220;Se a abelha desaparecesse da face da terra, o homem teria apenas quatro anos de vida&#8221; &#8211; Maurice Maeterlinck<\/p>\n<p>Pense nisso, preserve o meio ambiente.<\/p>\n<p>Com 14 anos de atividades, o Programa Espa\u00e7o Ecol\u00f3gico continua levando ao ar mensagens educativas, presta\u00e7\u00e3o de servi\u00e7o, dicas ecol\u00f3gicas, poesias ecol\u00f3gicas, cr\u00f4nicas e entrevistas com pessoas ligadas ao meio ambiente.<\/p>\n<div class=\"ads\"><a href=\"http:\/\/radiotabajara.pb.gov.br\/\" target=\"_blank\"><img class=\"alignleft\" src=\"https:\/\/espacoecologico.com.br\/arquivo\/wp-content\/themes\/2014\/temp\/logo_tabajara.jpg\" \/><\/a><\/div>\n<p>O Programa Espa\u00e7o Ecol\u00f3gico, passa a ser veiculado todo s\u00e1bado das 8h00 \u00e0s 9h00 na r\u00e1dio Tabajara FM 105.5 e pode ser escutado ao vivo. \u00c9 s\u00f3 clicar no \u00edcone ao lado.<\/p>\n<p>&nbsp;<br \/>\n<strong>Principais not\u00edcias do programa<\/strong><\/p>\n<p>Planeta Terra tem ainda v\u00e1rios anos quentes pela frente<\/p>\n<p>Pesquisa mostra que Couve, repolho e br\u00f3colis ajudam a evitar c\u00e2ncer de c\u00f3lon.<\/p>\n<p>Acidifica\u00e7\u00e3o dos oceanos deve se intensificar nas pr\u00f3ximas d\u00e9cadas<\/p>\n<p>Mudan\u00e7a clim\u00e1tica trar\u00e1 mais mortes por ondas de calor; Brasil preocupa.<\/p>\n<p>4\u00aa Revolu\u00e7\u00e3o Industrial pode ser a salva\u00e7\u00e3o da Amaz\u00f4nia?<\/p>\n","protected":false},"excerpt":{"rendered":"<p>A entrevista do Programa Espa\u00e7o Ecol\u00f3gico, neste s\u00e1bado (25), ser\u00e1 com a fonoaudi\u00f3loga Susan Raquel<\/p>\n","protected":false},"author":2,"featured_media":70501,"comment_status":"open","ping_status":"open","sticky":false,"template":"","format":"standard","meta":[],"categories":[],"tags":[],"uagb_featured_image_src":{"full":["https:\/\/espacoecologico.com.br\/arquivo\/wp-content\/uploads\/2017\/08\/susan1.jpg",415,265,false],"thumbnail":["https:\/\/espacoecologico.com.br\/arquivo\/wp-content\/uploads\/2017\/08\/susan1-150x150.jpg",150,150,true],"medium":["https:\/\/espacoecologico.com.br\/arquivo\/wp-content\/uploads\/2017\/08\/susan1-300x192.jpg",300,192,true],"medium_large":["https:\/\/espacoecologico.com.br\/arquivo\/wp-content\/uploads\/2017\/08\/susan1.jpg",415,265,false],"large":["https:\/\/espacoecologico.com.br\/arquivo\/wp-content\/uploads\/2017\/08\/susan1.jpg",415,265,false],"1536x1536":["https:\/\/espacoecologico.com.br\/arquivo\/wp-content\/uploads\/2017\/08\/susan1.jpg",415,265,false],"2048x2048":["https:\/\/espacoecologico.com.br\/arquivo\/wp-content\/uploads\/2017\/08\/susan1.jpg",415,265,false],"cream-magazine-thumbnail-2":["https:\/\/espacoecologico.com.br\/arquivo\/wp-content\/uploads\/2017\/08\/susan1.jpg",415,265,false],"cream-magazine-thumbnail-3":["https:\/\/espacoecologico.com.br\/arquivo\/wp-content\/uploads\/2017\/08\/susan1.jpg",415,265,false],"cream-magazine-thumbnail-4":["https:\/\/espacoecologico.com.br\/arquivo\/wp-content\/uploads\/2017\/08\/susan1.jpg",415,265,false]},"uagb_author_info":{"display_name":"","author_link":"https:\/\/espacoecologico.com.br\/arquivo\/author\/"},"uagb_comment_info":0,"uagb_excerpt":"A entrevista do Programa Espa\u00e7o Ecol\u00f3gico, neste s\u00e1bado (25), ser\u00e1 com a fonoaudi\u00f3loga Susan Raquel","_links":{"self":[{"href":"https:\/\/espacoecologico.com.br\/arquivo\/wp-json\/wp\/v2\/posts\/90715"}],"collection":[{"href":"https:\/\/espacoecologico.com.br\/arquivo\/wp-json\/wp\/v2\/posts"}],"about":[{"href":"https:\/\/espacoecologico.com.br\/arquivo\/wp-json\/wp\/v2\/types\/post"}],"author":[{"embeddable":true,"href":"https:\/\/espacoecologico.com.br\/arquivo\/wp-json\/wp\/v2\/users\/2"}],"replies":[{"embeddable":true,"href":"https:\/\/espacoecologico.com.br\/arquivo\/wp-json\/wp\/v2\/comments?post=90715"}],"version-history":[{"count":0,"href":"https:\/\/espacoecologico.com.br\/arquivo\/wp-json\/wp\/v2\/posts\/90715\/revisions"}],"wp:featuredmedia":[{"embeddable":true,"href":"https:\/\/espacoecologico.com.br\/arquivo\/wp-json\/wp\/v2\/media\/70501"}],"wp:attachment":[{"href":"https:\/\/espacoecologico.com.br\/arquivo\/wp-json\/wp\/v2\/media?parent=90715"}],"wp:term":[{"taxonomy":"category","embeddable":true,"href":"https:\/\/espacoecologico.com.br\/arquivo\/wp-json\/wp\/v2\/categories?post=90715"},{"taxonomy":"post_tag","embeddable":true,"href":"https:\/\/espacoecologico.com.br\/arquivo\/wp-json\/wp\/v2\/tags?post=90715"}],"curies":[{"name":"wp","href":"https:\/\/api.w.org\/{rel}","templated":true}]}}