{"id":90699,"date":"2018-08-22T15:00:28","date_gmt":"2018-08-22T18:00:28","guid":{"rendered":"https:\/\/espacoecologico.com.br\/arquivo\/?p=90699"},"modified":"2018-08-23T09:15:41","modified_gmt":"2018-08-23T12:15:41","slug":"parque-nacional-dos-abrolhos-pede-socorro","status":"publish","type":"post","link":"https:\/\/espacoecologico.com.br\/arquivo\/parque-nacional-dos-abrolhos-pede-socorro\/","title":{"rendered":"Parque Nacional dos Abrolhos pede socorro e luta por processo de amplia\u00e7\u00e3o"},"content":{"rendered":"<p><i><a href=\"https:\/\/espacoecologico.com.br\/arquivo\/wp-content\/uploads\/2018\/08\/abrolho.jpg\"><img loading=\"lazy\" class=\"alignleft size-medium wp-image-90700\" src=\"https:\/\/espacoecologico.com.br\/arquivo\/wp-content\/uploads\/2018\/08\/abrolho-300x192.jpg\" alt=\"\" width=\"300\" height=\"192\" srcset=\"https:\/\/espacoecologico.com.br\/arquivo\/wp-content\/uploads\/2018\/08\/abrolho-300x192.jpg 300w, https:\/\/espacoecologico.com.br\/arquivo\/wp-content\/uploads\/2018\/08\/abrolho.jpg 415w\" sizes=\"(max-width: 300px) 100vw, 300px\" \/><\/a>Com p<\/i><i>rocesso de amplia\u00e7\u00e3o parado h\u00e1 seis anos, \u00e1rea marinha de importante valor ambiental para o Brasil ganha campanha<\/i><\/p>\n<div>\n<p>H\u00e1 anos em discuss\u00e3o no Brasil, o processo de amplia\u00e7\u00e3o do Parque Nacional Marinho dos Abrolhos ganhou novos cap\u00edtulos nas \u00faltimas semanas. Hoje, a \u00e1rea que cobre apenas 1,8% do maior banco de corais do Atl\u00e2ntico Sul \u2013 ref\u00fagio da biodiversidade marinha brasileira, com esp\u00e9cies end\u00eamicas, amea\u00e7adas, vulner\u00e1veis e em recupera\u00e7\u00e3o, como a baleia-jubarte \u2013 luta tamb\u00e9m para ampliar a gera\u00e7\u00e3o de emprego e renda por meio do ecoturismo, da manuten\u00e7\u00e3o de estoques pesqueiros e da garantia ao equil\u00edbrio ambiental.<\/p>\n<figure id=\"attachment_231508\" class=\"wp-caption alignright\"><figcaption class=\"wp-caption-text\"><\/figcaption><\/figure>\n<p>Pela amplia\u00e7\u00e3o urgente do Parque Nacional, o Instituto Baleia Jubarte iniciou o movimento e articulou v\u00e1rias institui\u00e7\u00f5es ambientais em prol da campanha #MaisAbrolhos, lan\u00e7ada durante o IX Congresso Brasileiro de Unidades de Conserva\u00e7\u00e3o (CBUC), promovido no in\u00edcio do m\u00eas pela Funda\u00e7\u00e3o Grupo Botic\u00e1rio de Prote\u00e7\u00e3o \u00e0 Natureza, em Florian\u00f3polis. Uma mo\u00e7\u00e3o foi aprovada por unanimidade e ser\u00e1 encaminhada para a Presid\u00eancia da Rep\u00fablica, Minist\u00e9rio do Meio Ambiente (MMA) e Instituto Chico Mendes de Conserva\u00e7\u00e3o da Biodiversidade (ICMBio). O pedido considera que o Banco dos Abrolhos \u00e9 uma das regi\u00f5es de maior import\u00e2ncia para a conserva\u00e7\u00e3o da biodiversidade marinha do Brasil e do Atl\u00e2ntico Sul, o que tem sido reconhecido e reafirmado em sucessivos processos de avalia\u00e7\u00e3o de \u00e1reas priorit\u00e1rias para a preserva\u00e7\u00e3o de esp\u00e9cies animais e vegetais em territ\u00f3rio nacional.<\/p>\n<p>Segundo o Presidente do Instituto Baleia Jubarte, Eduardo Camargo, o processo, que j\u00e1 teve diversas consultas regionais \u2013 uma delas espec\u00edfica com os pescadores artesanais este ano -, se arrasta h\u00e1 mais de uma d\u00e9cada. \u201cV\u00e1rias institui\u00e7\u00f5es decidiram batalhar para que esse processo seja conclu\u00eddo ainda neste ano, com a realiza\u00e7\u00e3o das necess\u00e1rias consultas p\u00fablicas e encaminhamento de proposta de Decreto ao Presidente da Rep\u00fablica para efetivar essa amplia\u00e7\u00e3o. Estamos animados com o compromisso do Presidente do ICMBio, assumido publicamente durante o IX CBUC, de realizar as Consultas P\u00fablicas logo ap\u00f3s as elei\u00e7\u00f5es de outubro. Pretendemos colaborar com ele e o MMA para conscientizar a sociedade e os demais \u00f3rg\u00e3os de governo de que essa amplia\u00e7\u00e3o \u00e9 boa para todos, dos pescadores artesanais ao setor de Turismo\u201d, afirma.<\/p>\n<figure id=\"attachment_231509\" class=\"wp-caption alignleft\"><figcaption class=\"wp-caption-text\"><\/figcaption><\/figure>\n<p><strong>Luta pelos oceanos<\/strong><\/p>\n<p>Segundo a Organiza\u00e7\u00e3o das Na\u00e7\u00f5es Unidas (ONU), existem mais de 15,3 mil \u00e1reas marinhas protegidas no mundo, cobrindo o equivalente a 7,2% da superf\u00edcie total do oceano. Somente no Brasil, at\u00e9 2020, deve-se proteger pelo menos 10% dos mais de 8,5 milh\u00f5es de quil\u00f4metros de litoral, segundo a meta 11 de Aichi estabelecida pela Conven\u00e7\u00e3o sobre Diversidade Biol\u00f3gica (CDB-ONU). \u201cNo in\u00edcio deste ano, superamos essa meta em termos quantitativos, mas n\u00e3o qualitativos. Ainda h\u00e1 muito o que fazer pelos oceanos brasileiros e a campanha de Abrolhos \u00e9 mais um esfor\u00e7o que pode incentivar o cumprimento dessas metas\u201d, analisa o coordenador de Ci\u00eancia e Conserva\u00e7\u00e3o da Funda\u00e7\u00e3o Grupo Botic\u00e1rio, Emerson Oliveira.<\/p>\n<p>A Funda\u00e7\u00e3o Grupo Botic\u00e1rio tamb\u00e9m demandou a amplia\u00e7\u00e3o da mesma unidade de conserva\u00e7\u00e3o anteriormente. Em outubro de 2017, em Bras\u00edlia, a import\u00e2ncia da regi\u00e3o e a sua prote\u00e7\u00e3o foram ressaltadas durante evento que discutia propostas de cria\u00e7\u00e3o de \u00e1reas marinhas protegidas. A regi\u00e3o de Abrolhos \u00e9 campo de muitos projetos de pesquisa, principalmente pela sua biodiversidade e necessidade de conserva\u00e7\u00e3o. A Funda\u00e7\u00e3o Grupo Botic\u00e1rio tem em seu hist\u00f3rico 11 projetos apoiados no Parque Nacional dos Abrolhos, dos quais dois est\u00e3o em andamento: um sobre corais e outro sobre esponjas.<\/p>\n<figure id=\"attachment_231510\" class=\"wp-caption alignright\"><figcaption class=\"wp-caption-text\"><\/figcaption><\/figure>\n<p><strong><em>Sobre a Funda\u00e7\u00e3o Grupo Botic\u00e1rio<\/em><\/strong><\/p>\n<p><em>A Funda\u00e7\u00e3o Grupo Botic\u00e1rio \u00e9 fruto da inspira\u00e7\u00e3o de Miguel Krigsner, fundador de O Botic\u00e1rio e atual presidente do Conselho de Administra\u00e7\u00e3o do Grupo Botic\u00e1rio. A institui\u00e7\u00e3o foi criada em 1990, dois anos antes da Rio-92 ou C\u00fapula da Terra, evento que foi um marco para a conserva\u00e7\u00e3o ambiental mundial. A Funda\u00e7\u00e3o Grupo Botic\u00e1rio apoia a\u00e7\u00f5es de conserva\u00e7\u00e3o da natureza em todo o Brasil, totalizando mais de 1.500 iniciativas apoiadas financeiramente. Protege 11 mil hectares de Mata Atl\u00e2ntica e Cerrado, por meio da cria\u00e7\u00e3o e manuten\u00e7\u00e3o de duas reservas naturais. Atua para que a conserva\u00e7\u00e3o da biodiversidade seja priorizada nos neg\u00f3cios e nas pol\u00edticas p\u00fablicas, al\u00e9m de contribuir para que a natureza sirva de inspira\u00e7\u00e3o ou seja parte da solu\u00e7\u00e3o para diversos problemas da sociedade. Tamb\u00e9m promove a\u00e7\u00f5es de mobiliza\u00e7\u00e3o, sensibiliza\u00e7\u00e3o e comunica\u00e7\u00e3o inovadoras, que aproximam a natureza do cotidiano das pessoas.<\/em><\/p>\n<\/div>\n","protected":false},"excerpt":{"rendered":"<p>Com processo de amplia\u00e7\u00e3o parado h\u00e1 seis anos, \u00e1rea marinha de importante valor ambiental para<\/p>\n","protected":false},"author":2,"featured_media":90700,"comment_status":"open","ping_status":"open","sticky":false,"template":"","format":"standard","meta":[],"categories":[],"tags":[],"uagb_featured_image_src":{"full":["https:\/\/espacoecologico.com.br\/arquivo\/wp-content\/uploads\/2018\/08\/abrolho.jpg",415,265,false],"thumbnail":["https:\/\/espacoecologico.com.br\/arquivo\/wp-content\/uploads\/2018\/08\/abrolho-150x150.jpg",150,150,true],"medium":["https:\/\/espacoecologico.com.br\/arquivo\/wp-content\/uploads\/2018\/08\/abrolho-300x192.jpg",300,192,true],"medium_large":["https:\/\/espacoecologico.com.br\/arquivo\/wp-content\/uploads\/2018\/08\/abrolho.jpg",415,265,false],"large":["https:\/\/espacoecologico.com.br\/arquivo\/wp-content\/uploads\/2018\/08\/abrolho.jpg",415,265,false],"1536x1536":["https:\/\/espacoecologico.com.br\/arquivo\/wp-content\/uploads\/2018\/08\/abrolho.jpg",415,265,false],"2048x2048":["https:\/\/espacoecologico.com.br\/arquivo\/wp-content\/uploads\/2018\/08\/abrolho.jpg",415,265,false],"cream-magazine-thumbnail-2":["https:\/\/espacoecologico.com.br\/arquivo\/wp-content\/uploads\/2018\/08\/abrolho.jpg",415,265,false],"cream-magazine-thumbnail-3":["https:\/\/espacoecologico.com.br\/arquivo\/wp-content\/uploads\/2018\/08\/abrolho.jpg",415,265,false],"cream-magazine-thumbnail-4":["https:\/\/espacoecologico.com.br\/arquivo\/wp-content\/uploads\/2018\/08\/abrolho.jpg",415,265,false]},"uagb_author_info":{"display_name":"","author_link":"https:\/\/espacoecologico.com.br\/arquivo\/author\/"},"uagb_comment_info":0,"uagb_excerpt":"Com processo de amplia\u00e7\u00e3o parado h\u00e1 seis anos, \u00e1rea marinha de importante valor ambiental para","_links":{"self":[{"href":"https:\/\/espacoecologico.com.br\/arquivo\/wp-json\/wp\/v2\/posts\/90699"}],"collection":[{"href":"https:\/\/espacoecologico.com.br\/arquivo\/wp-json\/wp\/v2\/posts"}],"about":[{"href":"https:\/\/espacoecologico.com.br\/arquivo\/wp-json\/wp\/v2\/types\/post"}],"author":[{"embeddable":true,"href":"https:\/\/espacoecologico.com.br\/arquivo\/wp-json\/wp\/v2\/users\/2"}],"replies":[{"embeddable":true,"href":"https:\/\/espacoecologico.com.br\/arquivo\/wp-json\/wp\/v2\/comments?post=90699"}],"version-history":[{"count":0,"href":"https:\/\/espacoecologico.com.br\/arquivo\/wp-json\/wp\/v2\/posts\/90699\/revisions"}],"wp:featuredmedia":[{"embeddable":true,"href":"https:\/\/espacoecologico.com.br\/arquivo\/wp-json\/wp\/v2\/media\/90700"}],"wp:attachment":[{"href":"https:\/\/espacoecologico.com.br\/arquivo\/wp-json\/wp\/v2\/media?parent=90699"}],"wp:term":[{"taxonomy":"category","embeddable":true,"href":"https:\/\/espacoecologico.com.br\/arquivo\/wp-json\/wp\/v2\/categories?post=90699"},{"taxonomy":"post_tag","embeddable":true,"href":"https:\/\/espacoecologico.com.br\/arquivo\/wp-json\/wp\/v2\/tags?post=90699"}],"curies":[{"name":"wp","href":"https:\/\/api.w.org\/{rel}","templated":true}]}}