{"id":90695,"date":"2018-08-22T14:30:56","date_gmt":"2018-08-22T17:30:56","guid":{"rendered":"https:\/\/espacoecologico.com.br\/arquivo\/?p=90695"},"modified":"2018-08-21T21:10:04","modified_gmt":"2018-08-22T00:10:04","slug":"fraude-na-exploracao-madeireira-ameaca-floresta-amazonica","status":"publish","type":"post","link":"https:\/\/espacoecologico.com.br\/arquivo\/fraude-na-exploracao-madeireira-ameaca-floresta-amazonica\/","title":{"rendered":"Fraude na explora\u00e7\u00e3o madeireira amea\u00e7a Floresta Amaz\u00f4nica"},"content":{"rendered":"<p><a href=\"https:\/\/espacoecologico.com.br\/arquivo\/wp-content\/uploads\/2018\/08\/ipe.jpg\"><img loading=\"lazy\" class=\"alignleft size-medium wp-image-90696\" src=\"https:\/\/espacoecologico.com.br\/arquivo\/wp-content\/uploads\/2018\/08\/ipe-300x192.jpg\" alt=\"\" width=\"300\" height=\"192\" srcset=\"https:\/\/espacoecologico.com.br\/arquivo\/wp-content\/uploads\/2018\/08\/ipe-300x192.jpg 300w, https:\/\/espacoecologico.com.br\/arquivo\/wp-content\/uploads\/2018\/08\/ipe.jpg 415w\" sizes=\"(max-width: 300px) 100vw, 300px\" \/><\/a>H\u00e1 alguns anos, come\u00e7aram a ser implementadas leis que buscam proteger a vida e o meio ambiente na regi\u00e3o da\u00a0<strong>Floresta Amaz\u00f4nica<\/strong>, detentora da maior diversidade em uma floresta tropical de todo o planeta. Muitas dessas medidas foram bem-sucedidas, ocasionando uma melhora no tratamento e na preserva\u00e7\u00e3o do local, cuja import\u00e2ncia ecol\u00f3gica \u00e9 inestim\u00e1vel.<\/p>\n<p>De 2004 a 2017, as taxas de desmatamento da\u00a0<strong>Amaz\u00f4nia<\/strong>\u00a0ca\u00edram 76%. Essa redu\u00e7\u00e3o se deveu \u00e0 cria\u00e7\u00e3o de \u00e1reas protegidas, ao refor\u00e7o dado \u00e0 legisla\u00e7\u00e3o ambiental, ao uso de tecnologias de monitoramento na regi\u00e3o, entre outras a\u00e7\u00f5es por parte do governo e de organiza\u00e7\u00f5es. No entanto, apesar dos avan\u00e7os obtidos, ainda h\u00e1 muitos problemas com os quais devemos lidar para garantir o bem-estar e o equil\u00edbrio do local.<\/p>\n<p>Um problema que afeta um espa\u00e7o f\u00edsico t\u00e3o grande quanto o desmatamento na floresta \u00e9 a explora\u00e7\u00e3o madeireira, que amea\u00e7a a diversidade da fauna e da flora do local. Foi nessa quest\u00e3o que seis cientistas brasileiros e um norte-americano focaram para realizar uma pesquisa na Floresta Amaz\u00f4nica.<\/p>\n<p>De acordo com o artigo publicado hoje (17), cerca de 44% de toda a madeira tropical retirada do Par\u00e1, estado de maior produ\u00e7\u00e3o de madeira da Amaz\u00f4nia, foi extra\u00edda de forma ilegal no per\u00edodo analisado. Segundo o estudo, h\u00e1 ainda altos \u00edndices de\u00a0<strong>fraude<\/strong>\u00a0relacionada a essa atividade na regi\u00e3o. O grupo descobriu documentos que, conforme afirmam, comprovam que a quantidade de madeira sendo retirada da floresta \u00e9 volumosa demais para ser extra\u00edda legalmente. Al\u00e9m disso, eles encontraram pap\u00e9is que identificavam erroneamente as esp\u00e9cies de plantas que foram removidas do local. A fraude, ao permitir uma explora\u00e7\u00e3o excessiva do territ\u00f3rio amaz\u00f4nico, contribui para a degrada\u00e7\u00e3o da flora e para a extin\u00e7\u00e3o de certos tipos de \u00e1rvore, sobretudo o\u00a0<strong>ip\u00ea<\/strong>, na por\u00e7\u00e3o leste da Amaz\u00f4nia.<\/p>\n<p>A sugest\u00e3o dada pelos pesquisadores \u00e9 que o governo mude e incremente o sistema de controle da extra\u00e7\u00e3o madeireira, tornando essa atividade mais f\u00e1cil de se monitorar. No Par\u00e1, estado cujo tamanho se equipara ao do Peru, h\u00e1 apenas 55 profissionais cuja fun\u00e7\u00e3o \u00e9 supervisionar esse neg\u00f3cio. O reduzido n\u00famero de pessoas contratadas para esse fim facilita a exist\u00eancia de esquemas de fraude e corrup\u00e7\u00e3o, afirmam os cientistas.<\/p>\n","protected":false},"excerpt":{"rendered":"<p>H\u00e1 alguns anos, come\u00e7aram a ser implementadas leis que buscam proteger a vida e o<\/p>\n","protected":false},"author":2,"featured_media":90696,"comment_status":"open","ping_status":"open","sticky":false,"template":"","format":"standard","meta":[],"categories":[],"tags":[],"uagb_featured_image_src":{"full":["https:\/\/espacoecologico.com.br\/arquivo\/wp-content\/uploads\/2018\/08\/ipe.jpg",415,265,false],"thumbnail":["https:\/\/espacoecologico.com.br\/arquivo\/wp-content\/uploads\/2018\/08\/ipe-150x150.jpg",150,150,true],"medium":["https:\/\/espacoecologico.com.br\/arquivo\/wp-content\/uploads\/2018\/08\/ipe-300x192.jpg",300,192,true],"medium_large":["https:\/\/espacoecologico.com.br\/arquivo\/wp-content\/uploads\/2018\/08\/ipe.jpg",415,265,false],"large":["https:\/\/espacoecologico.com.br\/arquivo\/wp-content\/uploads\/2018\/08\/ipe.jpg",415,265,false],"1536x1536":["https:\/\/espacoecologico.com.br\/arquivo\/wp-content\/uploads\/2018\/08\/ipe.jpg",415,265,false],"2048x2048":["https:\/\/espacoecologico.com.br\/arquivo\/wp-content\/uploads\/2018\/08\/ipe.jpg",415,265,false],"cream-magazine-thumbnail-2":["https:\/\/espacoecologico.com.br\/arquivo\/wp-content\/uploads\/2018\/08\/ipe.jpg",415,265,false],"cream-magazine-thumbnail-3":["https:\/\/espacoecologico.com.br\/arquivo\/wp-content\/uploads\/2018\/08\/ipe.jpg",415,265,false],"cream-magazine-thumbnail-4":["https:\/\/espacoecologico.com.br\/arquivo\/wp-content\/uploads\/2018\/08\/ipe.jpg",415,265,false]},"uagb_author_info":{"display_name":"","author_link":"https:\/\/espacoecologico.com.br\/arquivo\/author\/"},"uagb_comment_info":0,"uagb_excerpt":"H\u00e1 alguns anos, come\u00e7aram a ser implementadas leis que buscam proteger a vida e o","_links":{"self":[{"href":"https:\/\/espacoecologico.com.br\/arquivo\/wp-json\/wp\/v2\/posts\/90695"}],"collection":[{"href":"https:\/\/espacoecologico.com.br\/arquivo\/wp-json\/wp\/v2\/posts"}],"about":[{"href":"https:\/\/espacoecologico.com.br\/arquivo\/wp-json\/wp\/v2\/types\/post"}],"author":[{"embeddable":true,"href":"https:\/\/espacoecologico.com.br\/arquivo\/wp-json\/wp\/v2\/users\/2"}],"replies":[{"embeddable":true,"href":"https:\/\/espacoecologico.com.br\/arquivo\/wp-json\/wp\/v2\/comments?post=90695"}],"version-history":[{"count":0,"href":"https:\/\/espacoecologico.com.br\/arquivo\/wp-json\/wp\/v2\/posts\/90695\/revisions"}],"wp:featuredmedia":[{"embeddable":true,"href":"https:\/\/espacoecologico.com.br\/arquivo\/wp-json\/wp\/v2\/media\/90696"}],"wp:attachment":[{"href":"https:\/\/espacoecologico.com.br\/arquivo\/wp-json\/wp\/v2\/media?parent=90695"}],"wp:term":[{"taxonomy":"category","embeddable":true,"href":"https:\/\/espacoecologico.com.br\/arquivo\/wp-json\/wp\/v2\/categories?post=90695"},{"taxonomy":"post_tag","embeddable":true,"href":"https:\/\/espacoecologico.com.br\/arquivo\/wp-json\/wp\/v2\/tags?post=90695"}],"curies":[{"name":"wp","href":"https:\/\/api.w.org\/{rel}","templated":true}]}}