{"id":90691,"date":"2018-08-22T14:00:40","date_gmt":"2018-08-22T17:00:40","guid":{"rendered":"https:\/\/espacoecologico.com.br\/arquivo\/?p=90691"},"modified":"2018-08-21T21:07:30","modified_gmt":"2018-08-22T00:07:30","slug":"governo-trump-anuncia-plano-para-flexibilizar-regras-de-poluicao-do-carvao","status":"publish","type":"post","link":"https:\/\/espacoecologico.com.br\/arquivo\/governo-trump-anuncia-plano-para-flexibilizar-regras-de-poluicao-do-carvao\/","title":{"rendered":"Governo Trump anuncia plano para flexibilizar regras de polui\u00e7\u00e3o do carv\u00e3o"},"content":{"rendered":"<p><a href=\"https:\/\/espacoecologico.com.br\/arquivo\/wp-content\/uploads\/2018\/08\/carvao.jpg\"><img loading=\"lazy\" class=\"alignleft size-medium wp-image-90692\" src=\"https:\/\/espacoecologico.com.br\/arquivo\/wp-content\/uploads\/2018\/08\/carvao-300x192.jpg\" alt=\"\" width=\"300\" height=\"192\" srcset=\"https:\/\/espacoecologico.com.br\/arquivo\/wp-content\/uploads\/2018\/08\/carvao-300x192.jpg 300w, https:\/\/espacoecologico.com.br\/arquivo\/wp-content\/uploads\/2018\/08\/carvao.jpg 415w\" sizes=\"(max-width: 300px) 100vw, 300px\" \/><\/a>O governo do presidente Donald Trump anunciou nesta ter\u00e7a-feira um plano para enfraquecer as regulamenta\u00e7\u00f5es sobre as usinas de carv\u00e3o dos EUA, dando um impulso a uma ind\u00fastria que o ex-l\u00edder Barack Obama esperava reduzir para cortar as emiss\u00f5es nocivas que impulsionam o aquecimento global.<\/p>\n<p>A nova regra de Energia Limpa Acess\u00edvel (ACE) da Ag\u00eancia de Prote\u00e7\u00e3o Ambiental (EPA) permitiria aos estados a flexibilidade de estabelecer seus pr\u00f3prios padr\u00f5es de desempenho nas usinas a carv\u00e3o existentes, em vez de seguir um \u00fanico padr\u00e3o federal.<\/p>\n<p>A EPA diz que a ACE foi criada para substituir o Plano de Energia Limpa de Obama, de 2015, que pedia cortes nas emiss\u00f5es de gases de efeito estufa das usinas, e uma mudan\u00e7a para as energias solar, e\u00f3lica e o menos poluente g\u00e1s natural.<\/p>\n<p>A medida marca o mais recente esfor\u00e7o da administra\u00e7\u00e3o de Trump para reverter o legado ambiental de seu antecessor democrata, ap\u00f3s ter abandonado o acordo de Paris sobre o clima de 2015, que visa reduzir as emiss\u00f5es globais dos combust\u00edveis f\u00f3sseis.<\/p>\n<p>O plano de energia de Obama tinha como objetivo introduzir as mais rigorosas medidas antipolui\u00e7\u00e3o da hist\u00f3ria em usinas de energia, mas foi suspenso em 2016 pela Suprema Corte dos EUA.<\/p>\n<p>Trump, cuja ascens\u00e3o \u00e0 presid\u00eancia efetivamente acabou com o plano, o chamou de &#8220;intrusivo&#8221; e afirmou que este &#8220;eliminaria empregos&#8221;.<\/p>\n<p>O presidente deve apregoar o novo plano, ao reunir na noite desta ter\u00e7a-feira partid\u00e1rios no estado produtor de carv\u00e3o de Virg\u00ednia Ocidental.<\/p>\n<p>&#8220;A era dos mandatos federais de cima para baixo e de tamanho \u00fanico acabou&#8221;, disse Andrew Wheeler, chefe interino da EPA, em uma liga\u00e7\u00e3o telef\u00f4nica com jornalistas.<\/p>\n<p>O novo plano pode levar meses ou at\u00e9 anos para entrar em vigor. Desafios legais j\u00e1 come\u00e7am a entrar na fila, enquanto a proposta aguarda um per\u00edodo de coment\u00e1rios de 60 dias antes de poder ser finalizada.<\/p>\n<p>Defensores do meio ambiente criticaram a proposta, dizendo que vai impulsionar as emiss\u00f5es das usinas, que emitem cerca de 28% dos gases do efeito estufa dos EUA, e pioram o aquecimento global.<\/p>\n<p>&#8220;O plano exige apenas melhorias modestas na efici\u00eancia de usinas individuais, que mal reduzir\u00e3o as emiss\u00f5es de gases do efeito estufa do setor de eletricidade, podendo at\u00e9, em algumas circunst\u00e2ncias, levar a um aumento de emiss\u00f5es, dependendo de quanto as usinas operam&#8221;, disse Ken Kimmell, presidente da Union of Concerned Scientists.<\/p>\n<p>&#8220;Esta proposta tamb\u00e9m resultaria em mais polui\u00e7\u00e3o por \u00f3xido de nitrog\u00eanio, di\u00f3xido de enxofre, merc\u00fario e outros poluentes nocivos&#8221;.<\/p>\n<p>&#8211; Carv\u00e3o em decl\u00ednio &#8211;<\/p>\n<p><span class=\"storyimage fullwidth inlineimage\" data-aop=\"image\"><span class=\"image\" data-attrib=\"Fornecido por AFP\" data-caption=\"Dados e estat\u00edsticas sobre a produ\u00e7\u00e3o de carv\u00e3o nos EUA, importa\u00e7\u00f5es e exporta\u00e7\u00f5es, produ\u00e7\u00e3o por Estado e cota da gera\u00e7\u00e3o de eletricidade.\" data-id=\"80\" data-m=\"{&quot;i&quot;:80,&quot;p&quot;:78,&quot;n&quot;:&quot;openModal&quot;,&quot;t&quot;:&quot;articleImages&quot;,&quot;o&quot;:2}\"><img loading=\"lazy\" class=\"loaded\" src=\"https:\/\/img-s-msn-com.akamaized.net\/tenant\/amp\/entityid\/BBMgfmY.img?h=1064&amp;w=1119&amp;m=6&amp;q=60&amp;o=f&amp;l=f\" alt=\"A produ\u00e7\u00e3o de carv\u00e3o nos EUA: Dados e estat\u00edsticas sobre a produ\u00e7\u00e3o de carv\u00e3o nos EUA, importa\u00e7\u00f5es e exporta\u00e7\u00f5es, produ\u00e7\u00e3o por Estado e cota da gera\u00e7\u00e3o de eletricidade.\" width=\"639\" height=\"608\" data-src=\"{&quot;default&quot;:{&quot;load&quot;:&quot;default&quot;,&quot;w&quot;:&quot;80&quot;,&quot;h&quot;:&quot;76&quot;,&quot;src&quot;:&quot;\/\/img-s-msn-com.akamaized.net\/tenant\/amp\/entityid\/BBMgfmY.img?h=1064&amp;w=1119&amp;m=6&amp;q=60&amp;o=f&amp;l=f&quot;},&quot;dpi&quot;:1.4,&quot;size3column&quot;:{&quot;load&quot;:&quot;default&quot;,&quot;w&quot;:&quot;62&quot;,&quot;h&quot;:&quot;59&quot;,&quot;src&quot;:&quot;\/\/img-s-msn-com.akamaized.net\/tenant\/amp\/entityid\/BBMgfmY.img?h=830&amp;w=874&amp;m=6&amp;q=60&amp;o=f&amp;l=f&quot;},&quot;size2column&quot;:{&quot;load&quot;:&quot;default&quot;,&quot;w&quot;:&quot;62&quot;,&quot;h&quot;:&quot;59&quot;,&quot;src&quot;:&quot;\/\/img-s-msn-com.akamaized.net\/tenant\/amp\/entityid\/BBMgfmY.img?h=830&amp;w=874&amp;m=6&amp;q=60&amp;o=f&amp;l=f&quot;}}\" \/><\/span><span class=\"caption truncate\"><span class=\"attribution\">\u00a9 Fornecido por AFP<\/span>\u00a0Dados e estat\u00edsticas sobre a produ\u00e7\u00e3o de carv\u00e3o nos EUA, importa\u00e7\u00f5es e exporta\u00e7\u00f5es, produ\u00e7\u00e3o por Estado e cota da gera\u00e7\u00e3o de eletricidade.<\/span><\/span><\/p>\n<p>A Casa Branca disse em comunicado que, se conclu\u00edda, a regra &#8220;reduzir\u00e1 significativamente a burocracia e os custos de conformidade, mantendo a energia americana acess\u00edvel e competitiva no cen\u00e1rio mundial&#8221;.<\/p>\n<p>A Casa Branca afirmou que a medida tamb\u00e9m economizaria US$ 6,4 bilh\u00f5es em custos de conformidade para a ind\u00fastria, em compara\u00e7\u00e3o com o plano de Obama.<\/p>\n<p>&#8220;Somos o \u00fanico pa\u00eds do mundo fazendo isso, olhando para o carv\u00e3o como o futuro, em vez de entender que o futuro tem a ver com ar e energia limpos&#8221;, disse Gina McCarthy, administradora da EPA sob o governo de Obama, \u00e0 CNN.<\/p>\n<p>Apesar do apoio de Trump \u00e0s usinas de carv\u00e3o, elas continuam fechando. Cerca de 40% das usinas de carv\u00e3o em opera\u00e7\u00e3o em 2010 est\u00e3o fechadas ou programadas para fechar, de acordo com estimativas da American Coalition for Clean Coal Electricity.<\/p>\n<p>De acordo com Bob Perciasepe, presidente do Centro para Solu\u00e7\u00f5es Clim\u00e1ticas e Energ\u00e9ticas, &#8220;a EPA est\u00e1 agora propondo um plano que ser\u00e1 essencialmente ignorado pela maior parte do setor&#8221;.<\/p>\n<p>Bill Wehrum, administrador do escrit\u00f3rio de Ar e Radia\u00e7\u00e3o da EPA, reconheceu que a ind\u00fastria &#8220;continua se transformando diante dos nossos olhos&#8221;, disse a rep\u00f3rteres.<\/p>\n<p>&#8220;O que vemos \u00e9 uma mudan\u00e7a significativa em curso na dire\u00e7\u00e3o do g\u00e1s natural e da gera\u00e7\u00e3o de energia renov\u00e1vel&#8221;.<\/p>\n<div id=\"aol_outstream_article\" data-bcid=\"56603651bbe5bf10d057f868\" data-id=\"81\" data-m=\"{&quot;i&quot;:81,&quot;p&quot;:78,&quot;n&quot;:&quot;aol-article-inlineOutstreamAd&quot;,&quot;t&quot;:&quot;AolInlineOutstreamAd&quot;,&quot;o&quot;:3}\"><\/div>\n<p>Wehrum disse que, devido \u00e0 mudan\u00e7a no cen\u00e1rio energ\u00e9tico, ele espera que as emiss\u00f5es caiam a uma taxa compar\u00e1vel \u00e0s metas delineadas no plano da era Obama, que pedia um corte de 26% nas emiss\u00f5es de gases causadores do efeito estufa nas usinas at\u00e9 2025, em compara\u00e7\u00e3o com os n\u00edveis de 2005.<\/p>\n","protected":false},"excerpt":{"rendered":"<p>O governo do presidente Donald Trump anunciou nesta ter\u00e7a-feira um plano para enfraquecer as regulamenta\u00e7\u00f5es<\/p>\n","protected":false},"author":2,"featured_media":90692,"comment_status":"open","ping_status":"open","sticky":false,"template":"","format":"standard","meta":[],"categories":[],"tags":[],"uagb_featured_image_src":{"full":["https:\/\/espacoecologico.com.br\/arquivo\/wp-content\/uploads\/2018\/08\/carvao.jpg",415,265,false],"thumbnail":["https:\/\/espacoecologico.com.br\/arquivo\/wp-content\/uploads\/2018\/08\/carvao-150x150.jpg",150,150,true],"medium":["https:\/\/espacoecologico.com.br\/arquivo\/wp-content\/uploads\/2018\/08\/carvao-300x192.jpg",300,192,true],"medium_large":["https:\/\/espacoecologico.com.br\/arquivo\/wp-content\/uploads\/2018\/08\/carvao.jpg",415,265,false],"large":["https:\/\/espacoecologico.com.br\/arquivo\/wp-content\/uploads\/2018\/08\/carvao.jpg",415,265,false],"1536x1536":["https:\/\/espacoecologico.com.br\/arquivo\/wp-content\/uploads\/2018\/08\/carvao.jpg",415,265,false],"2048x2048":["https:\/\/espacoecologico.com.br\/arquivo\/wp-content\/uploads\/2018\/08\/carvao.jpg",415,265,false],"cream-magazine-thumbnail-2":["https:\/\/espacoecologico.com.br\/arquivo\/wp-content\/uploads\/2018\/08\/carvao.jpg",415,265,false],"cream-magazine-thumbnail-3":["https:\/\/espacoecologico.com.br\/arquivo\/wp-content\/uploads\/2018\/08\/carvao.jpg",415,265,false],"cream-magazine-thumbnail-4":["https:\/\/espacoecologico.com.br\/arquivo\/wp-content\/uploads\/2018\/08\/carvao.jpg",415,265,false]},"uagb_author_info":{"display_name":"","author_link":"https:\/\/espacoecologico.com.br\/arquivo\/author\/"},"uagb_comment_info":0,"uagb_excerpt":"O governo do presidente Donald Trump anunciou nesta ter\u00e7a-feira um plano para enfraquecer as regulamenta\u00e7\u00f5es","_links":{"self":[{"href":"https:\/\/espacoecologico.com.br\/arquivo\/wp-json\/wp\/v2\/posts\/90691"}],"collection":[{"href":"https:\/\/espacoecologico.com.br\/arquivo\/wp-json\/wp\/v2\/posts"}],"about":[{"href":"https:\/\/espacoecologico.com.br\/arquivo\/wp-json\/wp\/v2\/types\/post"}],"author":[{"embeddable":true,"href":"https:\/\/espacoecologico.com.br\/arquivo\/wp-json\/wp\/v2\/users\/2"}],"replies":[{"embeddable":true,"href":"https:\/\/espacoecologico.com.br\/arquivo\/wp-json\/wp\/v2\/comments?post=90691"}],"version-history":[{"count":0,"href":"https:\/\/espacoecologico.com.br\/arquivo\/wp-json\/wp\/v2\/posts\/90691\/revisions"}],"wp:featuredmedia":[{"embeddable":true,"href":"https:\/\/espacoecologico.com.br\/arquivo\/wp-json\/wp\/v2\/media\/90692"}],"wp:attachment":[{"href":"https:\/\/espacoecologico.com.br\/arquivo\/wp-json\/wp\/v2\/media?parent=90691"}],"wp:term":[{"taxonomy":"category","embeddable":true,"href":"https:\/\/espacoecologico.com.br\/arquivo\/wp-json\/wp\/v2\/categories?post=90691"},{"taxonomy":"post_tag","embeddable":true,"href":"https:\/\/espacoecologico.com.br\/arquivo\/wp-json\/wp\/v2\/tags?post=90691"}],"curies":[{"name":"wp","href":"https:\/\/api.w.org\/{rel}","templated":true}]}}