{"id":90679,"date":"2018-08-22T12:30:28","date_gmt":"2018-08-22T15:30:28","guid":{"rendered":"https:\/\/espacoecologico.com.br\/arquivo\/?p=90679"},"modified":"2018-08-21T20:57:44","modified_gmt":"2018-08-21T23:57:44","slug":"video-mostra-formigas-fazendo-ritual-bizarro-com-abelha-morta","status":"publish","type":"post","link":"https:\/\/espacoecologico.com.br\/arquivo\/video-mostra-formigas-fazendo-ritual-bizarro-com-abelha-morta\/","title":{"rendered":"V\u00eddeo mostra formigas fazendo ritual bizarro com abelha morta"},"content":{"rendered":"<p><span class=\"intro\"><a href=\"https:\/\/espacoecologico.com.br\/arquivo\/wp-content\/uploads\/2018\/08\/abelha.jpg\"><img loading=\"lazy\" class=\"alignleft size-medium wp-image-90680\" src=\"https:\/\/espacoecologico.com.br\/arquivo\/wp-content\/uploads\/2018\/08\/abelha-300x192.jpg\" alt=\"\" width=\"300\" height=\"192\" srcset=\"https:\/\/espacoecologico.com.br\/arquivo\/wp-content\/uploads\/2018\/08\/abelha-300x192.jpg 300w, https:\/\/espacoecologico.com.br\/arquivo\/wp-content\/uploads\/2018\/08\/abelha.jpg 415w\" sizes=\"(max-width: 300px) 100vw, 300px\" \/><\/a>U<\/span>m\u00a0<a href=\"https:\/\/www.youtube.com\/watch?time_continue=14&amp;v=dyHNhgtjckk\" target=\"_blank\">v\u00eddeo<\/a>\u00a0mostra uma abelha morta cercada de p\u00e9talas de flor rosas que est\u00e3o se &#8220;movendo&#8221;. Observando com mais aten\u00e7\u00e3o, \u00e9 poss\u00edvel perceber que a agita\u00e7\u00e3o \u00e9 causada por v\u00e1rias formigas que est\u00e3o levando as p\u00e9talas at\u00e9 o inseto polinizador.<\/p>\n<p>Pesquisadores sugerem tr\u00eas teorias: de que a abelha est\u00e1 na entrada da col\u00f4nia das formigas, impedindo a entrada delas; que a abelha \u00e9 &#8216;lixo&#8217; para as formigas; ou que a abelha e as p\u00e9talas s\u00e3o uma &#8216;despensa&#8217;, onde as formigas est\u00e3o guardando o que elas j\u00e1 coletaram.<\/p>\n<div id=\"pub-in-text\" data-google-query-id=\"CM315KOl_9wCFURBDAodXdEJyA\"><\/div>\n<p>&#8220;Provavelmente s\u00e3o formigas cortadeiras (vegetarianas), que colocam p\u00e9talas de volta para o ninho como alimento&#8221;, disse David Notton, estudioso de\u00a0<em>Hymenoptera<\/em>\u00a0(ordem de insetos que inclui formigas, abelhas e vespas) do Museu de Hist\u00f3ria Natural, em Londres. &#8220;A abelha morta, de alguma forma, acabou em cima da entrada do ninho. Isso quer dizer que ela pode ser mais um obst\u00e1culo que impede que as formigas levem comida para a toca.&#8221;<\/p>\n<p>J\u00e1 Thomas O&#8217;shea-Wheller, pesquisador na Universidade Estadual da Louisiana, nos Estados Unidos, tem outras duas sugest\u00f5es. &#8220;Ou um \u00e9 monte de &#8216;lixo&#8217; para as formigas, que empilham v\u00e1rios itens em decomposi\u00e7\u00e3o (abelha e p\u00e9talas). Ou \u00e9 uma &#8216;loja de alimentos&#8217;, na qual s\u00e3o armazenados itens que elas j\u00e1 t\u00eam&#8221;, ele comentou. &#8220;De qualquer forma, elas parecem tratar a abelha e as p\u00e9talas como se fosem o mesmo tipo coisa ou produto residual, o que d\u00e1 apar\u00eancia do &#8216;funeral de abelha&#8217;.&#8221;<\/p>\n<p>&nbsp;<\/p>\n<div class=\"youtube componente_materia\"><iframe loading=\"lazy\" src=\"https:\/\/www.youtube.com\/embed\/dyHNhgtjckk\" width=\"100\" height=\"100\" frameborder=\"0\" scrolling=\"no\"><\/iframe><\/div>\n<p>Segundo o site\u00a0<a href=\"https:\/\/www.iflscience.com\/plants-and-animals\/are-these-ants-really-giving-a-bee-a-funeral-or-doing-something-much-more-sinister\/\" target=\"_top\"><em>IFL Science<\/em><\/a>, formigas, abelhas e vespas t\u00eam um comportamento complexo para lidar com seus mortos: esses insetos tomam algumas atitudes para o bem do grupo, pois a comunidade vem em primeiro lugar.<\/p>\n<p>Como em qualquer col\u00f4nia ou colm\u00e9ia, os insetos s\u00e3o divididos por tarefas. Essas divis\u00f5es de trabalho incluem a remo\u00e7\u00e3o dos mortos ou moribundos para evitar que alguma doen\u00e7a ou infec\u00e7\u00e3o se espalhem.<\/p>\n<p>As formigas, por exemplo, levam as mortas para fora da col\u00f4nia at\u00e9 uma dist\u00e2ncia segura, muitas vezes para o mesmo lugar, como um &#8220;cemit\u00e9rio&#8221;. J\u00e1 as abelhas voam com as mortas para fora e as despejam no ch\u00e3o, que pode ter sido o caso da abelha do v\u00eddeo.<\/p>\n","protected":false},"excerpt":{"rendered":"<p>Um\u00a0v\u00eddeo\u00a0mostra uma abelha morta cercada de p\u00e9talas de flor rosas que est\u00e3o se &#8220;movendo&#8221;. Observando<\/p>\n","protected":false},"author":2,"featured_media":90680,"comment_status":"open","ping_status":"open","sticky":false,"template":"","format":"standard","meta":[],"categories":[],"tags":[],"uagb_featured_image_src":{"full":["https:\/\/espacoecologico.com.br\/arquivo\/wp-content\/uploads\/2018\/08\/abelha.jpg",415,265,false],"thumbnail":["https:\/\/espacoecologico.com.br\/arquivo\/wp-content\/uploads\/2018\/08\/abelha-150x150.jpg",150,150,true],"medium":["https:\/\/espacoecologico.com.br\/arquivo\/wp-content\/uploads\/2018\/08\/abelha-300x192.jpg",300,192,true],"medium_large":["https:\/\/espacoecologico.com.br\/arquivo\/wp-content\/uploads\/2018\/08\/abelha.jpg",415,265,false],"large":["https:\/\/espacoecologico.com.br\/arquivo\/wp-content\/uploads\/2018\/08\/abelha.jpg",415,265,false],"1536x1536":["https:\/\/espacoecologico.com.br\/arquivo\/wp-content\/uploads\/2018\/08\/abelha.jpg",415,265,false],"2048x2048":["https:\/\/espacoecologico.com.br\/arquivo\/wp-content\/uploads\/2018\/08\/abelha.jpg",415,265,false],"cream-magazine-thumbnail-2":["https:\/\/espacoecologico.com.br\/arquivo\/wp-content\/uploads\/2018\/08\/abelha.jpg",415,265,false],"cream-magazine-thumbnail-3":["https:\/\/espacoecologico.com.br\/arquivo\/wp-content\/uploads\/2018\/08\/abelha.jpg",415,265,false],"cream-magazine-thumbnail-4":["https:\/\/espacoecologico.com.br\/arquivo\/wp-content\/uploads\/2018\/08\/abelha.jpg",415,265,false]},"uagb_author_info":{"display_name":"","author_link":"https:\/\/espacoecologico.com.br\/arquivo\/author\/"},"uagb_comment_info":0,"uagb_excerpt":"Um\u00a0v\u00eddeo\u00a0mostra uma abelha morta cercada de p\u00e9talas de flor rosas que est\u00e3o se &#8220;movendo&#8221;. Observando","_links":{"self":[{"href":"https:\/\/espacoecologico.com.br\/arquivo\/wp-json\/wp\/v2\/posts\/90679"}],"collection":[{"href":"https:\/\/espacoecologico.com.br\/arquivo\/wp-json\/wp\/v2\/posts"}],"about":[{"href":"https:\/\/espacoecologico.com.br\/arquivo\/wp-json\/wp\/v2\/types\/post"}],"author":[{"embeddable":true,"href":"https:\/\/espacoecologico.com.br\/arquivo\/wp-json\/wp\/v2\/users\/2"}],"replies":[{"embeddable":true,"href":"https:\/\/espacoecologico.com.br\/arquivo\/wp-json\/wp\/v2\/comments?post=90679"}],"version-history":[{"count":0,"href":"https:\/\/espacoecologico.com.br\/arquivo\/wp-json\/wp\/v2\/posts\/90679\/revisions"}],"wp:featuredmedia":[{"embeddable":true,"href":"https:\/\/espacoecologico.com.br\/arquivo\/wp-json\/wp\/v2\/media\/90680"}],"wp:attachment":[{"href":"https:\/\/espacoecologico.com.br\/arquivo\/wp-json\/wp\/v2\/media?parent=90679"}],"wp:term":[{"taxonomy":"category","embeddable":true,"href":"https:\/\/espacoecologico.com.br\/arquivo\/wp-json\/wp\/v2\/categories?post=90679"},{"taxonomy":"post_tag","embeddable":true,"href":"https:\/\/espacoecologico.com.br\/arquivo\/wp-json\/wp\/v2\/tags?post=90679"}],"curies":[{"name":"wp","href":"https:\/\/api.w.org\/{rel}","templated":true}]}}