{"id":90675,"date":"2018-08-22T12:00:18","date_gmt":"2018-08-22T15:00:18","guid":{"rendered":"https:\/\/espacoecologico.com.br\/arquivo\/?p=90675"},"modified":"2018-08-21T20:52:26","modified_gmt":"2018-08-21T23:52:26","slug":"conheca-causas-sintomas-tratamento-e-como-prevenir-tercol","status":"publish","type":"post","link":"https:\/\/espacoecologico.com.br\/arquivo\/conheca-causas-sintomas-tratamento-e-como-prevenir-tercol\/","title":{"rendered":"Conhe\u00e7a causas, sintomas, tratamento e como prevenir Ter\u00e7ol"},"content":{"rendered":"<p><a href=\"https:\/\/espacoecologico.com.br\/arquivo\/wp-content\/uploads\/2018\/08\/olho.jpg\"><img loading=\"lazy\" class=\"alignleft size-medium wp-image-90676\" src=\"https:\/\/espacoecologico.com.br\/arquivo\/wp-content\/uploads\/2018\/08\/olho-300x192.jpg\" alt=\"\" width=\"300\" height=\"192\" srcset=\"https:\/\/espacoecologico.com.br\/arquivo\/wp-content\/uploads\/2018\/08\/olho-300x192.jpg 300w, https:\/\/espacoecologico.com.br\/arquivo\/wp-content\/uploads\/2018\/08\/olho.jpg 415w\" sizes=\"(max-width: 300px) 100vw, 300px\" \/><\/a>O\u00a0<span class=\"Apple-style-span\">ter\u00e7ol<\/span>, tamb\u00e9m chamado de hord\u00e9olo, \u00e9 uma inflama\u00e7\u00e3o no olho causada pela obstru\u00e7\u00e3o das gl\u00e2ndulas dos c\u00edlios com gordura, e tamb\u00e9m pode ocorrer por conta de infec\u00e7\u00f5es bacterianas &#8211; na maioria das vezes, isso se d\u00e1 por causa de uma bact\u00e9ria chamada de\u00a0<i>estafilococos<\/i>, formando um pontinho inchado e vermelho, muito dolorido e com pus em seu interior. Pode ocorrer nas partes externa ou interna da p\u00e1lpebra. O aparecimento do\u00a0<span class=\"Apple-style-span\">ter\u00e7ol<\/span>\u00a0pode significar que sua imunidade est\u00e1 baixa.<\/p>\n<h2>Causas<\/h2>\n<p>Al\u00e9m da bact\u00e9ria citada anteriormente, o\u00a0<span class=\"Apple-style-span\">ter\u00e7ol<\/span>\u00a0pode ser causado por\u00a0<a href=\"https:\/\/www.ecycle.com.br\/component\/content\/article\/38-no-mundo\/1870-ma-higiene-bucal-pode-aumentar-chances-de-desenvolvimento-de-cancer.html\" target=\"_blank\">m\u00e1 higiene<\/a>, uso excessivo de\u00a0<a href=\"https:\/\/www.ecycle.com.br\/component\/content\/article\/46-diversos\/94-reciclagem-maquiagem.html\" target=\"_blank\">maquiagem<\/a>\u00a0ou por co\u00e7ar os olhos frequentemente. O\u00a0<span class=\"Apple-style-span\">ter\u00e7ol<\/span>\u00a0na\u00a0<a href=\"https:\/\/www.ecycle.com.br\/component\/content\/article\/35-atitude\/1052-exposicao-de-gravidas-ao-bpa-pode-alterar-comportamento-e-genes-por-geracoes.html\" target=\"_blank\">gravidez<\/a>\u00a0tamb\u00e9m \u00e9 comum, pois as altera\u00e7\u00f5es hormonais podem aumentar a produ\u00e7\u00e3o de gordura pelas gl\u00e2ndulas nas p\u00e1lpebras.\u00a0<a href=\"https:\/\/www.ecycle.com.br\/component\/content\/article\/67\/4616-atual-geracao-de-adolescentes-podera-ter-surdez-precoce-alerta-estudo.html\" target=\"_blank\">Adolescentes<\/a>\u00a0t\u00eam propens\u00e3o a ter ter\u00e7ol por conta da varia\u00e7\u00e3o hormonal caracter\u00edstica da idade e crian\u00e7as por co\u00e7arem muito os olhos com as m\u00e3os sujas.<\/p>\n<h2>Sintomas<\/h2>\n<h3>Os sintomas caracter\u00edsticos do ter\u00e7ol s\u00e3o:<\/h3>\n<ul>\n<li>Dor no olho;<\/li>\n<li>Dificuldade para abrir o olho;<\/li>\n<li>Incha\u00e7o na p\u00e1lpebra;<\/li>\n<li>Vermelhid\u00e3o local;<\/li>\n<li>Olho lacrimejando.<\/li>\n<\/ul>\n<div>O ter\u00e7ol normalmente amadurecem e estouram num per\u00edodo de quatro a cinco dias, desaparecendo sozinho em at\u00e9 duas semanas. Se n\u00e3o tratado adequadamente, pode reaparecer.<\/div>\n<div class=\"clear\"><\/div>\n<h2>Preven\u00e7\u00e3o<\/h2>\n<ul>\n<li>N\u00e3o use cosm\u00e9ticos antigos e evite compartilhar seus\u00a0<a href=\"https:\/\/www.ecycle.com.br\/component\/content\/article\/67-dia-a-dia\/2099-cosmeticos-organicos-naturais-convencionais-deferencas-tipos-materia-prima-composicao-definicao-consumidor-como-fazer-receitas.html\" target=\"_blank\">cosm\u00e9ticos<\/a>\u00a0e produtos de beleza;<\/li>\n<li><a href=\"https:\/\/www.ecycle.com.br\/component\/content\/article\/67\/2311-a-importancia-de-lavar-bem-as-maos.html\" target=\"_blank\">Lave as m\u00e3os<\/a>\u00a0regularmente;<\/li>\n<li>Antes de colocar lentes de contato, higienize-as bem e lave as m\u00e3os;<\/li>\n<li>Retire sempre a\u00a0<a href=\"https:\/\/www.ecycle.com.br\/component\/content\/article\/35\/827-maquiagem-vai-para-o-lixo-.html\" target=\"_blank\">maquiagem<\/a>\u00a0antes de dormir;<\/li>\n<li>Fa\u00e7a a higieniza\u00e7\u00e3o dos olhos ao acordar.<\/li>\n<\/ul>\n<h2>Tratamento<\/h2>\n<p>Se o ter\u00e7ol for interno, procure imediatamente um oftalmologista, pois ele indicar\u00e1\u00a0<a href=\"https:\/\/www.ecycle.com.br\/component\/content\/article\/67-dia-a-dia\/4824-bacteria-resistente-a-um-dos-mais-poderesos-antibioticos-e-encontrada-no-brasil.html\" target=\"_blank\">antibi\u00f3ticos<\/a>\u00a0para o tratamento e em alguns casos ser\u00e1 preciso fazer uma drenagem cir\u00fargica. Al\u00e9m do tratamento indicado pelo m\u00e9dico, voc\u00ea tamb\u00e9m poder\u00e1 cuidar do ter\u00e7ol em casa &#8211; fa\u00e7a a higiene dos seus olhos utilizando\u00a0<a href=\"https:\/\/www.ecycle.com.br\/component\/content\/article\/67\/2164-saiba-como-por-que-fazer-produzir-seu-proprio-xampu-condicionador-caseiro-componentes-cabelos-tipos-caspa-sedosos-receita-meio-ambiente-barato-seguro.html\" target=\"_blank\">xampu<\/a>\u00a0de beb\u00ea para tirar todas as secre\u00e7\u00f5es sem for\u00e7ar ou espremer. Voc\u00ea tamb\u00e9m poder\u00e1 fazer compressas frias de ch\u00e1 de camomila,\u00a0<a href=\"https:\/\/www.ecycle.com.br\/component\/content\/article\/62-alimentos\/4650-cha-verde-reduz-drasticamente-perda-de-importante-proteina-em-diabeticos.html\" target=\"_blank\">ch\u00e1 verde<\/a>\u00a0ou ch\u00e1 preto. Fa\u00e7a a limpeza da borda externa para a borda interna, assim o pus n\u00e3o se espalha por todo o olho. No caso do\u00a0<span class=\"Apple-style-span\">ter\u00e7ol<\/span>externo, ele poder\u00e1 desaparecer s\u00f3 com os tratamentos caseiros descritos acima, por\u00e9m se n\u00e3o sarar em uma semana, procure um m\u00e9dico para que ele indique rem\u00e9dios para o tratamento. Como a imunidade baixa favorece o aparecimento do ter\u00e7ol, procure se\u00a0<a href=\"https:\/\/www.ecycle.com.br\/component\/content\/article\/62\/2720-sete-dicas-para-uma-alimentacao-mais-saudavel-e-sustentavel.html\" target=\"_blank\">alimentar bem<\/a>\u00a0para fortalecer seu sistema imunol\u00f3gico.<\/p>\n","protected":false},"excerpt":{"rendered":"<p>O\u00a0ter\u00e7ol, tamb\u00e9m chamado de hord\u00e9olo, \u00e9 uma inflama\u00e7\u00e3o no olho causada pela obstru\u00e7\u00e3o das gl\u00e2ndulas<\/p>\n","protected":false},"author":2,"featured_media":90676,"comment_status":"open","ping_status":"open","sticky":false,"template":"","format":"standard","meta":[],"categories":[],"tags":[],"uagb_featured_image_src":{"full":["https:\/\/espacoecologico.com.br\/arquivo\/wp-content\/uploads\/2018\/08\/olho.jpg",415,265,false],"thumbnail":["https:\/\/espacoecologico.com.br\/arquivo\/wp-content\/uploads\/2018\/08\/olho-150x150.jpg",150,150,true],"medium":["https:\/\/espacoecologico.com.br\/arquivo\/wp-content\/uploads\/2018\/08\/olho-300x192.jpg",300,192,true],"medium_large":["https:\/\/espacoecologico.com.br\/arquivo\/wp-content\/uploads\/2018\/08\/olho.jpg",415,265,false],"large":["https:\/\/espacoecologico.com.br\/arquivo\/wp-content\/uploads\/2018\/08\/olho.jpg",415,265,false],"1536x1536":["https:\/\/espacoecologico.com.br\/arquivo\/wp-content\/uploads\/2018\/08\/olho.jpg",415,265,false],"2048x2048":["https:\/\/espacoecologico.com.br\/arquivo\/wp-content\/uploads\/2018\/08\/olho.jpg",415,265,false],"cream-magazine-thumbnail-2":["https:\/\/espacoecologico.com.br\/arquivo\/wp-content\/uploads\/2018\/08\/olho.jpg",415,265,false],"cream-magazine-thumbnail-3":["https:\/\/espacoecologico.com.br\/arquivo\/wp-content\/uploads\/2018\/08\/olho.jpg",415,265,false],"cream-magazine-thumbnail-4":["https:\/\/espacoecologico.com.br\/arquivo\/wp-content\/uploads\/2018\/08\/olho.jpg",415,265,false]},"uagb_author_info":{"display_name":"","author_link":"https:\/\/espacoecologico.com.br\/arquivo\/author\/"},"uagb_comment_info":0,"uagb_excerpt":"O\u00a0ter\u00e7ol, tamb\u00e9m chamado de hord\u00e9olo, \u00e9 uma inflama\u00e7\u00e3o no olho causada pela obstru\u00e7\u00e3o das gl\u00e2ndulas","_links":{"self":[{"href":"https:\/\/espacoecologico.com.br\/arquivo\/wp-json\/wp\/v2\/posts\/90675"}],"collection":[{"href":"https:\/\/espacoecologico.com.br\/arquivo\/wp-json\/wp\/v2\/posts"}],"about":[{"href":"https:\/\/espacoecologico.com.br\/arquivo\/wp-json\/wp\/v2\/types\/post"}],"author":[{"embeddable":true,"href":"https:\/\/espacoecologico.com.br\/arquivo\/wp-json\/wp\/v2\/users\/2"}],"replies":[{"embeddable":true,"href":"https:\/\/espacoecologico.com.br\/arquivo\/wp-json\/wp\/v2\/comments?post=90675"}],"version-history":[{"count":0,"href":"https:\/\/espacoecologico.com.br\/arquivo\/wp-json\/wp\/v2\/posts\/90675\/revisions"}],"wp:featuredmedia":[{"embeddable":true,"href":"https:\/\/espacoecologico.com.br\/arquivo\/wp-json\/wp\/v2\/media\/90676"}],"wp:attachment":[{"href":"https:\/\/espacoecologico.com.br\/arquivo\/wp-json\/wp\/v2\/media?parent=90675"}],"wp:term":[{"taxonomy":"category","embeddable":true,"href":"https:\/\/espacoecologico.com.br\/arquivo\/wp-json\/wp\/v2\/categories?post=90675"},{"taxonomy":"post_tag","embeddable":true,"href":"https:\/\/espacoecologico.com.br\/arquivo\/wp-json\/wp\/v2\/tags?post=90675"}],"curies":[{"name":"wp","href":"https:\/\/api.w.org\/{rel}","templated":true}]}}