{"id":90670,"date":"2018-08-22T11:00:29","date_gmt":"2018-08-22T14:00:29","guid":{"rendered":"https:\/\/espacoecologico.com.br\/arquivo\/?p=90670"},"modified":"2018-08-21T20:49:37","modified_gmt":"2018-08-21T23:49:37","slug":"a-mochila-high-tech-que-pode-coletar-do-ar-40-litros-de-agua-por-hora","status":"publish","type":"post","link":"https:\/\/espacoecologico.com.br\/arquivo\/a-mochila-high-tech-que-pode-coletar-do-ar-40-litros-de-agua-por-hora\/","title":{"rendered":"A mochila high-tech que pode &#8216;coletar do ar&#8217; 40 litros de \u00e1gua por hora"},"content":{"rendered":"<div class=\"mc-column content-text active-extra-styles active-capital-letter\" data-block-type=\"unstyled\" data-block-weight=\"61\" data-block-id=\"2\">\n<p class=\"content-text__container theme-color-primary-first-letter\" data-track-category=\"Link no Texto\" data-track-links=\"\"><a href=\"https:\/\/espacoecologico.com.br\/arquivo\/wp-content\/uploads\/2018\/08\/camelo.jpg\"><img loading=\"lazy\" class=\"alignleft size-medium wp-image-90671\" src=\"https:\/\/espacoecologico.com.br\/arquivo\/wp-content\/uploads\/2018\/08\/camelo-300x192.jpg\" alt=\"\" width=\"300\" height=\"192\" srcset=\"https:\/\/espacoecologico.com.br\/arquivo\/wp-content\/uploads\/2018\/08\/camelo-300x192.jpg 300w, https:\/\/espacoecologico.com.br\/arquivo\/wp-content\/uploads\/2018\/08\/camelo.jpg 415w\" sizes=\"(max-width: 300px) 100vw, 300px\" \/><\/a>Em um cen\u00e1rio contempor\u00e2neo marcado por aquecimento global e sucessivas crises h\u00eddricas, muitos s\u00e3o os cientistas que buscam alternativas para a obten\u00e7\u00e3o de \u00e1gua pot\u00e1vel. E todos s\u00e3o un\u00e2nimes em um ponto de vista: as solu\u00e7\u00f5es, neste quesito, jamais s\u00e3o concorrentes; elas se somam e precisam ser adotadas dentro de par\u00e2metros de consci\u00eancia ambiental e uso sustent\u00e1vel dos recursos do planeta.<\/p>\n<\/div>\n<div class=\"wall\">\n<div class=\"mc-column content-text active-extra-styles \" data-block-type=\"unstyled\" data-block-weight=\"73\" data-block-id=\"3\">\n<p class=\"content-text__container \" data-track-category=\"Link no Texto\" data-track-links=\"\">Uma novidade neste campo \u00e9 a proposta apresentada nesta ter\u00e7a-feira (21) pelo engenheiro mec\u00e2nico Shing-Chung Josh Wong, professor da Universidade de Akron, nos Estados Unidos. Em um evento promovido pela American Chemical Society, ele demonstrou a viabilidade de uma engenhoca que promete servir para &#8220;coletar&#8221; part\u00edculas de \u00e1gua da atmosfera. Em forma de uma mochila, seria capaz de obter at\u00e9 40 litros de \u00e1gua limpa e pot\u00e1vel por hora, mesmo em ambientes \u00e1ridos.<\/p>\n<\/div>\n<div class=\"mc-column content-text active-extra-styles \" data-block-type=\"unstyled\" data-block-weight=\"63\" data-block-id=\"4\">\n<p class=\"content-text__container \" data-track-category=\"Link no Texto\" data-track-links=\"\">&#8220;O nosso mecanismo simplesmente miniaturiza o mecanismo natural, j\u00e1 que part\u00edculas atmosf\u00e9rica de \u00e1gua no ar s\u00e3o a maior fonte de abastecimento de \u00e1gua fresca no planeta&#8221;, explicou o cientista \u00e0 BBC News Brasil. &#8220;Gra\u00e7as \u00e0 nanotecnologia, fornecemos uma grande \u00e1rea superficial por unidade de volume, coletando a \u00e1gua eficientemente da atmosfera com o m\u00ednimo de energia, sob diferenciais de press\u00e3o e temperatura.&#8221;<\/p>\n<\/div>\n<div class=\"mc-column content-media content-media--normal content-photo\" data-block-type=\"backstage-photo\" data-block-id=\"5\">\n<div class=\"content-media__container\">\n<div class=\"content-media__image-centered\">\n<div class=\"progressive-img can-open-lightbox\" data-min-size=\"1008x1133\" data-min-size-url=\"https:\/\/s2.glbimg.com\/G4dtd7mINhOYysPOy4nDiyY9Kq8=\/0x0:580x652\/1008x0\/smart\/filters:strip_icc()\/i.s3.glbimg.com\/v1\/AUTH_59edd422c0c84a879bd37670ae4f538a\/internal_photos\/bs\/2018\/d\/8\/OzrxOySluSxAduKfzQeA\/mochila.jpg\" data-max-size=\"1600x1798\" data-max-size-url=\"https:\/\/s2.glbimg.com\/CYs0vT-qWPARzB4oNNvVn3DjJMc=\/0x0:580x652\/1600x0\/smart\/filters:strip_icc()\/i.s3.glbimg.com\/v1\/AUTH_59edd422c0c84a879bd37670ae4f538a\/internal_photos\/bs\/2018\/d\/8\/OzrxOySluSxAduKfzQeA\/mochila.jpg\" data-media-index=\"1\">\n<div class=\"placeholder-container\"><\/div>\n<picture><img loading=\"lazy\" class=\"image content-media__image progressive-loaded\" title=\"Diagrama que mostra como seria a mochila desenvolvida pelos pesquisadores (Foto: Akron University\/BBC)\" src=\"https:\/\/s2.glbimg.com\/QuWzQ2nHISKpKInV__iCUaRCL8Q=\/0x0:580x652\/984x0\/smart\/filters:strip_icc()\/i.s3.glbimg.com\/v1\/AUTH_59edd422c0c84a879bd37670ae4f538a\/internal_photos\/bs\/2018\/d\/8\/OzrxOySluSxAduKfzQeA\/mochila.jpg\" alt=\"Diagrama que mostra como seria a mochila desenvolvida pelos pesquisadores (Foto: Akron University\/BBC)\" width=\"639\" height=\"718\" data-src=\"https:\/\/s2.glbimg.com\/QuWzQ2nHISKpKInV__iCUaRCL8Q=\/0x0:580x652\/984x0\/smart\/filters:strip_icc()\/i.s3.glbimg.com\/v1\/AUTH_59edd422c0c84a879bd37670ae4f538a\/internal_photos\/bs\/2018\/d\/8\/OzrxOySluSxAduKfzQeA\/mochila.jpg\" \/><\/picture>\n<\/div>\n<\/div>\n<div class=\"content-media__description-centered \">\n<p class=\"content-media__description\"><i class=\"content-media__description__icon theme-color-primary\"><\/i><span class=\"content-media__description__caption\">Diagrama que mostra como seria a mochila desenvolvida pelos pesquisadores (Foto: Akron University\/BBC)<\/span><\/p>\n<\/div>\n<\/div>\n<\/div>\n<div class=\"mc-column content-text active-extra-styles \" data-block-type=\"unstyled\" data-block-weight=\"69\" data-block-id=\"6\">\n<p class=\"content-text__container \" data-track-category=\"Link no Texto\" data-track-links=\"\">O modelo desenvolvido pela equipe de Wong, que ainda n\u00e3o saiu do papel, \u00e9 semelhante a uma mochila. De acordo com o cientista, a inspira\u00e7\u00e3o veio de um curioso inseto, o besouro-da-nam\u00edbia. O bicho, que habita o hiper\u00e1rido deserto do pa\u00eds africano que lhe empresta o nome, retira toda a \u00e1gua de que necessita para viver gra\u00e7as a um sistema de absor\u00e7\u00e3o de part\u00edculas do ar em sua carapa\u00e7a.<\/p>\n<\/div>\n<div class=\"content-ads content-ads--reveal\" data-block-type=\"ads\" data-block-id=\"7\"><\/div>\n<div class=\"mc-column content-text active-extra-styles\" data-block-type=\"raw\" data-block-weight=\"37\" data-block-id=\"8\">\n<blockquote class=\"content-blockquote theme-border-color-primary-before\"><p>&#8220;Tive a ideia quando estava visitando a China, que tem um problema de escassez de \u00e1gua doce. H\u00e1 investimento em tratamento de \u00e1guas residuais, mas pensei que era preciso somar esfor\u00e7os em outras frentes&#8221;, contou o cientista.<\/p><\/blockquote>\n<\/div>\n<div class=\"mc-column content-text active-extra-styles\" data-block-type=\"raw\" data-block-weight=\"1\" data-block-id=\"9\">\n<div class=\"content-intertitle\">\n<h2>T\u00e9cnica<\/h2>\n<\/div>\n<\/div>\n<div class=\"mc-column content-text active-extra-styles \" data-block-type=\"unstyled\" data-block-weight=\"49\" data-block-id=\"10\">\n<p class=\"content-text__container \" data-track-category=\"Link no Texto\" data-track-links=\"\">Coletar a \u00e1gua do ar n\u00e3o \u00e9 uma novidade. Milhares de anos atr\u00e1s, o princ\u00edpio j\u00e1 era utilizado pelos incas, que coletavam o orvalho das madrugadas nos Andes e o canalizavam para cisternas. Mecanismos semelhantes j\u00e1 eram adotados h\u00e1 pelo menos 2 mil anos em desertos do Oriente M\u00e9dio.<\/p>\n<\/div>\n<div class=\"mc-column content-text active-extra-styles \" data-block-type=\"unstyled\" data-block-weight=\"24\" data-block-id=\"11\">\n<p class=\"content-text__container \" data-track-category=\"Link no Texto\" data-track-links=\"\">Hoje em dia, com tecnologia de ponta, h\u00e1 equipamentos que aproveitam a neblina da manh\u00e3 sobretudo em regi\u00f5es secas nos Andes e na \u00c1frica.<\/p>\n<\/div>\n<div class=\"mc-column content-text active-extra-styles\" data-block-type=\"raw\" data-block-weight=\"79\" data-block-id=\"12\">\n<blockquote class=\"content-blockquote theme-border-color-primary-before\"><p>O avan\u00e7o do mecanismo proposto por Wong \u00e9 justamente o que permite efici\u00eancia em um equipamento relativamente pequeno: a tecnologia do material. &#8220;Usar a nanotecnologia para &#8216;colher&#8217; \u00e1gua da atmosfera \u00e9 algo que ainda est\u00e1 na inf\u00e2ncia&#8221;, disse. &#8220;Meu objetivo \u00e9 estimular interesses nesse campo, de modo que a sociedade possa investir mais recursos nessa dire\u00e7\u00e3o de energia renov\u00e1vel, em vez de usar apenas a tradicional dessaliniza\u00e7\u00e3o ou o tratamento de \u00e1gua de esgoto, cujos trabalhos j\u00e1 foram maximizados.&#8221;<\/p><\/blockquote>\n<\/div>\n<div class=\"mc-column content-text active-extra-styles \" data-block-type=\"unstyled\" data-block-weight=\"39\" data-block-id=\"13\">\n<p class=\"content-text__container \" data-track-category=\"Link no Texto\" data-track-links=\"\">O pesquisador acredita que, no futuro, um programa semelhante poderia ser uma &#8220;solu\u00e7\u00e3o vi\u00e1vel&#8221; para locais afetados pela seca, como o Estado americano da Calif\u00f3rnia, a regi\u00e3o noroeste da China, diversas regi\u00f5es africanas, partes da Austr\u00e1lia e do Brasil.<\/p>\n<\/div>\n<div class=\"mc-column content-text active-extra-styles \" data-block-type=\"unstyled\" data-block-weight=\"29\" data-block-id=\"14\">\n<p class=\"content-text__container \" data-track-category=\"Link no Texto\" data-track-links=\"\">&#8220;Acredito que governos ou companhias possam criar algum programa para financiar tal mecanismo&#8221;, disse Wong, que est\u00e1 em busca de financiamento para transformar o prot\u00f3tipo em um produto consolidado.<\/p>\n<\/div>\n<div class=\"mc-column content-text active-extra-styles \" data-block-type=\"unstyled\" data-block-weight=\"24\" data-block-id=\"15\">\n<p class=\"content-text__container \" data-track-category=\"Link no Texto\" data-track-links=\"\">O cientista n\u00e3o crava o valor que o produto custaria, mas acredita que a mochila coletadora, em escala, possa ser produzida a custo acess\u00edvel.<\/p>\n<\/div>\n<div class=\"mc-column content-text active-extra-styles\" data-block-type=\"raw\" data-block-weight=\"1\" data-block-id=\"16\">\n<div class=\"content-intertitle\">\n<h2>Nanotecnologia<\/h2>\n<\/div>\n<\/div>\n<div class=\"mc-column content-text active-extra-styles \" data-block-type=\"unstyled\" data-block-weight=\"57\" data-block-id=\"17\">\n<p class=\"content-text__container \" data-track-category=\"Link no Texto\" data-track-links=\"\">O material utilizado por Wong e sua equipe foram os pol\u00edmeros obtidos a partir de eletroforese. O resultado s\u00e3o fibras que variam de poucas dezenas de nan\u00f4metros at\u00e9 um micrometro, ou seja, com entrela\u00e7amento microsc\u00f3pico. Tais pol\u00edmeros oferecem uma rela\u00e7\u00e3o superf\u00edcie-volume incrivelmente alta, muito maior do que as fornecidas pelos destiladores de \u00e1gua que existem no mercado.<\/p>\n<\/div>\n<div class=\"content-ads content-ads--reveal\" data-block-type=\"ads\" data-block-id=\"18\"><\/div>\n<div class=\"mc-column content-text active-extra-styles \" data-block-type=\"unstyled\" data-block-weight=\"59\" data-block-id=\"19\">\n<p class=\"content-text__container \" data-track-category=\"Link no Texto\" data-track-links=\"\">Essa mochila coletadora de \u00e1gua, de acordo com os cientistas, funcionaria at\u00e9 em ambientes des\u00e9rticos &#8211; justamente por conta da efici\u00eancia desse material, que ainda por cima atrai part\u00edculas de \u00e1gua. O consumo de energia tamb\u00e9m seria baixo. &#8220;Com os recentes avan\u00e7os nas baterias de \u00edons de l\u00edtio, penso em um dispositivo menor, do tamanho de uma mochila&#8221;, comentou.<\/p>\n<\/div>\n<div class=\"mc-column content-text active-extra-styles \" data-block-type=\"unstyled\" data-block-weight=\"31\" data-block-id=\"20\">\n<p class=\"content-text__container \" data-track-category=\"Link no Texto\" data-track-links=\"\">As nanofibras absorvem a \u00e1gua do ar e a filtram. Para otimizar o fluxo do ar e, assim, tornar a capta\u00e7\u00e3o mais eficiente, o projeto precia ser alimentado por uma bateria.<\/p>\n<\/div>\n<div class=\"mc-column content-text active-extra-styles \" data-block-type=\"unstyled\" data-block-weight=\"17\" data-block-id=\"21\">\n<p class=\"content-text__container \" data-track-category=\"Link no Texto\" data-track-links=\"\">O consumo de energia seria baixo, faria uso de &#8220;recentes avan\u00e7os nas baterias de \u00edons de l\u00edtio&#8221;.<\/p>\n<\/div>\n<div class=\"mc-column content-text active-extra-styles \" data-block-type=\"unstyled\" data-block-weight=\"25\" data-block-id=\"22\">\n<p class=\"content-text__container \" data-track-category=\"Link no Texto\" data-track-links=\"\">Gra\u00e7as aos poros microsc\u00f3picos, at\u00e9 micr\u00f3bios s\u00e3o filtrados. O mecanismo obteria, portanto, uma \u00e1gua limpa e livre de poluentes. &#8220;E imediatamente pot\u00e1vel&#8221;, garantiu o cientista.<\/p>\n<\/div>\n<div class=\"mc-column content-text active-extra-styles\" data-block-type=\"raw\" data-block-weight=\"25\" data-block-id=\"23\">\n<blockquote class=\"content-blockquote theme-border-color-primary-before\"><p>&#8220;\u00c9 a primeira vez que uma coletadora port\u00e1til de \u00e1gua ser\u00e1 projetada e fabricada por membranas de pol\u00edmero de eletroforese, com uma abordagem bioinspirada&#8221;, resumiu.<\/p><\/blockquote>\n<\/div>\n<div class=\"mc-column content-text active-extra-styles\" data-block-type=\"raw\" data-block-weight=\"3\" data-block-id=\"24\">\n<div class=\"content-intertitle\">\n<h2>Escassez de \u00e1gua<\/h2>\n<\/div>\n<\/div>\n<div class=\"mc-column content-text active-extra-styles \" data-block-type=\"unstyled\" data-block-weight=\"48\" data-block-id=\"25\">\n<p class=\"content-text__container \" data-track-category=\"Link no Texto\" data-track-links=\"\">Wong aproveita sua pesquisa para fazer um alerta sobre o problema mundial da escassez de \u00e1gua. Conforme ele ressalta em seu estudo, de toda a \u00e1gua dispon\u00edvel no planeta, apenas 2,5% \u00e9 doce. E tr\u00eas quartos desse total est\u00e1 em forma de gelo, nos polos Norte e Sul.<\/p>\n<\/div>\n<\/div>\n<div data-track-category=\"fim do conteudo\" data-track-action=\"ultimo chunk conteudo\" data-track-noninteraction=\"false\" data-track-scroll=\"entrada completa viewport\">\n<div class=\"mc-column content-text active-extra-styles \" data-block-type=\"unstyled\" data-block-weight=\"46\" data-block-id=\"26\">\n<p class=\"content-text__container \" data-track-category=\"Link no Texto\" data-track-links=\"\">&#8220;A maior parte dos esfor\u00e7os de pesquisa sobre sustentabilidade da \u00e1gua s\u00e3o direcionados para o abastecimento, a purifica\u00e7\u00e3o, o tratamento de \u00e1guas residuais e a dessaliniza\u00e7\u00e3o&#8221;, enumerou, no estudo. &#8220;Pouca aten\u00e7\u00e3o ainda \u00e9 dada para os mecanismos de capta\u00e7\u00e3o de \u00e1gua a partir de part\u00edculas atmosf\u00e9ricas.&#8221;<\/p>\n<\/div>\n<\/div>\n","protected":false},"excerpt":{"rendered":"<p>Em um cen\u00e1rio contempor\u00e2neo marcado por aquecimento global e sucessivas crises h\u00eddricas, muitos s\u00e3o os<\/p>\n","protected":false},"author":2,"featured_media":90671,"comment_status":"open","ping_status":"open","sticky":false,"template":"","format":"standard","meta":[],"categories":[],"tags":[],"uagb_featured_image_src":{"full":["https:\/\/espacoecologico.com.br\/arquivo\/wp-content\/uploads\/2018\/08\/camelo.jpg",415,265,false],"thumbnail":["https:\/\/espacoecologico.com.br\/arquivo\/wp-content\/uploads\/2018\/08\/camelo-150x150.jpg",150,150,true],"medium":["https:\/\/espacoecologico.com.br\/arquivo\/wp-content\/uploads\/2018\/08\/camelo-300x192.jpg",300,192,true],"medium_large":["https:\/\/espacoecologico.com.br\/arquivo\/wp-content\/uploads\/2018\/08\/camelo.jpg",415,265,false],"large":["https:\/\/espacoecologico.com.br\/arquivo\/wp-content\/uploads\/2018\/08\/camelo.jpg",415,265,false],"1536x1536":["https:\/\/espacoecologico.com.br\/arquivo\/wp-content\/uploads\/2018\/08\/camelo.jpg",415,265,false],"2048x2048":["https:\/\/espacoecologico.com.br\/arquivo\/wp-content\/uploads\/2018\/08\/camelo.jpg",415,265,false],"cream-magazine-thumbnail-2":["https:\/\/espacoecologico.com.br\/arquivo\/wp-content\/uploads\/2018\/08\/camelo.jpg",415,265,false],"cream-magazine-thumbnail-3":["https:\/\/espacoecologico.com.br\/arquivo\/wp-content\/uploads\/2018\/08\/camelo.jpg",415,265,false],"cream-magazine-thumbnail-4":["https:\/\/espacoecologico.com.br\/arquivo\/wp-content\/uploads\/2018\/08\/camelo.jpg",415,265,false]},"uagb_author_info":{"display_name":"","author_link":"https:\/\/espacoecologico.com.br\/arquivo\/author\/"},"uagb_comment_info":0,"uagb_excerpt":"Em um cen\u00e1rio contempor\u00e2neo marcado por aquecimento global e sucessivas crises h\u00eddricas, muitos s\u00e3o os","_links":{"self":[{"href":"https:\/\/espacoecologico.com.br\/arquivo\/wp-json\/wp\/v2\/posts\/90670"}],"collection":[{"href":"https:\/\/espacoecologico.com.br\/arquivo\/wp-json\/wp\/v2\/posts"}],"about":[{"href":"https:\/\/espacoecologico.com.br\/arquivo\/wp-json\/wp\/v2\/types\/post"}],"author":[{"embeddable":true,"href":"https:\/\/espacoecologico.com.br\/arquivo\/wp-json\/wp\/v2\/users\/2"}],"replies":[{"embeddable":true,"href":"https:\/\/espacoecologico.com.br\/arquivo\/wp-json\/wp\/v2\/comments?post=90670"}],"version-history":[{"count":0,"href":"https:\/\/espacoecologico.com.br\/arquivo\/wp-json\/wp\/v2\/posts\/90670\/revisions"}],"wp:featuredmedia":[{"embeddable":true,"href":"https:\/\/espacoecologico.com.br\/arquivo\/wp-json\/wp\/v2\/media\/90671"}],"wp:attachment":[{"href":"https:\/\/espacoecologico.com.br\/arquivo\/wp-json\/wp\/v2\/media?parent=90670"}],"wp:term":[{"taxonomy":"category","embeddable":true,"href":"https:\/\/espacoecologico.com.br\/arquivo\/wp-json\/wp\/v2\/categories?post=90670"},{"taxonomy":"post_tag","embeddable":true,"href":"https:\/\/espacoecologico.com.br\/arquivo\/wp-json\/wp\/v2\/tags?post=90670"}],"curies":[{"name":"wp","href":"https:\/\/api.w.org\/{rel}","templated":true}]}}