{"id":90666,"date":"2018-08-22T10:00:19","date_gmt":"2018-08-22T13:00:19","guid":{"rendered":"https:\/\/espacoecologico.com.br\/arquivo\/?p=90666"},"modified":"2018-08-21T20:45:39","modified_gmt":"2018-08-21T23:45:39","slug":"o-estado-americano-do-havai-proibira-protetores-solares-para-proteger-corais","status":"publish","type":"post","link":"https:\/\/espacoecologico.com.br\/arquivo\/o-estado-americano-do-havai-proibira-protetores-solares-para-proteger-corais\/","title":{"rendered":"O estado americano do Hava\u00ed proibir\u00e1 protetores solares para proteger corais"},"content":{"rendered":"<p><a href=\"https:\/\/espacoecologico.com.br\/arquivo\/wp-content\/uploads\/2018\/08\/protetor.jpg\"><img loading=\"lazy\" class=\"alignleft size-medium wp-image-90667\" src=\"https:\/\/espacoecologico.com.br\/arquivo\/wp-content\/uploads\/2018\/08\/protetor-300x192.jpg\" alt=\"\" width=\"300\" height=\"192\" srcset=\"https:\/\/espacoecologico.com.br\/arquivo\/wp-content\/uploads\/2018\/08\/protetor-300x192.jpg 300w, https:\/\/espacoecologico.com.br\/arquivo\/wp-content\/uploads\/2018\/08\/protetor.jpg 415w\" sizes=\"(max-width: 300px) 100vw, 300px\" \/><\/a>O estado americano do\u00a0<strong>Hava\u00ed<\/strong>, conhecido pela beleza e diversidade de suas ilhas, anunciou recentemente que banir\u00e1 a comercializa\u00e7\u00e3o de certos tipos de\u00a0<strong>protetor solar<\/strong>\u00a0a partir de 2021. A decis\u00e3o se baseia em um estudo de 2015 que constatou que os filtros contendo os compostos qu\u00edmicos\u00a0octinoxato e\u00a0oxibenzona podem causar o branqueamento de corais marinhos, o que os prejudica. Enquanto a primeira subst\u00e2ncia pode ser encontrada tamb\u00e9m em produtos labiais, a segunda est\u00e1 presente em v\u00e1rios tipos de hidratante.<\/p>\n<p>Quando branqueados, os corais ficam mais fr\u00e1geis e podem chegar at\u00e9 mesmo a morrer. O processo mencionado pode interferir no material gen\u00e9tico e enfraquecer suas estruturas f\u00edsicas. O dano aos corpos desses animais pode ser negativo n\u00e3o apenas para eles, mas tamb\u00e9m para todos os seres que compartilham a sua cadeia alimentar. Isso cria um efeito em cascata de destrui\u00e7\u00e3o.<\/p>\n<p>A descoberta cient\u00edfica \u00e9 alarmante por causa do contexto em que vem \u00e0 tona. Com o aquecimento global e a conscientiza\u00e7\u00e3o acerca do c\u00e2ncer de pele, cresce o uso de protetor solar.\u00a0 Em raz\u00e3o disso, o governo havaiano resolveu proibir o uso de filtros solares que contenham octinoxato e oxibenzona, no prazo m\u00e1ximo de tr\u00eas anos. Assim, \u00e9 esperado que a vida marinha da regi\u00e3o seja mantida a mais saud\u00e1vel poss\u00edvel, pelo menos em rela\u00e7\u00e3o ao branqueamento dos corais.<\/p>\n<p>A decis\u00e3o foi aplaudida por ambientalistas, que veem como positiva a a\u00e7\u00e3o de diminuir o dano aos corais e preservar a vida nos mares e oceanos. Por outro lado, alguns dermatologistas enxergam a a\u00e7\u00e3o como problem\u00e1tica. Quando a medida anunciada no Hava\u00ed entrar em vigor, existe a possibilidade de que, em vez de trocar a marca do protetor por uma que n\u00e3o utilize os compostos que prejudicam os animais marinhos, as pessoas simplesmente parem de aplicar filtros solares. Isso poderia acarretar um crescimento na taxa de c\u00e2ncer de pele na regi\u00e3o, o que criaria um grande problema de sa\u00fade p\u00fablica.<\/p>\n<p>O dilema fica, dessa forma, entre potencialmente prejudicar a n\u00f3s mesmos ou cuidar dos outros seres vivos com os quais dividimos a Terra.<\/p>\n","protected":false},"excerpt":{"rendered":"<p>O estado americano do\u00a0Hava\u00ed, conhecido pela beleza e diversidade de suas ilhas, anunciou recentemente que<\/p>\n","protected":false},"author":2,"featured_media":90667,"comment_status":"open","ping_status":"open","sticky":false,"template":"","format":"standard","meta":[],"categories":[],"tags":[],"uagb_featured_image_src":{"full":["https:\/\/espacoecologico.com.br\/arquivo\/wp-content\/uploads\/2018\/08\/protetor.jpg",415,265,false],"thumbnail":["https:\/\/espacoecologico.com.br\/arquivo\/wp-content\/uploads\/2018\/08\/protetor-150x150.jpg",150,150,true],"medium":["https:\/\/espacoecologico.com.br\/arquivo\/wp-content\/uploads\/2018\/08\/protetor-300x192.jpg",300,192,true],"medium_large":["https:\/\/espacoecologico.com.br\/arquivo\/wp-content\/uploads\/2018\/08\/protetor.jpg",415,265,false],"large":["https:\/\/espacoecologico.com.br\/arquivo\/wp-content\/uploads\/2018\/08\/protetor.jpg",415,265,false],"1536x1536":["https:\/\/espacoecologico.com.br\/arquivo\/wp-content\/uploads\/2018\/08\/protetor.jpg",415,265,false],"2048x2048":["https:\/\/espacoecologico.com.br\/arquivo\/wp-content\/uploads\/2018\/08\/protetor.jpg",415,265,false],"cream-magazine-thumbnail-2":["https:\/\/espacoecologico.com.br\/arquivo\/wp-content\/uploads\/2018\/08\/protetor.jpg",415,265,false],"cream-magazine-thumbnail-3":["https:\/\/espacoecologico.com.br\/arquivo\/wp-content\/uploads\/2018\/08\/protetor.jpg",415,265,false],"cream-magazine-thumbnail-4":["https:\/\/espacoecologico.com.br\/arquivo\/wp-content\/uploads\/2018\/08\/protetor.jpg",415,265,false]},"uagb_author_info":{"display_name":"","author_link":"https:\/\/espacoecologico.com.br\/arquivo\/author\/"},"uagb_comment_info":0,"uagb_excerpt":"O estado americano do\u00a0Hava\u00ed, conhecido pela beleza e diversidade de suas ilhas, anunciou recentemente que","_links":{"self":[{"href":"https:\/\/espacoecologico.com.br\/arquivo\/wp-json\/wp\/v2\/posts\/90666"}],"collection":[{"href":"https:\/\/espacoecologico.com.br\/arquivo\/wp-json\/wp\/v2\/posts"}],"about":[{"href":"https:\/\/espacoecologico.com.br\/arquivo\/wp-json\/wp\/v2\/types\/post"}],"author":[{"embeddable":true,"href":"https:\/\/espacoecologico.com.br\/arquivo\/wp-json\/wp\/v2\/users\/2"}],"replies":[{"embeddable":true,"href":"https:\/\/espacoecologico.com.br\/arquivo\/wp-json\/wp\/v2\/comments?post=90666"}],"version-history":[{"count":0,"href":"https:\/\/espacoecologico.com.br\/arquivo\/wp-json\/wp\/v2\/posts\/90666\/revisions"}],"wp:featuredmedia":[{"embeddable":true,"href":"https:\/\/espacoecologico.com.br\/arquivo\/wp-json\/wp\/v2\/media\/90667"}],"wp:attachment":[{"href":"https:\/\/espacoecologico.com.br\/arquivo\/wp-json\/wp\/v2\/media?parent=90666"}],"wp:term":[{"taxonomy":"category","embeddable":true,"href":"https:\/\/espacoecologico.com.br\/arquivo\/wp-json\/wp\/v2\/categories?post=90666"},{"taxonomy":"post_tag","embeddable":true,"href":"https:\/\/espacoecologico.com.br\/arquivo\/wp-json\/wp\/v2\/tags?post=90666"}],"curies":[{"name":"wp","href":"https:\/\/api.w.org\/{rel}","templated":true}]}}