{"id":90662,"date":"2018-08-22T09:00:06","date_gmt":"2018-08-22T12:00:06","guid":{"rendered":"https:\/\/espacoecologico.com.br\/arquivo\/?p=90662"},"modified":"2018-08-21T20:41:37","modified_gmt":"2018-08-21T23:41:37","slug":"bloco-de-gelo-mais-antigo-e-espesso-do-artico-quebra-durante-onda-de-calor","status":"publish","type":"post","link":"https:\/\/espacoecologico.com.br\/arquivo\/bloco-de-gelo-mais-antigo-e-espesso-do-artico-quebra-durante-onda-de-calor\/","title":{"rendered":"Bloco de gelo &#8220;mais antigo e espesso&#8221; do \u00c1rtico quebra durante onda de calor"},"content":{"rendered":"<p><a href=\"https:\/\/espacoecologico.com.br\/arquivo\/wp-content\/uploads\/2018\/08\/bloco_gelo.jpg\"><img loading=\"lazy\" class=\"alignleft size-medium wp-image-90663\" src=\"https:\/\/espacoecologico.com.br\/arquivo\/wp-content\/uploads\/2018\/08\/bloco_gelo-300x192.jpg\" alt=\"\" width=\"300\" height=\"192\" srcset=\"https:\/\/espacoecologico.com.br\/arquivo\/wp-content\/uploads\/2018\/08\/bloco_gelo-300x192.jpg 300w, https:\/\/espacoecologico.com.br\/arquivo\/wp-content\/uploads\/2018\/08\/bloco_gelo.jpg 415w\" sizes=\"(max-width: 300px) 100vw, 300px\" \/><\/a>Mar de gelo come\u00e7ou a quebrar e derreter na Groenl\u00e2ndia ap\u00f3s a chegada de uma onda de calor na regi\u00e3o; fen\u00f4meno \u00e9 in\u00e9dito e preocupa os especialistas<\/p>\n<p>Em um caso in\u00e9dito, o mar de gelo mais antigo e espesso do \u00c1rtico come\u00e7ou a derreter e quebrar no norte da Groenl\u00e2ndia. De acordo com informa\u00e7\u00f5es do\u00a0<em>Guardian<\/em>\u00a0, a onda de calor que atinge o hemisf\u00e9rio norte neste ver\u00e3o \u00e9 uma das causadoras do fen\u00f4meno.<\/p>\n<p>A camada de gelo em quest\u00e3o costuma permanecer congelada at\u00e9 mesmo durante os meses mais quentes, contudo, j\u00e1 foram registrados dois epis\u00f3dios de quebra do gelo em 2018, algo nunca visto antes. Para alguns especialistas, o caso \u00e9 um indicativo de que os cientistas precisam repensar suas teorias sobre as consequ\u00eancias do aquecimento global no\u00a0<strong>\u00c1rtico<\/strong>\u00a0.<\/p>\n<p>\u201cQuase todo o gelo ao norte da Groenl\u00e2ndia est\u00e1 um pouco despeda\u00e7ado e quebrado, e, assim, um pouco mais m\u00f3vel\u201d, explicou Ruth Mottram, do Instituto Meteorol\u00f3gico Dinamarqu\u00eas. \u201c\u00c1gua aberta [que aparece entre os peda\u00e7os de gelo] nessa regi\u00e3o \u00e9 algo incomum, j\u00e1 que ela \u00e9 conhecida como \u2018a \u00faltima \u00e1rea de gelo\u2019\u201d.<\/p>\n<p class=\" \">A denomina\u00e7\u00e3o vem da hip\u00f3tese de que aquele seria o \u00faltimo ponto a resistir aos efeitos clim\u00e1ticos do planeta. Por\u00e9m, ap\u00f3s picos de temperatura em fevereiro e no come\u00e7o de agosto, a regi\u00e3o ficou vulner\u00e1vel a ventos que levaram os blocos de gelo para longe da costa, algo que n\u00e3o era visto desde 1970, quando o Polo Norte come\u00e7ou a ser monitorada por sat\u00e9lites.<\/p>\n<p class=\" \">\u201cO gelo n\u00e3o tem mais para onde ir, ent\u00e3o se acumula. Em m\u00e9dia, possuem quatro metros de espessura e podem ser empilhados em at\u00e9 20 metros ou mais\u201d, comentou Walt Meier, do Centro Nacional de Dados sobre Gelo e Neve nos Estados Unidos, sobre o comportamento geral dos blocos. \u201cEspesso dessa forma, o gelo compactado n\u00e3o \u00e9 f\u00e1cil de ser movimentado\u201d.<\/p>\n<p class=\" \">Todavia, n\u00e3o foi isso o que aconteceu nos \u00faltimos meses, quando o vento efetivamente conseguiu empurrar os blocos para longe da costa, o que pode estar relacionado com o\u00a0\u00a0<strong>aquecimento global<\/strong>\u00a0.<\/p>\n<p class=\" \">Tend\u00eancia preocupante sobre o gelo do \u00c1rtico<\/p>\n<figure class=\"foto-legenda gd12\"><img loading=\"lazy\" class=\"\" src=\"http:\/\/statig0.akamaized.net\/bancodeimagens\/e9\/zr\/j7\/e9zrj7llv7iyzvi0rdul6pfnh.jpg\" alt=\"Especialistas est\u00e3o come\u00e7ando a rever suas teorias sobre o aquecimento global no \u00c1rtico (imagem meramente ilustrativa)\" width=\"639\" height=\"400\" \/><figcaption class=\"undefined\"><cite>shutterstock<\/cite><\/p>\n<div class=\"undefined\">Especialistas est\u00e3o come\u00e7ando a rever suas teorias sobre o aquecimento global no \u00c1rtico (imagem meramente ilustrativa)<\/div>\n<\/figcaption><\/figure>\n<p>Este \u00e9 o resultado de uma tend\u00eancia alarmante que tem aumentado na \u00faltima d\u00e9cada. \u201cO afinamento do gelo est\u00e1 atingindo at\u00e9 as partes mais geladas do\u00a0<strong>Polo Norte<\/strong>\u00a0, com os blocos mais espessos. Ent\u00e3o, temos indica\u00e7\u00e3o bem dram\u00e1tica da transforma\u00e7\u00e3o do mar e clima dessa regi\u00e3o\u201d, apontou Meier.<\/p>\n<p>O cientista Thomas Lavergne, do Instituto Meteorol\u00f3gico Noruegu\u00eas, descreveu a situa\u00e7\u00e3o como \u201cassustadora\u201d. \u201cEu n\u00e3o posso prever por mais quanto tempo esse caminho de \u00e1guas abertas permanecer\u00e1 dessa forma, mas mesmo se ele fechar dentro de poucos dias, o estrago j\u00e1 estar\u00e1 feito: o bloco mais antigo e espesso foi levado para longe da costa, em uma \u00e1rea onde deve derreter com facilidade\u201d.<\/p>\n<p>As preocupa\u00e7\u00f5es, no entanto, n\u00e3o foram intensificadas agora. Para al\u00e9m da aten\u00e7\u00e3o para o aquecimento global, os cientistas est\u00e3o monitorando as mudan\u00e7as de temperatura no\u00a0\u00a0<strong>\u00c1rtico<\/strong>\u00a0desde o come\u00e7o do ano, quando durante o per\u00edodo de inverno sem per\u00edodos de luminosidade, uma onda de calor atingiu a regi\u00e3o.<\/p>\n","protected":false},"excerpt":{"rendered":"<p>Mar de gelo come\u00e7ou a quebrar e derreter na Groenl\u00e2ndia ap\u00f3s a chegada de uma<\/p>\n","protected":false},"author":2,"featured_media":90663,"comment_status":"open","ping_status":"open","sticky":false,"template":"","format":"standard","meta":[],"categories":[],"tags":[],"uagb_featured_image_src":{"full":["https:\/\/espacoecologico.com.br\/arquivo\/wp-content\/uploads\/2018\/08\/bloco_gelo.jpg",415,265,false],"thumbnail":["https:\/\/espacoecologico.com.br\/arquivo\/wp-content\/uploads\/2018\/08\/bloco_gelo-150x150.jpg",150,150,true],"medium":["https:\/\/espacoecologico.com.br\/arquivo\/wp-content\/uploads\/2018\/08\/bloco_gelo-300x192.jpg",300,192,true],"medium_large":["https:\/\/espacoecologico.com.br\/arquivo\/wp-content\/uploads\/2018\/08\/bloco_gelo.jpg",415,265,false],"large":["https:\/\/espacoecologico.com.br\/arquivo\/wp-content\/uploads\/2018\/08\/bloco_gelo.jpg",415,265,false],"1536x1536":["https:\/\/espacoecologico.com.br\/arquivo\/wp-content\/uploads\/2018\/08\/bloco_gelo.jpg",415,265,false],"2048x2048":["https:\/\/espacoecologico.com.br\/arquivo\/wp-content\/uploads\/2018\/08\/bloco_gelo.jpg",415,265,false],"cream-magazine-thumbnail-2":["https:\/\/espacoecologico.com.br\/arquivo\/wp-content\/uploads\/2018\/08\/bloco_gelo.jpg",415,265,false],"cream-magazine-thumbnail-3":["https:\/\/espacoecologico.com.br\/arquivo\/wp-content\/uploads\/2018\/08\/bloco_gelo.jpg",415,265,false],"cream-magazine-thumbnail-4":["https:\/\/espacoecologico.com.br\/arquivo\/wp-content\/uploads\/2018\/08\/bloco_gelo.jpg",415,265,false]},"uagb_author_info":{"display_name":"","author_link":"https:\/\/espacoecologico.com.br\/arquivo\/author\/"},"uagb_comment_info":0,"uagb_excerpt":"Mar de gelo come\u00e7ou a quebrar e derreter na Groenl\u00e2ndia ap\u00f3s a chegada de uma","_links":{"self":[{"href":"https:\/\/espacoecologico.com.br\/arquivo\/wp-json\/wp\/v2\/posts\/90662"}],"collection":[{"href":"https:\/\/espacoecologico.com.br\/arquivo\/wp-json\/wp\/v2\/posts"}],"about":[{"href":"https:\/\/espacoecologico.com.br\/arquivo\/wp-json\/wp\/v2\/types\/post"}],"author":[{"embeddable":true,"href":"https:\/\/espacoecologico.com.br\/arquivo\/wp-json\/wp\/v2\/users\/2"}],"replies":[{"embeddable":true,"href":"https:\/\/espacoecologico.com.br\/arquivo\/wp-json\/wp\/v2\/comments?post=90662"}],"version-history":[{"count":0,"href":"https:\/\/espacoecologico.com.br\/arquivo\/wp-json\/wp\/v2\/posts\/90662\/revisions"}],"wp:featuredmedia":[{"embeddable":true,"href":"https:\/\/espacoecologico.com.br\/arquivo\/wp-json\/wp\/v2\/media\/90663"}],"wp:attachment":[{"href":"https:\/\/espacoecologico.com.br\/arquivo\/wp-json\/wp\/v2\/media?parent=90662"}],"wp:term":[{"taxonomy":"category","embeddable":true,"href":"https:\/\/espacoecologico.com.br\/arquivo\/wp-json\/wp\/v2\/categories?post=90662"},{"taxonomy":"post_tag","embeddable":true,"href":"https:\/\/espacoecologico.com.br\/arquivo\/wp-json\/wp\/v2\/tags?post=90662"}],"curies":[{"name":"wp","href":"https:\/\/api.w.org\/{rel}","templated":true}]}}