{"id":90658,"date":"2018-08-22T08:00:19","date_gmt":"2018-08-22T11:00:19","guid":{"rendered":"https:\/\/espacoecologico.com.br\/arquivo\/?p=90658"},"modified":"2018-08-21T20:37:00","modified_gmt":"2018-08-21T23:37:00","slug":"por-que-pessoas-que-se-sentem-mais-jovens-do-que-sao-podem-viver-mais","status":"publish","type":"post","link":"https:\/\/espacoecologico.com.br\/arquivo\/por-que-pessoas-que-se-sentem-mais-jovens-do-que-sao-podem-viver-mais\/","title":{"rendered":"Por que pessoas que se sentem mais jovens do que s\u00e3o podem viver mais"},"content":{"rendered":"<div class=\"mc-column content-text active-extra-styles active-capital-letter\" data-block-type=\"unstyled\" data-block-weight=\"34\" data-block-id=\"2\">\n<p class=\"content-text__container theme-color-primary-first-letter\" data-track-category=\"Link no Texto\" data-track-links=\"\"><a href=\"https:\/\/espacoecologico.com.br\/arquivo\/wp-content\/uploads\/2018\/08\/idoso.jpg\"><img loading=\"lazy\" class=\"alignleft size-medium wp-image-90659\" src=\"https:\/\/espacoecologico.com.br\/arquivo\/wp-content\/uploads\/2018\/08\/idoso-300x192.jpg\" alt=\"\" width=\"300\" height=\"192\" srcset=\"https:\/\/espacoecologico.com.br\/arquivo\/wp-content\/uploads\/2018\/08\/idoso-300x192.jpg 300w, https:\/\/espacoecologico.com.br\/arquivo\/wp-content\/uploads\/2018\/08\/idoso.jpg 415w\" sizes=\"(max-width: 300px) 100vw, 300px\" \/><\/a>Imagine por um momento que voc\u00ea n\u00e3o tenha uma certid\u00e3o de nascimento e que sua idade pudesse ser determinada apenas pela maneira como voc\u00ea se sente por dentro. Quantos anos voc\u00ea diria que tem?<\/p>\n<\/div>\n<div class=\"wall\">\n<div class=\"mc-column content-text active-extra-styles \" data-block-type=\"unstyled\" data-block-weight=\"58\" data-block-id=\"3\">\n<p class=\"content-text__container \" data-track-category=\"Link no Texto\" data-track-links=\"\">Assim como sua altura ou tamanho de sapato, o n\u00famero de anos que se passaram desde que voc\u00ea chegou ao mundo \u00e9 um fato que n\u00e3o pode ser mudado. Mas as experi\u00eancias di\u00e1rias sugerem que n\u00f3s frequentemente n\u00e3o vivemos a idade da mesma forma, com muitas pessoas se sentindo mais velhas ou mais jovens do que realmente s\u00e3o.<\/p>\n<\/div>\n<div class=\"mc-column content-text active-extra-styles \" data-block-type=\"unstyled\" data-block-weight=\"37\" data-block-id=\"4\">\n<p class=\"content-text__container \" data-track-category=\"Link no Texto\" data-track-links=\"\">Cientistas est\u00e3o cada vez mais interessados nisso. Eles est\u00e3o descobrindo que nossa &#8220;idade subjetiva&#8221; pode ser essencial para entender porque algumas pessoas parecem ficar mais jovens com a idade e outras esmorecem com o passar do tempo.<\/p>\n<\/div>\n<div class=\"mc-column content-text active-extra-styles\" data-block-type=\"raw\" data-block-weight=\"29\" data-block-id=\"5\">\n<blockquote class=\"content-blockquote theme-border-color-primary-before\"><p>&#8220;O qu\u00e3o mais jovens adultos mais velhos se sentem pode influenciar em decis\u00f5es importantes para seu presente e futuro&#8221;, diz Brian Nosek, professor de Psicologia da Universidade de Virg\u00ednia.<\/p><\/blockquote>\n<\/div>\n<div class=\"mc-column content-text active-extra-styles \" data-block-type=\"unstyled\" data-block-weight=\"41\" data-block-id=\"6\">\n<p class=\"content-text__container \" data-track-category=\"Link no Texto\" data-track-links=\"\">H\u00e1 estudos que mostam que nossa &#8220;idade subjetiva&#8221; pode ser um indicador antecedente importante para quest\u00f5es relacionadas \u00e0 sa\u00fade, incluindo as estimativas de risco de vida. De certa forma, dizem os especialistas, voc\u00ea realmente &#8220;\u00e9 t\u00e3o velho quanto sente que \u00e9&#8221;.<\/p>\n<\/div>\n<div class=\"mc-column content-text active-extra-styles \" data-block-type=\"unstyled\" data-block-weight=\"36\" data-block-id=\"7\">\n<p class=\"content-text__container \" data-track-category=\"Link no Texto\" data-track-links=\"\">Motivados por esses resultados, muitos pesquisadores est\u00e3o tentando determinar os fatores biol\u00f3gicos, psicol\u00f3gicos e sociais que moldam a experi\u00eancia do envelhecimento &#8211; e como esse conhecimento pode nos ajudar a ter vidas mais longas e saud\u00e1veis.<\/p>\n<\/div>\n<div class=\"mc-column content-text active-extra-styles \" data-block-type=\"unstyled\" data-block-weight=\"26\" data-block-id=\"8\">\n<p class=\"content-text__container \" data-track-category=\"Link no Texto\" data-track-links=\"\">Esses esfor\u00e7os est\u00e3o em marcha h\u00e1 d\u00e9cadas. Alguns dos primeiros estudos sobre a diferen\u00e7a entre &#8220;idade psicol\u00f3gica&#8221; e a cronol\u00f3gica apareceram nos anos 1970 e 1980.<\/p>\n<\/div>\n<div class=\"mc-column content-text active-extra-styles \" data-block-type=\"unstyled\" data-block-weight=\"24\" data-block-id=\"9\">\n<p class=\"content-text__container \" data-track-category=\"Link no Texto\" data-track-links=\"\">O ritmo se intensificou nos \u00faltimos dez anos, quando um grande volume de novos estudos investigou os potenciais efeitos psicol\u00f3gicos e f\u00edsicos dessa discrep\u00e2ncia.<\/p>\n<\/div>\n<div class=\"mc-column content-text active-extra-styles \" data-block-type=\"unstyled\" data-block-weight=\"40\" data-block-id=\"10\">\n<p class=\"content-text__container \" data-track-category=\"Link no Texto\" data-track-links=\"\">Uma das correntes mais intrigantes dessa pesquisa tem explorado a forma como a &#8220;idade subjetiva&#8221; influencia nossa personalidade. O atual senso comum diz que as pessoas tendem a amadurecer conforme envelhecem, se tornando menos extrovertidas e abertas a experi\u00eancias novas.<\/p>\n<\/div>\n<div class=\"content-ads content-ads--reveal\" data-block-type=\"ads\" data-block-id=\"11\"><\/div>\n<div class=\"mc-column content-text active-extra-styles \" data-block-type=\"unstyled\" data-block-weight=\"29\" data-block-id=\"12\">\n<p class=\"content-text__container \" data-track-category=\"Link no Texto\" data-track-links=\"\">Essas mudan\u00e7as, contudo, seriam menos acentuadas em pessoas &#8220;jovens de alma&#8221; e mais n\u00edtidas em pessoas com &#8220;idade subjetiva&#8221; mais avan\u00e7ada que a biol\u00f3gica, de acordo com os cientistas.<\/p>\n<\/div>\n<div class=\"mc-column content-text active-extra-styles \" data-block-type=\"unstyled\" data-block-weight=\"30\" data-block-id=\"13\">\n<p class=\"content-text__container \" data-track-category=\"Link no Texto\" data-track-links=\"\">O interessante \u00e9 que pessoas com &#8220;idade subjetiva&#8221; menor, por outro lado, tamb\u00e9m seriam mais cuidadosas e menos neur\u00f3ticas &#8211; transforma\u00e7\u00f5es positivas que constumam vir naturalmente com o envelhecimento biol\u00f3gico.<\/p>\n<\/div>\n<div class=\"mc-column content-text active-extra-styles \" data-block-type=\"unstyled\" data-block-weight=\"14\" data-block-id=\"14\">\n<p class=\"content-text__container \" data-track-category=\"Link no Texto\" data-track-links=\"\">Assim, ter uma &#8220;idade subjetiva&#8221; menor n\u00e3o seria necessariamente sin\u00f4nimo de uma permanente imaturidade.<\/p>\n<\/div>\n<div class=\"mc-column content-text active-extra-styles \" data-block-type=\"unstyled\" data-block-weight=\"28\" data-block-id=\"15\">\n<p class=\"content-text__container \" data-track-category=\"Link no Texto\" data-track-links=\"\">Se sentir mais jovem que a idade real teria ainda impacto positivo sobre a sa\u00fade mental e reduziria o risco de depress\u00e3o e de doen\u00e7as como a dem\u00eancia.<\/p>\n<\/div>\n<div class=\"mc-column content-text active-extra-styles \" data-block-type=\"unstyled\" data-block-weight=\"44\" data-block-id=\"16\">\n<p class=\"content-text__container \" data-track-category=\"Link no Texto\" data-track-links=\"\">Yannick Stephan, da Universidade de Montpellier, na Fran\u00e7a, examinou dados de tr\u00eas estudos longitudinais &#8211; conduzidos no decorrer de v\u00e1rios anos, para avaliar o impacto do tempo sobre os resultados &#8211; que, juntos, avaliaram mais de 17 mil pessoas de meia idade e idosos.<\/p>\n<\/div>\n<div class=\"mc-column content-text active-extra-styles \" data-block-type=\"unstyled\" data-block-weight=\"17\" data-block-id=\"17\">\n<p class=\"content-text__container \" data-track-category=\"Link no Texto\" data-track-links=\"\">Neles, a maioria dos entrevistados se sentia oito anos mais jovem do que sua idade cronol\u00f3gica real.<\/p>\n<\/div>\n<div class=\"mc-column content-text active-extra-styles \" data-block-type=\"unstyled\" data-block-weight=\"52\" data-block-id=\"18\">\n<p class=\"content-text__container \" data-track-category=\"Link no Texto\" data-track-links=\"\">Alguns, contudo, sentiam-se mais velhos &#8211; e as consequ\u00eancias, nesses casos, eram s\u00e9rias. Uma &#8220;idade subjetiva&#8221; entre 8 e 13 anos maior que a idade biol\u00f3gica elevava o risco de morte entre 18% e 25% durante os per\u00edodos do estudo, mesmo quando controlados outros fatores demogr\u00e1ficos como educa\u00e7\u00e3o, ra\u00e7a e estado civil.<\/p>\n<\/div>\n<div class=\"mc-column content-text active-extra-styles \" data-block-type=\"unstyled\" data-block-weight=\"68\" data-block-id=\"19\">\n<p class=\"content-text__container \" data-track-category=\"Link no Texto\" data-track-links=\"\">Para Stephan, o peso da &#8220;idade subjetiva&#8221; sobre nossa sa\u00fade pode ser um resultado direto das mudan\u00e7as que ela provoca no nossa personalidade. Algu\u00e9m mais jovem &#8220;de esp\u00edrito&#8221; estaria aberto a um leque mais amplo de atividades &#8211; viajar, aprender um hobby novo, por exemplo -, mesmo com a passagem do tempo. &#8220;Estudos apontaram, por exemplo, que a &#8216;idade subjetiva&#8217; prediz padr\u00f5es de atividade f\u00edsica&#8221;, acrescenta o pesquisador.<\/p>\n<\/div>\n<div class=\"mc-column content-text active-extra-styles \" data-block-type=\"unstyled\" data-block-weight=\"71\" data-block-id=\"20\">\n<p class=\"content-text__container \" data-track-category=\"Link no Texto\" data-track-links=\"\">Ele ressalta que o mecanismo que liga bem-estar f\u00edsico e mental \u00e0 &#8220;idade psicol\u00f3gica&#8221; atua em ambas as dire\u00e7\u00f5es. Se voc\u00ea se sente deprimido e fisicamente vulner\u00e1vel, \u00e9 prov\u00e1vel que se sinta mais velho. O resultado disso pode ser um ciclo vicioso, com fatores psicol\u00f3gicos e f\u00edsicos contribuindo para uma &#8220;idade subjetiva&#8221; mais avan\u00e7ada e uma sa\u00fade pior, o que faz com que nos sintamos ainda mais velhos e mais vulner\u00e1veis.<\/p>\n<\/div>\n<div class=\"mc-column content-text active-extra-styles \" data-block-type=\"unstyled\" data-block-weight=\"57\" data-block-id=\"22\">\n<p class=\"content-text__container \" data-track-category=\"Link no Texto\" data-track-links=\"\">A an\u00e1lise de Stephan, que foi publicada no Journal of Psychosomatic Medicine &#8211; publica\u00e7\u00e3o da American Psychosomatic Society -, \u00e9 o maior estudo dedicado ao efeito da &#8220;idade subjetiva&#8221; sobre as taxas de mortalidade at\u00e9 hoje. &#8220;Essas associa\u00e7\u00f5es s\u00e3o compar\u00e1veis ou mais fortes que a contribui\u00e7\u00e3o da idade cronol\u00f3gica (para as quest\u00f5es relacionadas \u00e0 sa\u00fade)&#8221;, diz ele.<\/p>\n<\/div>\n<div class=\"mc-column content-text active-extra-styles \" data-block-type=\"unstyled\" data-block-weight=\"26\" data-block-id=\"23\">\n<p class=\"content-text__container \" data-track-category=\"Link no Texto\" data-track-links=\"\">Em outras palavras, a &#8220;idade subjetiva&#8221; pode ser um indicativo melhor sobre a situa\u00e7\u00e3o da nossa sa\u00fade do que a data impressa na certid\u00e3o de nascimento.<\/p>\n<\/div>\n<div class=\"mc-column content-text active-extra-styles \" data-block-type=\"unstyled\" data-block-weight=\"39\" data-block-id=\"24\">\n<p class=\"content-text__container \" data-track-category=\"Link no Texto\" data-track-links=\"\">Com isso em mente, muitos cientistas est\u00e3o tentando identificar os fatores sociais e psicol\u00f3gicos que determinam esse complexo processo. Quando passamos a sentir que nossos corpos e nossas mentes est\u00e3o operando em escalas diferentes? E por que isso acontece?<\/p>\n<\/div>\n<div class=\"mc-column content-text active-extra-styles \" data-block-type=\"unstyled\" data-block-weight=\"27\" data-block-id=\"25\">\n<p class=\"content-text__container \" data-track-category=\"Link no Texto\" data-track-links=\"\">Juntamente com a professora Nicole Lindner, Nosek, da Universidade da Virg\u00ednia, investigou as formas como a discrep\u00e2ncia entre as idades subjetiva e cronol\u00f3gica evoluem durante a vida.<\/p>\n<\/div>\n<div class=\"mc-column content-text active-extra-styles \" data-block-type=\"unstyled\" data-block-weight=\"51\" data-block-id=\"26\">\n<p class=\"content-text__container \" data-track-category=\"Link no Texto\" data-track-links=\"\">Eles constataram, por exemplo, que a maioria das crian\u00e7as e adolescentes se sentem mais novos do que realmente s\u00e3o, algo que s\u00f3 aumenta com o tempo. Conforme Nosek e Lindner escrevem no estudo, &#8220;\u00e9 como se o envelhecimento subjetivo acontecesse em Marte, e um ano na Terra valesse 5,3 anos marcianos&#8221;.<\/p>\n<\/div>\n<div class=\"mc-column content-text active-extra-styles \" data-block-type=\"unstyled\" data-block-weight=\"37\" data-block-id=\"27\">\n<p class=\"content-text__container \" data-track-category=\"Link no Texto\" data-track-links=\"\">Alguns psic\u00f3logos acreditam que uma &#8220;idade subjetiva&#8221; mais jovem seria uma forma de autodefesa, nos protegendo de estere\u00f3tipos negativos de idade &#8211; como visto em um estudo feito por Anna Kornadt, da Universidade de Bielefeld, na Alemanha.<\/p>\n<\/div>\n<div class=\"mc-column content-text active-extra-styles \" data-block-type=\"unstyled\" data-block-weight=\"34\" data-block-id=\"28\">\n<p class=\"content-text__container \" data-track-category=\"Link no Texto\" data-track-links=\"\">Em sua pesquisa, ela perguntou aos participantes se eles se sentiam mais velhos ou mais jovens do que realmente s\u00e3o em diferentes \u00e1reas da sua vida &#8211; no trabalho, na vida pessoal, por exemplo.<\/p>\n<\/div>\n<div class=\"mc-column content-text active-extra-styles \" data-block-type=\"unstyled\" data-block-weight=\"47\" data-block-id=\"29\">\n<p class=\"content-text__container \" data-track-category=\"Link no Texto\" data-track-links=\"\">E constatou que as &#8220;idades subjetivas&#8221; das pessoas eram mais baixas quando os estere\u00f3tipos negativos de idade eram mais prevalentes &#8211; como trabalho, sa\u00fade e finan\u00e7as -, refor\u00e7ando a ideia de que esse pensamento ajudaria as pessoas a se distanciarem das conota\u00e7\u00f5es negativas do seu grupo et\u00e1rio.<\/p>\n<\/div>\n<div class=\"mc-column content-text active-extra-styles \" data-block-type=\"unstyled\" data-block-weight=\"46\" data-block-id=\"31\">\n<p class=\"content-text__container \" data-track-category=\"Link no Texto\" data-track-links=\"\">Acreditar que &#8220;eu posso ter 65, mas me sinto com 50&#8221; pode significar que voc\u00ea est\u00e1 menos preocupado com sua performance no trabalho, por exemplo. Kornadt tamb\u00e9m descobriu que pessoas com uma &#8220;idade psicol\u00f3gica&#8221; menor tendem a imaginar seu futuro eu de uma forma mais positiva.<\/p>\n<\/div>\n<\/div>\n<div data-track-category=\"fim do conteudo\" data-track-action=\"ultimo chunk conteudo\" data-track-noninteraction=\"false\" data-track-scroll=\"entrada completa viewport\">\n<div class=\"mc-column content-text active-extra-styles \" data-block-type=\"unstyled\" data-block-weight=\"23\" data-block-id=\"32\">\n<p class=\"content-text__container \" data-track-category=\"Link no Texto\" data-track-links=\"\">Esse mecanismo de autodefesa, para ela, explicaria em parte benef\u00edcios para a sa\u00fade de se sentir mais jovem do que voc\u00ea realmente \u00e9.<\/p>\n<\/div>\n<\/div>\n","protected":false},"excerpt":{"rendered":"<p>Imagine por um momento que voc\u00ea n\u00e3o tenha uma certid\u00e3o de nascimento e que sua<\/p>\n","protected":false},"author":2,"featured_media":90659,"comment_status":"open","ping_status":"open","sticky":false,"template":"","format":"standard","meta":[],"categories":[],"tags":[],"uagb_featured_image_src":{"full":["https:\/\/espacoecologico.com.br\/arquivo\/wp-content\/uploads\/2018\/08\/idoso.jpg",415,265,false],"thumbnail":["https:\/\/espacoecologico.com.br\/arquivo\/wp-content\/uploads\/2018\/08\/idoso-150x150.jpg",150,150,true],"medium":["https:\/\/espacoecologico.com.br\/arquivo\/wp-content\/uploads\/2018\/08\/idoso-300x192.jpg",300,192,true],"medium_large":["https:\/\/espacoecologico.com.br\/arquivo\/wp-content\/uploads\/2018\/08\/idoso.jpg",415,265,false],"large":["https:\/\/espacoecologico.com.br\/arquivo\/wp-content\/uploads\/2018\/08\/idoso.jpg",415,265,false],"1536x1536":["https:\/\/espacoecologico.com.br\/arquivo\/wp-content\/uploads\/2018\/08\/idoso.jpg",415,265,false],"2048x2048":["https:\/\/espacoecologico.com.br\/arquivo\/wp-content\/uploads\/2018\/08\/idoso.jpg",415,265,false],"cream-magazine-thumbnail-2":["https:\/\/espacoecologico.com.br\/arquivo\/wp-content\/uploads\/2018\/08\/idoso.jpg",415,265,false],"cream-magazine-thumbnail-3":["https:\/\/espacoecologico.com.br\/arquivo\/wp-content\/uploads\/2018\/08\/idoso.jpg",415,265,false],"cream-magazine-thumbnail-4":["https:\/\/espacoecologico.com.br\/arquivo\/wp-content\/uploads\/2018\/08\/idoso.jpg",415,265,false]},"uagb_author_info":{"display_name":"","author_link":"https:\/\/espacoecologico.com.br\/arquivo\/author\/"},"uagb_comment_info":0,"uagb_excerpt":"Imagine por um momento que voc\u00ea n\u00e3o tenha uma certid\u00e3o de nascimento e que sua","_links":{"self":[{"href":"https:\/\/espacoecologico.com.br\/arquivo\/wp-json\/wp\/v2\/posts\/90658"}],"collection":[{"href":"https:\/\/espacoecologico.com.br\/arquivo\/wp-json\/wp\/v2\/posts"}],"about":[{"href":"https:\/\/espacoecologico.com.br\/arquivo\/wp-json\/wp\/v2\/types\/post"}],"author":[{"embeddable":true,"href":"https:\/\/espacoecologico.com.br\/arquivo\/wp-json\/wp\/v2\/users\/2"}],"replies":[{"embeddable":true,"href":"https:\/\/espacoecologico.com.br\/arquivo\/wp-json\/wp\/v2\/comments?post=90658"}],"version-history":[{"count":0,"href":"https:\/\/espacoecologico.com.br\/arquivo\/wp-json\/wp\/v2\/posts\/90658\/revisions"}],"wp:featuredmedia":[{"embeddable":true,"href":"https:\/\/espacoecologico.com.br\/arquivo\/wp-json\/wp\/v2\/media\/90659"}],"wp:attachment":[{"href":"https:\/\/espacoecologico.com.br\/arquivo\/wp-json\/wp\/v2\/media?parent=90658"}],"wp:term":[{"taxonomy":"category","embeddable":true,"href":"https:\/\/espacoecologico.com.br\/arquivo\/wp-json\/wp\/v2\/categories?post=90658"},{"taxonomy":"post_tag","embeddable":true,"href":"https:\/\/espacoecologico.com.br\/arquivo\/wp-json\/wp\/v2\/tags?post=90658"}],"curies":[{"name":"wp","href":"https:\/\/api.w.org\/{rel}","templated":true}]}}