{"id":90654,"date":"2018-08-22T07:00:49","date_gmt":"2018-08-22T10:00:49","guid":{"rendered":"https:\/\/espacoecologico.com.br\/arquivo\/?p=90654"},"modified":"2018-08-21T20:33:21","modified_gmt":"2018-08-21T23:33:21","slug":"crianca-e-consumo-organiza-feira-de-trocas-de-brinquedos-durante-virada-sustentavel","status":"publish","type":"post","link":"https:\/\/espacoecologico.com.br\/arquivo\/crianca-e-consumo-organiza-feira-de-trocas-de-brinquedos-durante-virada-sustentavel\/","title":{"rendered":"Crian\u00e7a e Consumo organiza Feira de Trocas de Brinquedos durante Virada Sustent\u00e1vel"},"content":{"rendered":"<p align=\"center\"><em><a href=\"https:\/\/espacoecologico.com.br\/arquivo\/wp-content\/uploads\/2018\/08\/troca_sustentavel.jpg\"><img loading=\"lazy\" class=\"alignleft size-medium wp-image-90655\" src=\"https:\/\/espacoecologico.com.br\/arquivo\/wp-content\/uploads\/2018\/08\/troca_sustentavel-300x192.jpg\" alt=\"\" width=\"300\" height=\"192\" srcset=\"https:\/\/espacoecologico.com.br\/arquivo\/wp-content\/uploads\/2018\/08\/troca_sustentavel-300x192.jpg 300w, https:\/\/espacoecologico.com.br\/arquivo\/wp-content\/uploads\/2018\/08\/troca_sustentavel.jpg 415w\" sizes=\"(max-width: 300px) 100vw, 300px\" \/><\/a>Iniciativa contribui para repensar os nossos h\u00e1bitos e incentiva os pequenos a darem um novo significado aos seus brinquedos<\/em><\/p>\n<p>Fomentar a reflex\u00e3o sobre os apelos ao consumo na inf\u00e2ncia para alterar os padr\u00f5es de consumo e promover o desenvolvimento sustent\u00e1vel, como estabelecem os Objetivos de Desenvolvimento Sustent\u00e1vel 4 e 12, al\u00e9m de proporcionar a intera\u00e7\u00e3o entre as crian\u00e7as \u00e9 o objetivo da Feira de Trocas de Brinquedos, iniciativa do programa Crian\u00e7a e Consumo, do Instituto Alana, que faz parte da programa\u00e7\u00e3o da Virada Sustent\u00e1vel. A Feira ser\u00e1 no dia 26 de agosto, das 10h \u00e0s 15h, no Parque Prefeito Mario Covas, em S\u00e3o Paulo.<\/p>\n<p>\u201cA Feira de Trocas de Brinquedos \u00e9 uma alternativa sustent\u00e1vel de lazer que envolve reflex\u00f5es sobre consumo, estimula a colabora\u00e7\u00e3o, socializa\u00e7\u00e3o e criatividade entre as crian\u00e7as, pois possibilita que elas deem um novo significado aos seus brinquedos. A iniciativa tamb\u00e9m pode ser realizada em escolas, no quintal de casa, parques p\u00fablicos ou quaisquer outros espa\u00e7os coletivos\u201d, diz Ekaterine Karageorgiadis, coordenadora do Crian\u00e7a e Consumo. No site h\u00e1 materiais e informa\u00e7\u00f5es para apoiar na organiza\u00e7\u00e3o e divulga\u00e7\u00e3o de qualquer Feira.<\/p>\n<p>Paralelamente a essa atividade, haver\u00e1 uma oficina para ensinar as crian\u00e7as como construir um Terr\u00e1rio que represente uma mini Terra. A ideia \u00e9 que os pequenos compreendam como \u00e9 a forma\u00e7\u00e3o do planeta e as rela\u00e7\u00f5es entre o solo, as plantas, a atmosfera, o sol e o clima. As oficinas acontecem de hora em hora, entre 10h e 14h, com a participa\u00e7\u00e3o de at\u00e9 10 crian\u00e7as por vez, conforme a ordem de chegada.<\/p>\n<p>A Virada Sustent\u00e1vel, maior festival voltado para cultura e sustentabilidade do Brasil, anuncia sua 8\u00aa edi\u00e7\u00e3o em S\u00e3o Paulo. Mais que um festival, \u00e9 um convite para mudar o mundo. A 8\u00aa edi\u00e7\u00e3o em S\u00e3o Paulo conta com centenas de atra\u00e7\u00f5es, entre os dias 23 e 26 de agosto, em diversos pontos da cidade, com shows, exposi\u00e7\u00f5es, palestras, aulas de medita\u00e7\u00e3o e atividades especiais.\u00a0(#Envolverde)<\/p>\n<p><strong>Feira de Trocas de Brinquedos \u2013\u00a0<\/strong>das 10h \u00e0s 15h<\/p>\n<p><strong>Oficina de Terr\u00e1rios na Virada Sustent\u00e1vel \u2013\u00a0<\/strong>das 10h \u00e0s 14h<\/p>\n<p><strong>Data:\u00a0<\/strong>26 de agosto (domingo)<\/p>\n<p><strong>Local<\/strong>: Parque Prefeito M\u00e1rio Covas |\u00a0<a href=\"https:\/\/maps.google.com\/?q=Av.+Paulista,+1853+%E2%80%93+Bela+Vista,+S%C3%A3o+Paulo&amp;entry=gmail&amp;source=g\" target=\"_blank\" rel=\"noopener\" data-saferedirecturl=\"https:\/\/www.google.com\/url?hl=pt-BR&amp;q=https:\/\/maps.google.com\/?q%3DAv.%2BPaulista,%2B1853%2B%25E2%2580%2593%2BBela%2BVista,%2BS%25C3%25A3o%2BPaulo%26entry%3Dgmail%26source%3Dg&amp;source=gmail&amp;ust=1534962909185000&amp;usg=AFQjCNGw3emeeQOtdxSybiJsPyqj8oujCQ\">Av. Paulista, 1853 \u2013 Bela Vista, S\u00e3o Paulo<\/a><\/p>\n<p><strong>Sobre o Crian\u00e7a e Consumo<\/strong><\/p>\n<p>Criado em 2006, o programa\u00a0<a href=\"https:\/\/nsa.im-imcgrupo.com\/link.php?code=bDpodHRwJTNBJTJGJTJGY3JpYW5jYWVjb25zdW1vLm9yZy5iciUyRjo0MDQwNzQzOTQwOnJldmlzdGFAZW52b2x2ZXJkZS5jb20uYnI6NzQ2NzI4\" target=\"_blank\" rel=\"noopener\" data-saferedirecturl=\"https:\/\/www.google.com\/url?hl=pt-BR&amp;q=https:\/\/nsa.im-imcgrupo.com\/link.php?code%3DbDpodHRwJTNBJTJGJTJGY3JpYW5jYWVjb25zdW1vLm9yZy5iciUyRjo0MDQwNzQzOTQwOnJldmlzdGFAZW52b2x2ZXJkZS5jb20uYnI6NzQ2NzI4&amp;source=gmail&amp;ust=1534962909185000&amp;usg=AFQjCNHKLRwXiqI6_wgMgtQHEXLeJ0vnOw\">Crian\u00e7a e Consumo<\/a>, do Alana, atua para divulgar e debater ideias sobre as quest\u00f5es relacionadas \u00e0 publicidade dirigida \u00e0s crian\u00e7as, assim como apontar caminhos para minimizar e prevenir os malef\u00edcios decorrentes da comunica\u00e7\u00e3o mercadol\u00f3gica.<\/p>\n","protected":false},"excerpt":{"rendered":"<p>Iniciativa contribui para repensar os nossos h\u00e1bitos e incentiva os pequenos a darem um novo<\/p>\n","protected":false},"author":2,"featured_media":90655,"comment_status":"open","ping_status":"open","sticky":false,"template":"","format":"standard","meta":[],"categories":[],"tags":[],"uagb_featured_image_src":{"full":["https:\/\/espacoecologico.com.br\/arquivo\/wp-content\/uploads\/2018\/08\/troca_sustentavel.jpg",415,265,false],"thumbnail":["https:\/\/espacoecologico.com.br\/arquivo\/wp-content\/uploads\/2018\/08\/troca_sustentavel-150x150.jpg",150,150,true],"medium":["https:\/\/espacoecologico.com.br\/arquivo\/wp-content\/uploads\/2018\/08\/troca_sustentavel-300x192.jpg",300,192,true],"medium_large":["https:\/\/espacoecologico.com.br\/arquivo\/wp-content\/uploads\/2018\/08\/troca_sustentavel.jpg",415,265,false],"large":["https:\/\/espacoecologico.com.br\/arquivo\/wp-content\/uploads\/2018\/08\/troca_sustentavel.jpg",415,265,false],"1536x1536":["https:\/\/espacoecologico.com.br\/arquivo\/wp-content\/uploads\/2018\/08\/troca_sustentavel.jpg",415,265,false],"2048x2048":["https:\/\/espacoecologico.com.br\/arquivo\/wp-content\/uploads\/2018\/08\/troca_sustentavel.jpg",415,265,false],"cream-magazine-thumbnail-2":["https:\/\/espacoecologico.com.br\/arquivo\/wp-content\/uploads\/2018\/08\/troca_sustentavel.jpg",415,265,false],"cream-magazine-thumbnail-3":["https:\/\/espacoecologico.com.br\/arquivo\/wp-content\/uploads\/2018\/08\/troca_sustentavel.jpg",415,265,false],"cream-magazine-thumbnail-4":["https:\/\/espacoecologico.com.br\/arquivo\/wp-content\/uploads\/2018\/08\/troca_sustentavel.jpg",415,265,false]},"uagb_author_info":{"display_name":"","author_link":"https:\/\/espacoecologico.com.br\/arquivo\/author\/"},"uagb_comment_info":0,"uagb_excerpt":"Iniciativa contribui para repensar os nossos h\u00e1bitos e incentiva os pequenos a darem um novo","_links":{"self":[{"href":"https:\/\/espacoecologico.com.br\/arquivo\/wp-json\/wp\/v2\/posts\/90654"}],"collection":[{"href":"https:\/\/espacoecologico.com.br\/arquivo\/wp-json\/wp\/v2\/posts"}],"about":[{"href":"https:\/\/espacoecologico.com.br\/arquivo\/wp-json\/wp\/v2\/types\/post"}],"author":[{"embeddable":true,"href":"https:\/\/espacoecologico.com.br\/arquivo\/wp-json\/wp\/v2\/users\/2"}],"replies":[{"embeddable":true,"href":"https:\/\/espacoecologico.com.br\/arquivo\/wp-json\/wp\/v2\/comments?post=90654"}],"version-history":[{"count":0,"href":"https:\/\/espacoecologico.com.br\/arquivo\/wp-json\/wp\/v2\/posts\/90654\/revisions"}],"wp:featuredmedia":[{"embeddable":true,"href":"https:\/\/espacoecologico.com.br\/arquivo\/wp-json\/wp\/v2\/media\/90655"}],"wp:attachment":[{"href":"https:\/\/espacoecologico.com.br\/arquivo\/wp-json\/wp\/v2\/media?parent=90654"}],"wp:term":[{"taxonomy":"category","embeddable":true,"href":"https:\/\/espacoecologico.com.br\/arquivo\/wp-json\/wp\/v2\/categories?post=90654"},{"taxonomy":"post_tag","embeddable":true,"href":"https:\/\/espacoecologico.com.br\/arquivo\/wp-json\/wp\/v2\/tags?post=90654"}],"curies":[{"name":"wp","href":"https:\/\/api.w.org\/{rel}","templated":true}]}}