{"id":90637,"date":"2018-08-21T13:00:48","date_gmt":"2018-08-21T16:00:48","guid":{"rendered":"https:\/\/espacoecologico.com.br\/arquivo\/?p=90637"},"modified":"2018-08-21T09:47:43","modified_gmt":"2018-08-21T12:47:43","slug":"em-alagoas-mais-de-200-mil-pessoas-sao-afetadas-pela-seca","status":"publish","type":"post","link":"https:\/\/espacoecologico.com.br\/arquivo\/em-alagoas-mais-de-200-mil-pessoas-sao-afetadas-pela-seca\/","title":{"rendered":"Em Alagoas, mais de 200 mil pessoas s\u00e3o afetadas pela seca"},"content":{"rendered":"<div class=\"mc-column content-text active-extra-styles active-capital-letter\" data-block-type=\"unstyled\" data-block-weight=\"30\" data-block-id=\"2\">\n<p class=\"content-text__container theme-color-primary-first-letter\" data-track-category=\"Link no Texto\" data-track-links=\"\"><a href=\"https:\/\/espacoecologico.com.br\/arquivo\/wp-content\/uploads\/2018\/08\/seca.jpg\"><img loading=\"lazy\" class=\"alignleft size-medium wp-image-90638\" src=\"https:\/\/espacoecologico.com.br\/arquivo\/wp-content\/uploads\/2018\/08\/seca-300x192.jpg\" alt=\"\" width=\"300\" height=\"192\" srcset=\"https:\/\/espacoecologico.com.br\/arquivo\/wp-content\/uploads\/2018\/08\/seca-300x192.jpg 300w, https:\/\/espacoecologico.com.br\/arquivo\/wp-content\/uploads\/2018\/08\/seca.jpg 415w\" sizes=\"(max-width: 300px) 100vw, 300px\" \/><\/a>Cerca de um ter\u00e7o dos munic\u00edpios de Alagoas decretou emerg\u00eancia por causa da seca. Isso significa que n\u00e3o tem \u00e1gua nem para o b\u00e1sico, nas casas de 200 mil pessoas.<\/p>\n<\/div>\n<div class=\"wall\">\n<div class=\"mc-column content-text active-extra-styles \" data-block-type=\"unstyled\" data-block-weight=\"42\" data-block-id=\"3\">\n<p class=\"content-text__container \" data-track-category=\"Link no Texto\" data-track-links=\"\">A\u00e7udes sem \u00e1gua, ch\u00e3o rachado, vegeta\u00e7\u00e3o sem cor. Esse \u00e9 o retrato da seca em Alagoas: 38 dos 102 munic\u00edpios est\u00e3o em situa\u00e7\u00e3o de emerg\u00eancia. Para ter um pouco de \u00e1gua, Izamar gasta seis horas do seu dia num carro de boi.<\/p>\n<\/div>\n<div class=\"mc-column content-text active-extra-styles \" data-block-type=\"unstyled\" data-block-weight=\"20\" data-block-id=\"4\">\n<p class=\"content-text__container \" data-track-category=\"Link no Texto\" data-track-links=\"\">\u201c\u00c9 para o gado, para o gasto, \u00e9 para tudo. Para tudo, tudo mesmo\u201d, diz o agricultor Izamar Derto Rocha.<\/p>\n<\/div>\n<div class=\"mc-column content-text active-extra-styles \" data-block-type=\"unstyled\" data-block-weight=\"11\" data-block-id=\"5\">\n<p class=\"content-text__container \" data-track-category=\"Link no Texto\" data-track-links=\"\">Dentro de casa, para lavar a lou\u00e7a, a \u00e1gua \u00e9 contada.<\/p>\n<\/div>\n<div class=\"mc-column content-text active-extra-styles \" data-block-type=\"unstyled\" data-block-weight=\"27\" data-block-id=\"6\">\n<p class=\"content-text__container \" data-track-category=\"Link no Texto\" data-track-links=\"\">\u201cFica dif\u00edcil, muito dif\u00edcil at\u00e9 para a gente beber. N\u00e3o pode tomar \u00e1gua \u00e0 vontade porque que tem que economizar\u201d, conta a tamb\u00e9m agricultora Marinalva Derto Rocha.<\/p>\n<\/div>\n<div class=\"mc-column content-text active-extra-styles \" data-block-type=\"unstyled\" data-block-weight=\"21\" data-block-id=\"7\">\n<p class=\"content-text__container \" data-track-category=\"Link no Texto\" data-track-links=\"\">Na geladeira da Maria Jos\u00e9 da Concei\u00e7\u00e3o, nenhuma garrafa de \u00e1gua. Ela usou tudo o que tinha para fazer o almo\u00e7o.<\/p>\n<\/div>\n<div class=\"mc-column content-text active-extra-styles \" data-block-type=\"unstyled\" data-block-weight=\"28\" data-block-id=\"8\">\n<p class=\"content-text__container \" data-track-category=\"Link no Texto\" data-track-links=\"\">\u201c\u00c9 o que tem para comer hoje. \u00c9 o arroz cozinhado, por causa da \u00e1gua, que n\u00e3o tem \u00e1gua para fazer a comida\u201d, conta a dona de casa.<\/p>\n<\/div>\n<div class=\"mc-column content-text active-extra-styles \" data-block-type=\"unstyled\" data-block-weight=\"42\" data-block-id=\"9\">\n<p class=\"content-text__container \" data-track-category=\"Link no Texto\" data-track-links=\"\">A cisterna \u00e9 grande, tem capacidade para 16 mil litros de \u00e1gua por dia, mas est\u00e1 seca a oito meses. Enquanto isso, os donos dela precisam se virar com apenas 30 litros de \u00e1gua por dia para fazer de tudo na casa.<\/p>\n<\/div>\n<div class=\"mc-column content-text active-extra-styles \" data-block-type=\"unstyled\" data-block-weight=\"48\" data-block-id=\"10\">\n<p class=\"content-text__container \" data-track-category=\"Link no Texto\" data-track-links=\"\">Segundo a Defesa Civil, 200 mil pessoas est\u00e3o sofrendo com a falta d\u2019\u00e1gua. Gente que sobrevive com um quinto do volume de \u00e1gua necess\u00e1rio para suprir as necessidades mais b\u00e1sicas. Segundo a Organiza\u00e7\u00e3o Mundial de Sa\u00fade, o ideal seriam cem litros de \u00e1gua por dia, e por pessoa.<\/p>\n<\/div>\n<div class=\"mc-column content-text active-extra-styles \" data-block-type=\"unstyled\" data-block-weight=\"12\" data-block-id=\"11\">\n<p class=\"content-text__container \" data-track-category=\"Link no Texto\" data-track-links=\"\">Em todo o sert\u00e3o, a m\u00e9dia de consumo \u00e9 de 20 litros.<\/p>\n<\/div>\n<div class=\"mc-column content-text active-extra-styles \" data-block-type=\"unstyled\" data-block-weight=\"36\" data-block-id=\"12\">\n<p class=\"content-text__container \" data-track-category=\"Link no Texto\" data-track-links=\"\">\u201cN\u00e3o pode tomar banho. Se tomar banho a pessoa n\u00e3o cozinha nem bebe. Os meninos v\u00e3o para a escola, tem que ir tudo \u2018rajadinho\u2019, que n\u00e3o tem \u00e1gua\u201d, diz a dona de casa Iolanda Santos Lima.<\/p>\n<\/div>\n<div class=\"content-ads content-ads--reveal\" data-block-type=\"ads\" data-block-id=\"13\"><\/div>\n<div class=\"mc-column content-text active-extra-styles \" data-block-type=\"unstyled\" data-block-weight=\"13\" data-block-id=\"14\">\n<p class=\"content-text__container \" data-track-category=\"Link no Texto\" data-track-links=\"\">Quando tem \u00e1gua, como em um a\u00e7ude, ela n\u00e3o serve para o consumo.<\/p>\n<\/div>\n<div class=\"mc-column content-text active-extra-styles \" data-block-type=\"unstyled\" data-block-weight=\"7\" data-block-id=\"15\">\n<p class=\"content-text__container \" data-track-category=\"Link no Texto\" data-track-links=\"\">\u201cA gente n\u00e3o pode viver sem \u00e1gua\u201d.<\/p>\n<\/div>\n<\/div>\n<div data-track-category=\"fim do conteudo\" data-track-action=\"ultimo chunk conteudo\" data-track-noninteraction=\"false\" data-track-scroll=\"entrada completa viewport\">\n<div class=\"mc-column content-text active-extra-styles \" data-block-type=\"unstyled\" data-block-weight=\"13\" data-block-id=\"16\">\n<p class=\"content-text__container \" data-track-category=\"Link no Texto\" data-track-links=\"\">\u201cVai vivendo e sofrendo nessa vida aqui, mas \u00e9 isso mesmo, \u00e9 complicado\u201d.<\/p>\n<\/div>\n<\/div>\n","protected":false},"excerpt":{"rendered":"<p>Cerca de um ter\u00e7o dos munic\u00edpios de Alagoas decretou emerg\u00eancia por causa da seca. Isso<\/p>\n","protected":false},"author":2,"featured_media":90638,"comment_status":"open","ping_status":"open","sticky":false,"template":"","format":"standard","meta":[],"categories":[],"tags":[],"uagb_featured_image_src":{"full":["https:\/\/espacoecologico.com.br\/arquivo\/wp-content\/uploads\/2018\/08\/seca.jpg",415,265,false],"thumbnail":["https:\/\/espacoecologico.com.br\/arquivo\/wp-content\/uploads\/2018\/08\/seca-150x150.jpg",150,150,true],"medium":["https:\/\/espacoecologico.com.br\/arquivo\/wp-content\/uploads\/2018\/08\/seca-300x192.jpg",300,192,true],"medium_large":["https:\/\/espacoecologico.com.br\/arquivo\/wp-content\/uploads\/2018\/08\/seca.jpg",415,265,false],"large":["https:\/\/espacoecologico.com.br\/arquivo\/wp-content\/uploads\/2018\/08\/seca.jpg",415,265,false],"1536x1536":["https:\/\/espacoecologico.com.br\/arquivo\/wp-content\/uploads\/2018\/08\/seca.jpg",415,265,false],"2048x2048":["https:\/\/espacoecologico.com.br\/arquivo\/wp-content\/uploads\/2018\/08\/seca.jpg",415,265,false],"cream-magazine-thumbnail-2":["https:\/\/espacoecologico.com.br\/arquivo\/wp-content\/uploads\/2018\/08\/seca.jpg",415,265,false],"cream-magazine-thumbnail-3":["https:\/\/espacoecologico.com.br\/arquivo\/wp-content\/uploads\/2018\/08\/seca.jpg",415,265,false],"cream-magazine-thumbnail-4":["https:\/\/espacoecologico.com.br\/arquivo\/wp-content\/uploads\/2018\/08\/seca.jpg",415,265,false]},"uagb_author_info":{"display_name":"","author_link":"https:\/\/espacoecologico.com.br\/arquivo\/author\/"},"uagb_comment_info":0,"uagb_excerpt":"Cerca de um ter\u00e7o dos munic\u00edpios de Alagoas decretou emerg\u00eancia por causa da seca. Isso","_links":{"self":[{"href":"https:\/\/espacoecologico.com.br\/arquivo\/wp-json\/wp\/v2\/posts\/90637"}],"collection":[{"href":"https:\/\/espacoecologico.com.br\/arquivo\/wp-json\/wp\/v2\/posts"}],"about":[{"href":"https:\/\/espacoecologico.com.br\/arquivo\/wp-json\/wp\/v2\/types\/post"}],"author":[{"embeddable":true,"href":"https:\/\/espacoecologico.com.br\/arquivo\/wp-json\/wp\/v2\/users\/2"}],"replies":[{"embeddable":true,"href":"https:\/\/espacoecologico.com.br\/arquivo\/wp-json\/wp\/v2\/comments?post=90637"}],"version-history":[{"count":0,"href":"https:\/\/espacoecologico.com.br\/arquivo\/wp-json\/wp\/v2\/posts\/90637\/revisions"}],"wp:featuredmedia":[{"embeddable":true,"href":"https:\/\/espacoecologico.com.br\/arquivo\/wp-json\/wp\/v2\/media\/90638"}],"wp:attachment":[{"href":"https:\/\/espacoecologico.com.br\/arquivo\/wp-json\/wp\/v2\/media?parent=90637"}],"wp:term":[{"taxonomy":"category","embeddable":true,"href":"https:\/\/espacoecologico.com.br\/arquivo\/wp-json\/wp\/v2\/categories?post=90637"},{"taxonomy":"post_tag","embeddable":true,"href":"https:\/\/espacoecologico.com.br\/arquivo\/wp-json\/wp\/v2\/tags?post=90637"}],"curies":[{"name":"wp","href":"https:\/\/api.w.org\/{rel}","templated":true}]}}