{"id":90629,"date":"2018-08-21T12:00:07","date_gmt":"2018-08-21T15:00:07","guid":{"rendered":"https:\/\/espacoecologico.com.br\/arquivo\/?p=90629"},"modified":"2018-08-21T09:28:01","modified_gmt":"2018-08-21T12:28:01","slug":"saiba-como-nanointerruptor-de-luz-acende-eletronica-supramolecular","status":"publish","type":"post","link":"https:\/\/espacoecologico.com.br\/arquivo\/saiba-como-nanointerruptor-de-luz-acende-eletronica-supramolecular\/","title":{"rendered":"Saiba como nanointerruptor de luz acende eletr\u00f4nica supramolecular"},"content":{"rendered":"<div class=\"imgTopC\">\n<div class=\"menor\"><strong><a href=\"https:\/\/espacoecologico.com.br\/arquivo\/wp-content\/uploads\/2018\/08\/nano.jpg\"><img loading=\"lazy\" class=\"alignleft size-medium wp-image-90630\" src=\"https:\/\/espacoecologico.com.br\/arquivo\/wp-content\/uploads\/2018\/08\/nano-300x192.jpg\" alt=\"\" width=\"300\" height=\"192\" srcset=\"https:\/\/espacoecologico.com.br\/arquivo\/wp-content\/uploads\/2018\/08\/nano-300x192.jpg 300w, https:\/\/espacoecologico.com.br\/arquivo\/wp-content\/uploads\/2018\/08\/nano.jpg 415w\" sizes=\"(max-width: 300px) 100vw, 300px\" \/><\/a>Mol\u00e9cula fotossens\u00edvel<\/strong><\/div>\n<\/div>\n<p>Pesquisadores sintetizaram uma subst\u00e2ncia que sofre transforma\u00e7\u00f5es qu\u00edmicas revers\u00edveis quando iluminada com luz vis\u00edvel ou ultravioleta, gerando efeitos em escala macrosc\u00f3pica.<\/p>\n<p>A subst\u00e2ncia \u00e9 composta por uma mol\u00e9cula especial que \u00e9 chave\u00e1vel, ou seja, ela muda de estrutura quando \u00e9 iluminada &#8211; \u00e9 um espiropirano fotossens\u00edvel.<\/p>\n<p>Essas mol\u00e9culas podem ent\u00e3o ser aplicadas sobre a superf\u00edcie de materiais monoat\u00f4micos, como o\u00a0<a href=\"http:\/\/www.inovacaotecnologica.com.br\/noticias\/meta.php?meta=Grafeno\" target=\"_blank\">grafeno<\/a>, a\u00a0<a href=\"http:\/\/www.inovacaotecnologica.com.br\/pesquisar.php?keyword=molibdenita\">molibdenita<\/a>\u00a0e outros materiais bidimensionais, gerando assim uma\u00a0<a href=\"http:\/\/www.inovacaotecnologica.com.br\/pesquisar.php?keyword=superrede\">superrede<\/a>\u00a0macrosc\u00f3pica h\u00edbrida com precis\u00e3o at\u00f4mica.<\/p>\n<p>As superredes s\u00e3o estruturas formadas por diferentes elementos qu\u00edmicos, diferentemente da rede at\u00f4mica de um cristal, que \u00e9 formada por um \u00fanico elemento &#8211; um\u00a0<a href=\"https:\/\/www.inovacaotecnologica.com.br\/noticias\/noticia.php?artigo=diamante-de-ouro&amp;id=010165161205\" target=\"_blank\">diamante de ouro<\/a>, por exemplo. Esses materiais fot\u00f4nicos t\u00eam sido apontados como viabilizadores de uma\u00a0<a href=\"https:\/\/www.inovacaotecnologica.com.br\/noticias\/noticia.php?artigo=cristal-cristais-nova-era-eletronica&amp;id=010110160303\" target=\"_blank\">nova era na eletr\u00f4nica<\/a>, baseada nos\u00a0<a href=\"https:\/\/www.inovacaotecnologica.com.br\/noticias\/noticia.php?artigo=semicondutor-mais-fino-possivel&amp;id=010110140903\" target=\"_blank\">semicondutores mais finos que \u00e9 poss\u00edvel fabricar<\/a>.<\/p>\n<p><strong>Eletr\u00f4nica supramolecular<\/strong><\/p>\n<p>Quando iluminada, toda a estrutura supramolecular sofre um rearranjo estrutural coletivo, que pode ser visualizado diretamente com resolu\u00e7\u00e3o sub-nanom\u00e9trica por microscopia de varredura.<\/p>\n<p>Mais importante, essa reorganiza\u00e7\u00e3o induzida pela luz em n\u00edvel molecular induz grandes mudan\u00e7as nas propriedades el\u00e9tricas macrosc\u00f3picas dos componentes.<\/p>\n<p>As mol\u00e9culas, juntamente com as camadas de grafeno ou outros materiais similares, podem ent\u00e3o converter eventos no n\u00edvel de mol\u00e9culas individuais em uma a\u00e7\u00e3o de chaveamento espacialmente homog\u00eanea que gera uma resposta el\u00e9trica macrosc\u00f3pica.<\/p>\n<p>A equipe garante que sua t\u00e9cnica inovadora e vers\u00e1til traz a chamada\u00a0<a href=\"https:\/\/www.inovacaotecnologica.com.br\/noticias\/noticia.php?artigo=avancos-quimica-supramolecular&amp;id=020175101103\" target=\"_blank\">eletr\u00f4nica supramolecular<\/a>\u00a0para mais pr\u00f3ximo da viabiliza\u00e7\u00e3o pr\u00e1tica.<\/p>\n<p>&#8220;Gra\u00e7as a essa nova abordagem, podemos explorar a capacidade de eventos de comuta\u00e7\u00e3o coletiva que ocorrem em superredes de mol\u00e9culas fotocr\u00f4micas montadas sobre grafeno ou materiais relacionados para induzir uma modula\u00e7\u00e3o revers\u00edvel em grande escala nas propriedades el\u00e9tricas de componentes optoeletr\u00f4nicos de alto desempenho. Esta tecnologia pode encontrar aplica\u00e7\u00f5es na pr\u00f3xima gera\u00e7\u00e3o de eletr\u00f4nicos inteligentes e port\u00e1teis, com propriedades program\u00e1veis,&#8221; disse o professor Paolo Samor\u00ec, da Universidade de Estrasburgo, na Fran\u00e7a.<\/p>\n<div class=\"biblio\"><b>Bibliografia:<\/b><\/p>\n<p><i>Collective molecular switching in hybrid superlattices for light-modulated two-dimensional electronics<\/i><br \/>\nMarco Gobbi, Sara Bonacchi, Jian X. Lian, Alexandre Vercouter, Simone Bertolazzi, Bj\u00f6rn Zyska, Melanie Timpel, Roberta Tatti, Yoann Olivier, Stefan Hecht, Marco V. Nardi, David Beljonne, Emanuele Orgiu, Paolo Samor\u00ec<br \/>\nNature Communications<br \/>\nVol.: 9, Article number: 2661<br \/>\nDOI: 10.1038\/s41467-018-04932-z<\/div>\n","protected":false},"excerpt":{"rendered":"<p>Mol\u00e9cula fotossens\u00edvel Pesquisadores sintetizaram uma subst\u00e2ncia que sofre transforma\u00e7\u00f5es qu\u00edmicas revers\u00edveis quando iluminada com luz<\/p>\n","protected":false},"author":2,"featured_media":90630,"comment_status":"open","ping_status":"open","sticky":false,"template":"","format":"standard","meta":[],"categories":[],"tags":[],"uagb_featured_image_src":{"full":["https:\/\/espacoecologico.com.br\/arquivo\/wp-content\/uploads\/2018\/08\/nano.jpg",415,265,false],"thumbnail":["https:\/\/espacoecologico.com.br\/arquivo\/wp-content\/uploads\/2018\/08\/nano-150x150.jpg",150,150,true],"medium":["https:\/\/espacoecologico.com.br\/arquivo\/wp-content\/uploads\/2018\/08\/nano-300x192.jpg",300,192,true],"medium_large":["https:\/\/espacoecologico.com.br\/arquivo\/wp-content\/uploads\/2018\/08\/nano.jpg",415,265,false],"large":["https:\/\/espacoecologico.com.br\/arquivo\/wp-content\/uploads\/2018\/08\/nano.jpg",415,265,false],"1536x1536":["https:\/\/espacoecologico.com.br\/arquivo\/wp-content\/uploads\/2018\/08\/nano.jpg",415,265,false],"2048x2048":["https:\/\/espacoecologico.com.br\/arquivo\/wp-content\/uploads\/2018\/08\/nano.jpg",415,265,false],"cream-magazine-thumbnail-2":["https:\/\/espacoecologico.com.br\/arquivo\/wp-content\/uploads\/2018\/08\/nano.jpg",415,265,false],"cream-magazine-thumbnail-3":["https:\/\/espacoecologico.com.br\/arquivo\/wp-content\/uploads\/2018\/08\/nano.jpg",415,265,false],"cream-magazine-thumbnail-4":["https:\/\/espacoecologico.com.br\/arquivo\/wp-content\/uploads\/2018\/08\/nano.jpg",415,265,false]},"uagb_author_info":{"display_name":"","author_link":"https:\/\/espacoecologico.com.br\/arquivo\/author\/"},"uagb_comment_info":0,"uagb_excerpt":"Mol\u00e9cula fotossens\u00edvel Pesquisadores sintetizaram uma subst\u00e2ncia que sofre transforma\u00e7\u00f5es qu\u00edmicas revers\u00edveis quando iluminada com luz","_links":{"self":[{"href":"https:\/\/espacoecologico.com.br\/arquivo\/wp-json\/wp\/v2\/posts\/90629"}],"collection":[{"href":"https:\/\/espacoecologico.com.br\/arquivo\/wp-json\/wp\/v2\/posts"}],"about":[{"href":"https:\/\/espacoecologico.com.br\/arquivo\/wp-json\/wp\/v2\/types\/post"}],"author":[{"embeddable":true,"href":"https:\/\/espacoecologico.com.br\/arquivo\/wp-json\/wp\/v2\/users\/2"}],"replies":[{"embeddable":true,"href":"https:\/\/espacoecologico.com.br\/arquivo\/wp-json\/wp\/v2\/comments?post=90629"}],"version-history":[{"count":0,"href":"https:\/\/espacoecologico.com.br\/arquivo\/wp-json\/wp\/v2\/posts\/90629\/revisions"}],"wp:featuredmedia":[{"embeddable":true,"href":"https:\/\/espacoecologico.com.br\/arquivo\/wp-json\/wp\/v2\/media\/90630"}],"wp:attachment":[{"href":"https:\/\/espacoecologico.com.br\/arquivo\/wp-json\/wp\/v2\/media?parent=90629"}],"wp:term":[{"taxonomy":"category","embeddable":true,"href":"https:\/\/espacoecologico.com.br\/arquivo\/wp-json\/wp\/v2\/categories?post=90629"},{"taxonomy":"post_tag","embeddable":true,"href":"https:\/\/espacoecologico.com.br\/arquivo\/wp-json\/wp\/v2\/tags?post=90629"}],"curies":[{"name":"wp","href":"https:\/\/api.w.org\/{rel}","templated":true}]}}