{"id":90624,"date":"2018-08-21T11:00:26","date_gmt":"2018-08-21T14:00:26","guid":{"rendered":"https:\/\/espacoecologico.com.br\/arquivo\/?p=90624"},"modified":"2018-08-21T09:18:56","modified_gmt":"2018-08-21T12:18:56","slug":"agencia-espacial-dos-estados-unidos-a-nasa-encontra-gelo-na-lua","status":"publish","type":"post","link":"https:\/\/espacoecologico.com.br\/arquivo\/agencia-espacial-dos-estados-unidos-a-nasa-encontra-gelo-na-lua\/","title":{"rendered":"Ag\u00eancia espacial dos Estados Unidos, a Nasa, encontra gelo na lua"},"content":{"rendered":"<p><a href=\"https:\/\/espacoecologico.com.br\/arquivo\/wp-content\/uploads\/2018\/08\/lua.jpg\"><img loading=\"lazy\" class=\"alignleft size-medium wp-image-90625\" src=\"https:\/\/espacoecologico.com.br\/arquivo\/wp-content\/uploads\/2018\/08\/lua-300x192.jpg\" alt=\"\" width=\"300\" height=\"192\" srcset=\"https:\/\/espacoecologico.com.br\/arquivo\/wp-content\/uploads\/2018\/08\/lua-300x192.jpg 300w, https:\/\/espacoecologico.com.br\/arquivo\/wp-content\/uploads\/2018\/08\/lua.jpg 415w\" sizes=\"(max-width: 300px) 100vw, 300px\" \/><\/a>A ag\u00eancia espacial dos Estados Unidos, a\u00a0<strong><a href=\"https:\/\/exame.abril.com.br\/noticias-sobre\/nasa\/\">Nasa<\/a><\/strong>, informou que foram identificados dois polos na lua que comprovam a exist\u00eancia de superf\u00edcies de gelo. S\u00e3o \u00e1reas mais escuras, distribu\u00eddas de forma irregular e que t\u00eam caracter\u00edsticas de forma\u00e7\u00f5es antigas e distintas.<\/p>\n<p>No p\u00f3lo sul, a maior parte do gelo se concentra em crateras lunares, enquanto no norte \u00e9 mais distribu\u00eddo, embora em menor quantidade.<\/p>\n<p>O trabalho foi realizado por cientistas da Universidade do Hava\u00ed, Brown University e do Centro de Pesquisas da Nasa. A equipe \u00e9 liderada pelos pesquisadores Shuai Li, da Universidade do Hava\u00ed e Brown University, e Richard Elphic, da Nasa.<\/p>\n<p>Os pesquisadores utilizaram dados captados por um instrumento denominado Moon Mineralogy Mapper (M3), da Nasa, que identificou aspectos espec\u00edficos sobre a exist\u00eancia de gelo, \u00e1gua e vapor.<\/p>\n<p>Disposto na nave n\u00e3o tripulada Chandrayaan-1, lan\u00e7ada em 2008, o M3 foi capaz de identificar a presen\u00e7a de gelo s\u00f3lido na lua, coletando informa\u00e7\u00f5es que distinguem \u00e1gua l\u00edquida, vapor e gelo s\u00f3lido.<\/p>\n<p>Segundo a Nasa, a maior parte do gelo descoberto est\u00e1 nas crateras, do lado norte, pois ali as temperaturas s\u00e3o baix\u00edssimas por causa da inclina\u00e7\u00e3o do eixo de rota\u00e7\u00e3o da lua, uma vez que a luz n\u00e3o chega a essa regi\u00e3o. No caso do lado sul, a forma\u00e7\u00e3o de gelo pode ser explicada por outros fen\u00f4menos, como o movimento do sistema solar.<\/p>\n","protected":false},"excerpt":{"rendered":"<p>A ag\u00eancia espacial dos Estados Unidos, a\u00a0Nasa, informou que foram identificados dois polos na lua<\/p>\n","protected":false},"author":2,"featured_media":90625,"comment_status":"open","ping_status":"open","sticky":false,"template":"","format":"standard","meta":[],"categories":[],"tags":[],"uagb_featured_image_src":{"full":["https:\/\/espacoecologico.com.br\/arquivo\/wp-content\/uploads\/2018\/08\/lua.jpg",415,265,false],"thumbnail":["https:\/\/espacoecologico.com.br\/arquivo\/wp-content\/uploads\/2018\/08\/lua-150x150.jpg",150,150,true],"medium":["https:\/\/espacoecologico.com.br\/arquivo\/wp-content\/uploads\/2018\/08\/lua-300x192.jpg",300,192,true],"medium_large":["https:\/\/espacoecologico.com.br\/arquivo\/wp-content\/uploads\/2018\/08\/lua.jpg",415,265,false],"large":["https:\/\/espacoecologico.com.br\/arquivo\/wp-content\/uploads\/2018\/08\/lua.jpg",415,265,false],"1536x1536":["https:\/\/espacoecologico.com.br\/arquivo\/wp-content\/uploads\/2018\/08\/lua.jpg",415,265,false],"2048x2048":["https:\/\/espacoecologico.com.br\/arquivo\/wp-content\/uploads\/2018\/08\/lua.jpg",415,265,false],"cream-magazine-thumbnail-2":["https:\/\/espacoecologico.com.br\/arquivo\/wp-content\/uploads\/2018\/08\/lua.jpg",415,265,false],"cream-magazine-thumbnail-3":["https:\/\/espacoecologico.com.br\/arquivo\/wp-content\/uploads\/2018\/08\/lua.jpg",415,265,false],"cream-magazine-thumbnail-4":["https:\/\/espacoecologico.com.br\/arquivo\/wp-content\/uploads\/2018\/08\/lua.jpg",415,265,false]},"uagb_author_info":{"display_name":"","author_link":"https:\/\/espacoecologico.com.br\/arquivo\/author\/"},"uagb_comment_info":0,"uagb_excerpt":"A ag\u00eancia espacial dos Estados Unidos, a\u00a0Nasa, informou que foram identificados dois polos na lua","_links":{"self":[{"href":"https:\/\/espacoecologico.com.br\/arquivo\/wp-json\/wp\/v2\/posts\/90624"}],"collection":[{"href":"https:\/\/espacoecologico.com.br\/arquivo\/wp-json\/wp\/v2\/posts"}],"about":[{"href":"https:\/\/espacoecologico.com.br\/arquivo\/wp-json\/wp\/v2\/types\/post"}],"author":[{"embeddable":true,"href":"https:\/\/espacoecologico.com.br\/arquivo\/wp-json\/wp\/v2\/users\/2"}],"replies":[{"embeddable":true,"href":"https:\/\/espacoecologico.com.br\/arquivo\/wp-json\/wp\/v2\/comments?post=90624"}],"version-history":[{"count":0,"href":"https:\/\/espacoecologico.com.br\/arquivo\/wp-json\/wp\/v2\/posts\/90624\/revisions"}],"wp:featuredmedia":[{"embeddable":true,"href":"https:\/\/espacoecologico.com.br\/arquivo\/wp-json\/wp\/v2\/media\/90625"}],"wp:attachment":[{"href":"https:\/\/espacoecologico.com.br\/arquivo\/wp-json\/wp\/v2\/media?parent=90624"}],"wp:term":[{"taxonomy":"category","embeddable":true,"href":"https:\/\/espacoecologico.com.br\/arquivo\/wp-json\/wp\/v2\/categories?post=90624"},{"taxonomy":"post_tag","embeddable":true,"href":"https:\/\/espacoecologico.com.br\/arquivo\/wp-json\/wp\/v2\/tags?post=90624"}],"curies":[{"name":"wp","href":"https:\/\/api.w.org\/{rel}","templated":true}]}}