{"id":90617,"date":"2018-08-21T08:43:01","date_gmt":"2018-08-21T11:43:01","guid":{"rendered":"https:\/\/espacoecologico.com.br\/arquivo\/?p=90617"},"modified":"2018-08-21T08:43:01","modified_gmt":"2018-08-21T11:43:01","slug":"um-milhao-de-pessoas-assinam-peticao-contra-o-comercio-de-carne-de-cachorro-na-coreia-do-sul","status":"publish","type":"post","link":"https:\/\/espacoecologico.com.br\/arquivo\/um-milhao-de-pessoas-assinam-peticao-contra-o-comercio-de-carne-de-cachorro-na-coreia-do-sul\/","title":{"rendered":"Um milh\u00e3o de pessoas assinam peti\u00e7\u00e3o contra o com\u00e9rcio de carne de cachorro na Coreia do Sul"},"content":{"rendered":"<p><a href=\"https:\/\/espacoecologico.com.br\/arquivo\/wp-content\/uploads\/2018\/08\/caes.jpg\"><img loading=\"lazy\" class=\"alignleft size-medium wp-image-90618\" src=\"https:\/\/espacoecologico.com.br\/arquivo\/wp-content\/uploads\/2018\/08\/caes-300x192.jpg\" alt=\"\" width=\"300\" height=\"192\" srcset=\"https:\/\/espacoecologico.com.br\/arquivo\/wp-content\/uploads\/2018\/08\/caes-300x192.jpg 300w, https:\/\/espacoecologico.com.br\/arquivo\/wp-content\/uploads\/2018\/08\/caes.jpg 415w\" sizes=\"(max-width: 300px) 100vw, 300px\" \/><\/a>O presidente da Coreia do Sul, Moon Jae-In, foi instado a acabar com o brutal com\u00e9rcio de carne de cachorro em seu pa\u00eds. Ativistas de diferentes organiza\u00e7\u00f5es, como a Humane Society International (Coreia), Coreia Animal Rights Advocates (KARA, da sigla em ingl\u00eas), se uniram e come\u00e7aram uma peti\u00e7\u00e3o no site Care2, que foi assinada por cerca de um milh\u00e3o de pessoas ao redor do globo.<\/p>\n<p>Eles foram pessoalmente ao pal\u00e1cio do presidente, a Casa Azul, para entregar as assinaturas junto com uma carta pedindo para que tivesse in\u00edcio uma elimina\u00e7\u00e3o progressiva das cerca de 17 mil fazendas de carne de cachorro em todo o pa\u00eds. \u00c9 estimado que 2,5 milh\u00f5es de c\u00e3es sejam criados nestes estabelecimentos para consumo humano.<\/p>\n<p>Outros territ\u00f3rios, como Hong Kong, Taiwan, Filipinas, Tail\u00e2ndia e Cingapura j\u00e1 proibiram este com\u00e9rcio. Outros, como o governo da Indon\u00e9sia, j\u00e1 prometeram seguir o mesmo caminho. O que os ativistas esperam \u00e9 que essa onda de conscientiza\u00e7\u00e3o chegue \u00e0 Coreia do Sul tamb\u00e9m, e eles sigam o rumo trilhado at\u00e9 ent\u00e3o.<\/p>\n<p>A esperan\u00e7a surgiu desde que o governo concordou, no dia 10 de agosto deste ano, em retirar uma lei que definia c\u00e3es e gatos como \u201cgado\u201d no pa\u00eds. Para eles, esse \u00e9 um primeiro passo, e \u00e9 por isso que as coisas n\u00e3o devem parar por a\u00ed. A HSI e a KARA agora querem ver um plano de a\u00e7\u00e3o com cronograma.<\/p>\n<p><img loading=\"lazy\" class=\"\" src=\"https:\/\/www.anda.jor.br\/wp-content\/uploads\/2018\/08\/peti%C3%A7%C3%A3o-contra-comercio-carne-cachorro2.jpg\" width=\"640\" height=\"367\" \/><\/p>\n<div id=\"attachment_723567\" class=\"wp-caption aligncenter\">\u201cNossa peti\u00e7\u00e3o de quase um milh\u00e3o de assinaturas reflete o desejo de cidad\u00e3os compassivos aqui na Coreia do Sul e em todo o mundo para ver o fim desta cruel ind\u00fastria de carne de cachorro\u201d, afirmou Nara Kim, gerente de Campanha Dog Meat da Humane Society International (Coreia), em entrevista ao portal Plant Based News.<\/div>\n<p>\u201cEsperamos que o Presidente Moon concorde que \u00e9 a hora certa para a Coreia do Sul acabar com essa ind\u00fastria que causa tanto sofrimento animal e \u00e9 cada vez mais rejeitada pelos cidad\u00e3os coreanos. Queremos que a Coreia do Sul se junte ao crescente n\u00famero de pa\u00edses e territ\u00f3rios da \u00c1sia que consignaram o com\u00e9rcio de carne de cachorro aos livros de hist\u00f3ria\u201d, ela conclui.<\/p>\n","protected":false},"excerpt":{"rendered":"<p>O presidente da Coreia do Sul, Moon Jae-In, foi instado a acabar com o brutal<\/p>\n","protected":false},"author":2,"featured_media":90618,"comment_status":"open","ping_status":"open","sticky":false,"template":"","format":"standard","meta":[],"categories":[],"tags":[],"uagb_featured_image_src":{"full":["https:\/\/espacoecologico.com.br\/arquivo\/wp-content\/uploads\/2018\/08\/caes.jpg",415,265,false],"thumbnail":["https:\/\/espacoecologico.com.br\/arquivo\/wp-content\/uploads\/2018\/08\/caes-150x150.jpg",150,150,true],"medium":["https:\/\/espacoecologico.com.br\/arquivo\/wp-content\/uploads\/2018\/08\/caes-300x192.jpg",300,192,true],"medium_large":["https:\/\/espacoecologico.com.br\/arquivo\/wp-content\/uploads\/2018\/08\/caes.jpg",415,265,false],"large":["https:\/\/espacoecologico.com.br\/arquivo\/wp-content\/uploads\/2018\/08\/caes.jpg",415,265,false],"1536x1536":["https:\/\/espacoecologico.com.br\/arquivo\/wp-content\/uploads\/2018\/08\/caes.jpg",415,265,false],"2048x2048":["https:\/\/espacoecologico.com.br\/arquivo\/wp-content\/uploads\/2018\/08\/caes.jpg",415,265,false],"cream-magazine-thumbnail-2":["https:\/\/espacoecologico.com.br\/arquivo\/wp-content\/uploads\/2018\/08\/caes.jpg",415,265,false],"cream-magazine-thumbnail-3":["https:\/\/espacoecologico.com.br\/arquivo\/wp-content\/uploads\/2018\/08\/caes.jpg",415,265,false],"cream-magazine-thumbnail-4":["https:\/\/espacoecologico.com.br\/arquivo\/wp-content\/uploads\/2018\/08\/caes.jpg",415,265,false]},"uagb_author_info":{"display_name":"","author_link":"https:\/\/espacoecologico.com.br\/arquivo\/author\/"},"uagb_comment_info":0,"uagb_excerpt":"O presidente da Coreia do Sul, Moon Jae-In, foi instado a acabar com o brutal","_links":{"self":[{"href":"https:\/\/espacoecologico.com.br\/arquivo\/wp-json\/wp\/v2\/posts\/90617"}],"collection":[{"href":"https:\/\/espacoecologico.com.br\/arquivo\/wp-json\/wp\/v2\/posts"}],"about":[{"href":"https:\/\/espacoecologico.com.br\/arquivo\/wp-json\/wp\/v2\/types\/post"}],"author":[{"embeddable":true,"href":"https:\/\/espacoecologico.com.br\/arquivo\/wp-json\/wp\/v2\/users\/2"}],"replies":[{"embeddable":true,"href":"https:\/\/espacoecologico.com.br\/arquivo\/wp-json\/wp\/v2\/comments?post=90617"}],"version-history":[{"count":0,"href":"https:\/\/espacoecologico.com.br\/arquivo\/wp-json\/wp\/v2\/posts\/90617\/revisions"}],"wp:featuredmedia":[{"embeddable":true,"href":"https:\/\/espacoecologico.com.br\/arquivo\/wp-json\/wp\/v2\/media\/90618"}],"wp:attachment":[{"href":"https:\/\/espacoecologico.com.br\/arquivo\/wp-json\/wp\/v2\/media?parent=90617"}],"wp:term":[{"taxonomy":"category","embeddable":true,"href":"https:\/\/espacoecologico.com.br\/arquivo\/wp-json\/wp\/v2\/categories?post=90617"},{"taxonomy":"post_tag","embeddable":true,"href":"https:\/\/espacoecologico.com.br\/arquivo\/wp-json\/wp\/v2\/tags?post=90617"}],"curies":[{"name":"wp","href":"https:\/\/api.w.org\/{rel}","templated":true}]}}