{"id":90613,"date":"2018-08-21T08:38:13","date_gmt":"2018-08-21T11:38:13","guid":{"rendered":"https:\/\/espacoecologico.com.br\/arquivo\/?p=90613"},"modified":"2018-08-21T08:38:13","modified_gmt":"2018-08-21T11:38:13","slug":"cientistas-encontraram-varios-insetos-adultos-mumificados-por-videiras-parasitas","status":"publish","type":"post","link":"https:\/\/espacoecologico.com.br\/arquivo\/cientistas-encontraram-varios-insetos-adultos-mumificados-por-videiras-parasitas\/","title":{"rendered":"Cientistas encontraram v\u00e1rios insetos adultos mumificados por videiras parasitas"},"content":{"rendered":"<p><span class=\"intro\"><a href=\"https:\/\/espacoecologico.com.br\/arquivo\/wp-content\/uploads\/2018\/08\/frutas.jpg\"><img loading=\"lazy\" class=\"alignleft size-medium wp-image-90614\" src=\"https:\/\/espacoecologico.com.br\/arquivo\/wp-content\/uploads\/2018\/08\/frutas-300x192.jpg\" alt=\"\" width=\"300\" height=\"192\" srcset=\"https:\/\/espacoecologico.com.br\/arquivo\/wp-content\/uploads\/2018\/08\/frutas-300x192.jpg 300w, https:\/\/espacoecologico.com.br\/arquivo\/wp-content\/uploads\/2018\/08\/frutas.jpg 415w\" sizes=\"(max-width: 300px) 100vw, 300px\" \/><\/a>D<\/span>urante uma pesquisa sobre vespas da fam\u00edlia Cynipidae, o professor Scott Egan, da Universidade Rice, no estado norte-americano do Texas, fez uma baita descoberta: o contato desses insetos com algumas videiras pode ter m\u00famias como resultado.<\/p>\n<p>Em estudo publicado no peri\u00f3dico\u00a0<em>Current Biology<\/em>, ele conta que tudo come\u00e7ou ao longo de uma visita ao sul da Fl\u00f3rida, onde h\u00e1 videiras parasitas chamadas de\u00a0<em>Cassytha filiformis<\/em>. A planta envolve os carvalhos, mas n\u00e3o se alimenta deles, e sim das galhas botadas por vespas.<\/p>\n<p>As galhas s\u00e3o estruturas onde esses insetos terminam seu desenvolvimento e chegam \u00e0 vida adulta. &#8220;Eu fui a lugares onde sabia que viviam &#8216;vespas-das-galhas&#8217; e onde as videiras ficavam e procurava as galhas no topo das \u00e1rvores. \u00c9 o tipo de coisa que n\u00e3o d\u00e1 para desver&#8221;, disse Egan em\u00a0<a href=\"https:\/\/phys.org\/news\/2018-08-parasitic-vine-tangles-gall-wasps.html\" target=\"_blank\">an\u00fancio<\/a>\u00a0da pesquisa.<\/p>\n<p>Para o especialista, que passou os \u00faltimos 17 anos estudando essas vespas, a descoberta foi uma revela\u00e7\u00e3o. &#8220;Nunca tinha visto algo do tipo. O fato \u00e9 que, at\u00e9 onde sabemos, ningu\u00e9m tinha documentado isso, o que \u00e9 incr\u00edvel porque bi\u00f3logos j\u00e1 estudaram cada uma dessas criaturas \u2014 as vespas e as galhas \u2014 por mais de um s\u00e9culo.&#8221;<\/p>\n<div class=\"foto componente_materia midia-largura-3456\"><img loading=\"lazy\" class=\"img-responsive\" title=\"Tipo de vespa-da-galha (Foto: Wikimedia\/Judy Gallagher)\" src=\"https:\/\/s2.glbimg.com\/iXhWVs86rbkTLcaE-aSh8Z25wFI=\/e.glbimg.com\/og\/ed\/f\/original\/2018\/08\/20\/gall_wasp_-_cynipidae_family_leesylvania_state_park_woodbridge_virginia.jpg\" alt=\"Tipo de vespa-da-galha (Foto: Wikimedia\/Judy Gallagher)\" width=\"640\" height=\"960\" \/><label class=\"foto-legenda\">TIPO DE VESPA-DA-GALHA (FOTO: WIKIMEDIA\/JUDY GALLAGHER)<\/label><\/div>\n<p>De volta ao laborat\u00f3rio, Egan contou com a ajuda de um grupo de estudantes da gradua\u00e7\u00e3o para analisar as amostras de galhas. Uma delas era Linyi Zhang, que percebeu um formato estranho nas videiras. &#8220;Acho que as videiras est\u00e3o conectadas \u00e0s galhas&#8221;, disse ela. Egan n\u00e3o acreditou, mas acabou cortando a estrutura no meio: dentro dela havia uma vespa adulta mumificada.<\/p>\n<p>Ao analisar o restante das amostras, os bi\u00f3logos perceberam que, das 51 galhas encontradas, 23 tinham vespas adultas mumificadas e somente duas das 101 galhas que n\u00e3o foram atacadas por videiras tinham insetos mortos dentro delas.<\/p>\n<p>&#8220;Os ataques est\u00e3o associados com tamanhos diferentes de galhas. Encontramos videiras anexadas \u00e0s galhas que eram um pouco maiores do que o normal. Isso significa que a videira est\u00e1 atacando galhas maiores ou as est\u00e1 induzindo a crescer para tirar mais energia delas&#8221;, afirmou Egan.<\/p>\n<p>Segundo ele, existem mais de 1,3 mil esp\u00e9cies de vespas que formam galhas e mais de quatro mil esp\u00e9cies de plantas parasitas, o que indica que sua descoberta pode ser &#8220;s\u00f3 a ponta do iceberg&#8221;.<\/p>\n","protected":false},"excerpt":{"rendered":"<p>Durante uma pesquisa sobre vespas da fam\u00edlia Cynipidae, o professor Scott Egan, da Universidade Rice,<\/p>\n","protected":false},"author":2,"featured_media":90614,"comment_status":"open","ping_status":"open","sticky":false,"template":"","format":"standard","meta":[],"categories":[],"tags":[],"uagb_featured_image_src":{"full":["https:\/\/espacoecologico.com.br\/arquivo\/wp-content\/uploads\/2018\/08\/frutas.jpg",415,265,false],"thumbnail":["https:\/\/espacoecologico.com.br\/arquivo\/wp-content\/uploads\/2018\/08\/frutas-150x150.jpg",150,150,true],"medium":["https:\/\/espacoecologico.com.br\/arquivo\/wp-content\/uploads\/2018\/08\/frutas-300x192.jpg",300,192,true],"medium_large":["https:\/\/espacoecologico.com.br\/arquivo\/wp-content\/uploads\/2018\/08\/frutas.jpg",415,265,false],"large":["https:\/\/espacoecologico.com.br\/arquivo\/wp-content\/uploads\/2018\/08\/frutas.jpg",415,265,false],"1536x1536":["https:\/\/espacoecologico.com.br\/arquivo\/wp-content\/uploads\/2018\/08\/frutas.jpg",415,265,false],"2048x2048":["https:\/\/espacoecologico.com.br\/arquivo\/wp-content\/uploads\/2018\/08\/frutas.jpg",415,265,false],"cream-magazine-thumbnail-2":["https:\/\/espacoecologico.com.br\/arquivo\/wp-content\/uploads\/2018\/08\/frutas.jpg",415,265,false],"cream-magazine-thumbnail-3":["https:\/\/espacoecologico.com.br\/arquivo\/wp-content\/uploads\/2018\/08\/frutas.jpg",415,265,false],"cream-magazine-thumbnail-4":["https:\/\/espacoecologico.com.br\/arquivo\/wp-content\/uploads\/2018\/08\/frutas.jpg",415,265,false]},"uagb_author_info":{"display_name":"","author_link":"https:\/\/espacoecologico.com.br\/arquivo\/author\/"},"uagb_comment_info":0,"uagb_excerpt":"Durante uma pesquisa sobre vespas da fam\u00edlia Cynipidae, o professor Scott Egan, da Universidade Rice,","_links":{"self":[{"href":"https:\/\/espacoecologico.com.br\/arquivo\/wp-json\/wp\/v2\/posts\/90613"}],"collection":[{"href":"https:\/\/espacoecologico.com.br\/arquivo\/wp-json\/wp\/v2\/posts"}],"about":[{"href":"https:\/\/espacoecologico.com.br\/arquivo\/wp-json\/wp\/v2\/types\/post"}],"author":[{"embeddable":true,"href":"https:\/\/espacoecologico.com.br\/arquivo\/wp-json\/wp\/v2\/users\/2"}],"replies":[{"embeddable":true,"href":"https:\/\/espacoecologico.com.br\/arquivo\/wp-json\/wp\/v2\/comments?post=90613"}],"version-history":[{"count":0,"href":"https:\/\/espacoecologico.com.br\/arquivo\/wp-json\/wp\/v2\/posts\/90613\/revisions"}],"wp:featuredmedia":[{"embeddable":true,"href":"https:\/\/espacoecologico.com.br\/arquivo\/wp-json\/wp\/v2\/media\/90614"}],"wp:attachment":[{"href":"https:\/\/espacoecologico.com.br\/arquivo\/wp-json\/wp\/v2\/media?parent=90613"}],"wp:term":[{"taxonomy":"category","embeddable":true,"href":"https:\/\/espacoecologico.com.br\/arquivo\/wp-json\/wp\/v2\/categories?post=90613"},{"taxonomy":"post_tag","embeddable":true,"href":"https:\/\/espacoecologico.com.br\/arquivo\/wp-json\/wp\/v2\/tags?post=90613"}],"curies":[{"name":"wp","href":"https:\/\/api.w.org\/{rel}","templated":true}]}}