{"id":90602,"date":"2018-08-20T14:10:37","date_gmt":"2018-08-20T17:10:37","guid":{"rendered":"https:\/\/espacoecologico.com.br\/arquivo\/?p=90602"},"modified":"2018-08-20T14:10:37","modified_gmt":"2018-08-20T17:10:37","slug":"joao-pessoa-sedia-xix-seminario-de-yoga-da-paraiba-2018","status":"publish","type":"post","link":"https:\/\/espacoecologico.com.br\/arquivo\/joao-pessoa-sedia-xix-seminario-de-yoga-da-paraiba-2018\/","title":{"rendered":"Jo\u00e3o Pessoa sedia XIX Semin\u00e1rio de Yoga da Para\u00edba 2018"},"content":{"rendered":"<p><a href=\"https:\/\/espacoecologico.com.br\/arquivo\/wp-content\/uploads\/2018\/08\/festival_yoga.jpg\"><img loading=\"lazy\" class=\"alignleft size-medium wp-image-90604\" src=\"https:\/\/espacoecologico.com.br\/arquivo\/wp-content\/uploads\/2018\/08\/festival_yoga-300x192.jpg\" alt=\"\" width=\"300\" height=\"192\" srcset=\"https:\/\/espacoecologico.com.br\/arquivo\/wp-content\/uploads\/2018\/08\/festival_yoga-300x192.jpg 300w, https:\/\/espacoecologico.com.br\/arquivo\/wp-content\/uploads\/2018\/08\/festival_yoga.jpg 415w\" sizes=\"(max-width: 300px) 100vw, 300px\" \/><\/a>Caminhos para o Equil\u00edbrio. Esse \u00e9 o tema do XIX Semin\u00e1rio de Yoga da Para\u00edba 2018, que acontece de 28 a 30 de setembro, no Acampamento \u00c1gua Viva, em Jo\u00e3o Pessoa, na Para\u00edba<\/p>\n<p>No semin\u00e1rio, aberto a todas as pessoas, voc\u00ea n\u00e3o precisa ser praticante de yoga; voc\u00ea n\u00e3o precisa ser profissional na \u00e1rea de yoga. O evento contempla todas as pessoas e o seu objetivo principal \u00e9 chegar at\u00e9 voc\u00ea e levar esse conhecimento milenar e as t\u00e9cnicas do yoga para, cada vez mais, essa realiza\u00e7\u00e3o dessa harmonia das suas rela\u00e7\u00f5es.<\/p>\n<p><a href=\"http:\/\/seminariodeyoga.com.br\/faca-sua-inscricao-no-xviii-seminario-de-yoga-da-paraiba\" target=\"_blank\"><strong>Clique aqui<\/strong> <\/a>e fa\u00e7a sua inscri\u00e7\u00e3o<\/p>\n<p>Confira galeria de fotos do local do evento:<\/p>\n<div id='gallery-1' class='gallery galleryid-90602 gallery-columns-3 gallery-size-full'><figure class='gallery-item'>\n\t\t\t<div class='gallery-icon landscape'>\n\t\t\t\t<a href='https:\/\/espacoecologico.com.br\/arquivo\/joao-pessoa-sedia-xix-seminario-de-yoga-da-paraiba-2018\/yoga_local2\/'><img width=\"640\" height=\"480\" src=\"https:\/\/espacoecologico.com.br\/arquivo\/wp-content\/uploads\/2018\/08\/yoga_local2.jpg\" class=\"attachment-full size-full\" alt=\"\" loading=\"lazy\" srcset=\"https:\/\/espacoecologico.com.br\/arquivo\/wp-content\/uploads\/2018\/08\/yoga_local2.jpg 640w, https:\/\/espacoecologico.com.br\/arquivo\/wp-content\/uploads\/2018\/08\/yoga_local2-300x225.jpg 300w\" sizes=\"(max-width: 640px) 100vw, 640px\" \/><\/a>\n\t\t\t<\/div><\/figure><figure class='gallery-item'>\n\t\t\t<div class='gallery-icon landscape'>\n\t\t\t\t<a href='https:\/\/espacoecologico.com.br\/arquivo\/joao-pessoa-sedia-xix-seminario-de-yoga-da-paraiba-2018\/yoga_local5\/'><img width=\"640\" height=\"480\" src=\"https:\/\/espacoecologico.com.br\/arquivo\/wp-content\/uploads\/2018\/08\/yoga_local5.jpg\" class=\"attachment-full size-full\" alt=\"\" loading=\"lazy\" srcset=\"https:\/\/espacoecologico.com.br\/arquivo\/wp-content\/uploads\/2018\/08\/yoga_local5.jpg 640w, https:\/\/espacoecologico.com.br\/arquivo\/wp-content\/uploads\/2018\/08\/yoga_local5-300x225.jpg 300w\" sizes=\"(max-width: 640px) 100vw, 640px\" \/><\/a>\n\t\t\t<\/div><\/figure><figure class='gallery-item'>\n\t\t\t<div class='gallery-icon landscape'>\n\t\t\t\t<a href='https:\/\/espacoecologico.com.br\/arquivo\/joao-pessoa-sedia-xix-seminario-de-yoga-da-paraiba-2018\/yoga_local3\/'><img width=\"640\" height=\"480\" src=\"https:\/\/espacoecologico.com.br\/arquivo\/wp-content\/uploads\/2018\/08\/yoga_local3.jpg\" class=\"attachment-full size-full\" alt=\"\" loading=\"lazy\" srcset=\"https:\/\/espacoecologico.com.br\/arquivo\/wp-content\/uploads\/2018\/08\/yoga_local3.jpg 640w, https:\/\/espacoecologico.com.br\/arquivo\/wp-content\/uploads\/2018\/08\/yoga_local3-300x225.jpg 300w\" sizes=\"(max-width: 640px) 100vw, 640px\" \/><\/a>\n\t\t\t<\/div><\/figure><figure class='gallery-item'>\n\t\t\t<div class='gallery-icon landscape'>\n\t\t\t\t<a href='https:\/\/espacoecologico.com.br\/arquivo\/joao-pessoa-sedia-xix-seminario-de-yoga-da-paraiba-2018\/yoga_local1\/'><img width=\"640\" height=\"480\" src=\"https:\/\/espacoecologico.com.br\/arquivo\/wp-content\/uploads\/2018\/08\/yoga_local1.jpg\" class=\"attachment-full size-full\" alt=\"\" loading=\"lazy\" srcset=\"https:\/\/espacoecologico.com.br\/arquivo\/wp-content\/uploads\/2018\/08\/yoga_local1.jpg 640w, https:\/\/espacoecologico.com.br\/arquivo\/wp-content\/uploads\/2018\/08\/yoga_local1-300x225.jpg 300w\" sizes=\"(max-width: 640px) 100vw, 640px\" \/><\/a>\n\t\t\t<\/div><\/figure><figure class='gallery-item'>\n\t\t\t<div class='gallery-icon landscape'>\n\t\t\t\t<a href='https:\/\/espacoecologico.com.br\/arquivo\/joao-pessoa-sedia-xix-seminario-de-yoga-da-paraiba-2018\/yoga_local4\/'><img width=\"640\" height=\"480\" src=\"https:\/\/espacoecologico.com.br\/arquivo\/wp-content\/uploads\/2018\/08\/yoga_local4.jpg\" class=\"attachment-full size-full\" alt=\"\" loading=\"lazy\" srcset=\"https:\/\/espacoecologico.com.br\/arquivo\/wp-content\/uploads\/2018\/08\/yoga_local4.jpg 640w, https:\/\/espacoecologico.com.br\/arquivo\/wp-content\/uploads\/2018\/08\/yoga_local4-300x225.jpg 300w\" sizes=\"(max-width: 640px) 100vw, 640px\" \/><\/a>\n\t\t\t<\/div><\/figure><figure class='gallery-item'>\n\t\t\t<div class='gallery-icon landscape'>\n\t\t\t\t<a href='https:\/\/espacoecologico.com.br\/arquivo\/joao-pessoa-sedia-xix-seminario-de-yoga-da-paraiba-2018\/yoga_local\/'><img width=\"640\" height=\"480\" src=\"https:\/\/espacoecologico.com.br\/arquivo\/wp-content\/uploads\/2018\/08\/yoga_local.jpg\" class=\"attachment-full size-full\" alt=\"\" loading=\"lazy\" srcset=\"https:\/\/espacoecologico.com.br\/arquivo\/wp-content\/uploads\/2018\/08\/yoga_local.jpg 640w, https:\/\/espacoecologico.com.br\/arquivo\/wp-content\/uploads\/2018\/08\/yoga_local-300x225.jpg 300w\" sizes=\"(max-width: 640px) 100vw, 640px\" \/><\/a>\n\t\t\t<\/div><\/figure>\n\t\t<\/div>\n\n<h1 class=\"header-post-title-class\">Ministrantes<\/h1>\n<p><em><strong><img class=\"alignleft\" src=\"http:\/\/seminariodeyoga.com.br\/wp-content\/uploads\/2016\/05\/abraao-carvalhono-xviii-seminario-de-yoga-da-paraiba-setembro-2017-150x150.png\" \/>Abra\u00e3o Carvalho \u00e9<\/strong><\/em>\u00a0Psicanalista Cl\u00ednico, discente em Psicologia e Constela\u00e7\u00e3o Familiar Sist\u00eamica.<\/p>\n<p>Coach (Professional, Life and Leader) com Certifica\u00e7\u00e3o Internacional pelo Instituto BCC e IACT \u2013 (International Alliance For Coaching &amp; Training).<\/p>\n<p>Professor de Yoga e Yogaterapeuta. Coordenador da AYPB \u2013 (Associa\u00e7\u00e3o de Yoga da Para\u00edba).<\/p>\n<p>Palestrante e Treinador na \u00e1rea de Qualidade de Vida e Desenvolvimento Humano.<\/p>\n<p>Terapeuta Membro do SINTE \u2013 Sindicato Nacional dos Terapeutas \u2013 CRT 44205 (<em>Yogaterapia, Arteterapia, Terapia Corporal e Reiki<\/em>). Professor Associado \u00e0 I.Y.T.A \u2013 (Associa\u00e7\u00e3o Internacional dos Professores de Yoga do Brasil), \u00e0 ANYI \u2013 (Associa\u00e7\u00e3o Nacional de Yoga Integral), \u00e0 ABQV \u2013 (Associa\u00e7\u00e3o Brasileira de Qualidade de Vida) e \u00e0 SBAFS (Sociedade Brasileira de Atividade F\u00edsica e Sa\u00fade).<\/p>\n<p>Fundador do Canal Namast\u00ea (Projeto que re\u00fane profissionais de sa\u00fade de diversas \u00e1reas e cidades do Brasil).\u00a0<a href=\"http:\/\/www.canalnamaste.com.br\/\" target=\"_blank\" rel=\"noopener\">http:\/\/www.canalnamaste.com.br<\/a>.<\/p>\n<p>Desenvolve e atua em diversos Projetos de Desenvolvimento Humano e Qualidade de vida como volunt\u00e1rio.<\/p>\n<p><strong>ATIVIDADE NO SEMIN\u00c1RIO:\u00a0<\/strong>Coordena\u00e7\u00e3o Geral, Palestra viv\u00eancia<\/p>\n<hr \/>\n<p><img loading=\"lazy\" class=\"size-thumbnail wp-image-117\" src=\"http:\/\/seminariodeyoga.com.br\/wp-content\/uploads\/2016\/05\/XVII-Seminario-de-Yoga-da-Paraiba-Carlos-Henrique-Viard-150x150.jpg\" sizes=\"(max-width: 150px) 100vw, 150px\" srcset=\"http:\/\/seminariodeyoga.com.br\/wp-content\/uploads\/2016\/05\/XVII-Seminario-de-Yoga-da-Paraiba-Carlos-Henrique-Viard-150x150.jpg 150w, http:\/\/seminariodeyoga.com.br\/wp-content\/uploads\/2016\/05\/XVII-Seminario-de-Yoga-da-Paraiba-Carlos-Henrique-Viard.jpg 160w\" alt=\"XVII-Seminario-de-Yoga-da-Paraiba-Carlos-Henrique-Viard\" width=\"150\" height=\"150\" \/><\/p>\n<p><em><strong>Carlos Henrique Viard Jr<\/strong><\/em>.<\/p>\n<p>Fundador e coordenador do Instituto MAPADEVA.<\/p>\n<p>Professor de Hatha Yoga e Medita\u00e7\u00e3o, com as seguintes forma\u00e7\u00f5es: Curso de Forma\u00e7\u00e3o e Aprofundamento com Marco Schultz; Capacita\u00e7\u00e3o em Yoga no Instituto de Ensino e Pesquisas em Yoga (IEPY) em parceria com a escola de Kaivalyadama (\u00cdndia), sob coordena\u00e7\u00e3o de Marcos Rojo Rodrigues.<\/p>\n<p>Autor do livro \u201cYoga: Inspirando Paz, Expirando Amor\u201d e do CD \u201cMeditando\u201d.<\/p>\n<p>Coordenador do Curso de Forma\u00e7\u00e3o e Aprofundamento em Yoga e Medita\u00e7\u00e3o do Instituto MAPADEVA.<\/p>\n<p>Terapeuta Hol\u00edstico, Profissional de Educa\u00e7\u00e3o F\u00edsica. H\u00e1 mais de quinze anos facilitando grupos de autoconhecimento, medita\u00e7\u00e3o e desenvolvimento pessoal. Ministra palestras em diferentes institui\u00e7\u00f5es religiosas, educacionais e empresariais.<\/p>\n<p>Ensina a partir\u00a0 de uma abordagem universalista, clara e pragm\u00e1tica. Seguindo a linha de Sathya Sai Baba encontra Nele inspira\u00e7\u00e3o para orienta\u00e7\u00e3o de todas as suas atividades. Dedica seu tempo e energia contribuindo para o despertar de uma humanidade mais amorosa, harm\u00f4nica, saud\u00e1vel, feliz e s\u00e1bia. Tem a honra e a alegria de tamb\u00e9m seguir a vis\u00e3o elevada e consagrada do querido Professor Herm\u00f3genes.<\/p>\n<p><strong>ATIVIDADE NO SEMIN\u00c1RIO:\u00a0<\/strong>Medita\u00e7\u00e3o e Oficina<\/p>\n<hr \/>\n<p><img loading=\"lazy\" class=\"alignleft wp-image-679 size-thumbnail\" src=\"http:\/\/seminariodeyoga.com.br\/wp-content\/uploads\/2016\/05\/bruno-braz-no-xviii-seminario-de-yoga-da-paraiba-setembro-2017-150x150.jpg\" sizes=\"(max-width: 150px) 100vw, 150px\" srcset=\"http:\/\/seminariodeyoga.com.br\/wp-content\/uploads\/2016\/05\/bruno-braz-no-xviii-seminario-de-yoga-da-paraiba-setembro-2017-150x150.jpg 150w, http:\/\/seminariodeyoga.com.br\/wp-content\/uploads\/2016\/05\/bruno-braz-no-xviii-seminario-de-yoga-da-paraiba-setembro-2017-300x300.jpg 300w, http:\/\/seminariodeyoga.com.br\/wp-content\/uploads\/2016\/05\/bruno-braz-no-xviii-seminario-de-yoga-da-paraiba-setembro-2017-270x270.jpg 270w, http:\/\/seminariodeyoga.com.br\/wp-content\/uploads\/2016\/05\/bruno-braz-no-xviii-seminario-de-yoga-da-paraiba-setembro-2017-230x230.jpg 230w, http:\/\/seminariodeyoga.com.br\/wp-content\/uploads\/2016\/05\/bruno-braz-no-xviii-seminario-de-yoga-da-paraiba-setembro-2017.jpg 377w\" alt=\"\" width=\"150\" height=\"150\" \/><\/p>\n<p><em><strong>Bruno Braz \u00e9<\/strong><\/em>\u00a0Instrutor de Yoga pelo Studio Dhyana Yoga em 2017, iniciou seus estudos em Vedanta com Jonas Masetti em 2014 (com quem teve o primeiro contato com a filosofia da Comunica\u00e7\u00e3o N\u00e3o-Violenta e desde ent\u00e3o vem estudando e observando os efeitos da t\u00e9cnica).<br \/>\nReikiano nivel I, praticante de medita\u00e7\u00e3o desde 1998, e desde la tendo contato com diversas artes marciais orientais.<\/p>\n<p>Iniciou seus estudos em Sanscrito em 2016 com Gustavo H.P. Moura (Gurusevananda) \u2013 UFPB. Iniciou seus estudos Autoconhecimento a Luz do Baghavad Gita \u2013 UFPB com Thiago Pelucio (Dhavali das) em 2016. Participou de workshops de Yogaterapia com Jaehyun Lee, estudo da mitologia hindu e cantos sagrados com Sandro Shankara, dentre outros<\/p>\n<p>Colaborador no Canal Namast\u00ea (Projeto que re\u00fane profissionais de sa\u00fade, de diversas \u00e1reas e cidades do Brasil)<br \/>\nProfessor de Dan\u00e7a de Sal\u00e3o desde 2014<\/p>\n<p><strong>ATIVIDADE NO SEMIN\u00c1RIO:\u00a0<\/strong>Oficina, Comiss\u00e3o de Divulga\u00e7\u00e3o e Comunica\u00e7\u00e3o Social<\/p>\n<hr \/>\n<p><img loading=\"lazy\" class=\"alignleft size-thumbnail wp-image-798\" src=\"http:\/\/seminariodeyoga.com.br\/wp-content\/uploads\/2016\/05\/diana-site-150x150.jpg\" sizes=\"(max-width: 150px) 100vw, 150px\" srcset=\"http:\/\/seminariodeyoga.com.br\/wp-content\/uploads\/2016\/05\/diana-site-150x150.jpg 150w, http:\/\/seminariodeyoga.com.br\/wp-content\/uploads\/2016\/05\/diana-site-300x300.jpg 300w, http:\/\/seminariodeyoga.com.br\/wp-content\/uploads\/2016\/05\/diana-site-768x768.jpg 768w, http:\/\/seminariodeyoga.com.br\/wp-content\/uploads\/2016\/05\/diana-site-270x270.jpg 270w, http:\/\/seminariodeyoga.com.br\/wp-content\/uploads\/2016\/05\/diana-site-230x230.jpg 230w, http:\/\/seminariodeyoga.com.br\/wp-content\/uploads\/2016\/05\/diana-site.jpg 960w\" alt=\"\" width=\"150\" height=\"150\" \/><\/p>\n<p><strong>Diana Alves<\/strong>, conheceu o Yoga h\u00e1 20 anos e desde ent\u00e3o vive esta pr\u00e1tica em sua vida di\u00e1ria, envolveu-se em diversos estilos de aulas, cursos, workshops no Brasil e exterior; fez do Yoga n\u00e3o s\u00f3 um estilo de vida, mas tamb\u00e9m sua profiss\u00e3o h\u00e1 14 anos. Hoje administra um centro de Yoga, Dhyana Yoga, respons\u00e1vel pelo Curso de Forma\u00e7\u00e3o e Autoconhecimento em Yoga, j\u00e1 com sua 7\u00aa Turma em andamento. Ampliou seus conhecimentos, tornando-se Mestre em Reiki Tradicional, Osho e Tibetano, Terapeuta em Thetahealing, Barras de Access, Terapia do Som. Sempre promovendo Retiros, Oficina, Workshops e Cursos dentro do conhecimento Hol\u00edstico.<\/p>\n<p>Neste Semin\u00e1rio, estar\u00e1 com a aula: Yoga e Medita\u00e7\u00e3o \u2013 Harmonizando os Chakras; trazendo um pouco da sua viv\u00eancia e metodologia aplicada em diversos Cursos, Workshops e Retiros dentro do tema. Neste ano, Diana levar\u00e1 essa mesma aula para a 5\u00aa Confer\u00eancia Carioca de Yoga, na qual \u00e9 professora convidada e participante desde 2014.<\/p>\n<p><strong>ATIVIDADE NO SEMIN\u00c1RIO:\u00a0<\/strong>Pr\u00e1tica,\u00a0Coordena\u00e7\u00e3o Did\u00e1tica<\/p>\n<hr \/>\n<p><img loading=\"lazy\" class=\"alignleft wp-image-680 size-thumbnail\" src=\"http:\/\/seminariodeyoga.com.br\/wp-content\/uploads\/2016\/05\/edineia-mangabeira-no-xviii-seminario-de-yoga-da-paraiba-setembro-2017-150x150.jpg\" sizes=\"(max-width: 150px) 100vw, 150px\" srcset=\"http:\/\/seminariodeyoga.com.br\/wp-content\/uploads\/2016\/05\/edineia-mangabeira-no-xviii-seminario-de-yoga-da-paraiba-setembro-2017-150x150.jpg 150w, http:\/\/seminariodeyoga.com.br\/wp-content\/uploads\/2016\/05\/edineia-mangabeira-no-xviii-seminario-de-yoga-da-paraiba-setembro-2017-230x230.jpg 230w\" alt=\"\" width=\"150\" height=\"150\" \/><\/p>\n<p><em><strong>Edin\u00e9ia Mangabeira \u00e9<\/strong><\/em>\u00a0Instrutora de Yoga e Yoga Terapia Hormonal, pratica yoga desde 2005. Terapeuta e Monn Mother, Ministra Cursos, Workshops e Palestras de Yoga Terapia Hormonal, atua em retiros espirituais na Para\u00edba, Alagoas, Rio Grande do Norte e Mato Grosso, ministra aulas regulares de yoga e yoga terapia hormonal. Atua com Ben\u00e7\u00e3o e Cura do \u00datero. Possui forma\u00e7\u00e3o em Tantra Yoga; Yoga Integral; Yoga Terapia Hormonal para Menopausa e Desequil\u00ed\u00adbrios Hormonais; Yoga Terapia Hormonal para Diabete; Yoga para Crian\u00e7as, Ayurveda; Terapia Florais de Bach; Terapia Florais de Saint Germain; Psicoterapia Pr\u00e2nica, Biosicologia Corpo e Mente, iniciada como Monn Mother por Miranda Gray. S\u00f3cia do Ser Infinito Yoga e Terapias.<\/p>\n<p><strong>ATIVIDADE NO SEMIN\u00c1RIO:\u00a0<\/strong>Oficina,\u00a0Coordena\u00e7\u00e3o Administrativa<\/p>\n<hr \/>\n<p><img loading=\"lazy\" class=\"alignleft wp-image-686 size-thumbnail\" src=\"http:\/\/seminariodeyoga.com.br\/wp-content\/uploads\/2016\/05\/jap-dharam-no-xviii-seminario-de-yoga-da-paraiba-setembro-2017-1-150x150.jpg\" alt=\"\" width=\"150\" height=\"150\" \/><\/p>\n<p><em><strong>Jap Dharam \u00e9<\/strong><\/em>\u00a0(Marina Castro): Professora de Kundalini Yoga, Medita\u00e7\u00e3o e Humanologia N\u00edvel 1 e 2, Professora N\u00edvel Associate da Aquarian Trainer Academy, Professora da Equipe 3HO-Brasil, SP. Especialista em Yoga Pr\u00e9-natal e Yoga para Sa\u00fade Mental. Tamb\u00e9m \u00e9 Cirurgi\u00e3-Dentista, Especialista em Medicina Tradicional Chinesa e Acupuntura, Terapeuta energ\u00e9tica e Consteladora Familiar. Coordenadora do Espa\u00e7o Dharma de Kundalini Yoga no Rio de Janeiro.<\/p>\n<p>&nbsp;<\/p>\n<p><strong>ATIVIDADE NO SEMIN\u00c1RIO:\u00a0<\/strong>Palestra vivencial, Medita\u00e7\u00e3o, Pr\u00e1tica<\/p>\n<hr \/>\n<p><img loading=\"lazy\" class=\"alignleft wp-image-689 size-thumbnail\" src=\"http:\/\/seminariodeyoga.com.br\/wp-content\/uploads\/2016\/05\/leticia-sales-no-xviii-seminario-de-yoga-da-paraiba-setembro-2017-150x150.jpg\" sizes=\"(max-width: 150px) 100vw, 150px\" srcset=\"http:\/\/seminariodeyoga.com.br\/wp-content\/uploads\/2016\/05\/leticia-sales-no-xviii-seminario-de-yoga-da-paraiba-setembro-2017-150x150.jpg 150w, http:\/\/seminariodeyoga.com.br\/wp-content\/uploads\/2016\/05\/leticia-sales-no-xviii-seminario-de-yoga-da-paraiba-setembro-2017-270x270.jpg 270w, http:\/\/seminariodeyoga.com.br\/wp-content\/uploads\/2016\/05\/leticia-sales-no-xviii-seminario-de-yoga-da-paraiba-setembro-2017-230x230.jpg 230w\" alt=\"\" width=\"150\" height=\"150\" \/><\/p>\n<p><strong><em>Let\u00edcia Sales \u00e9<\/em><\/strong>\u00a0Instrutora de Yoga em Forma\u00e7\u00e3o atualmente pelo Dhyana Yoga, \u00e9 coach e mentora de empreendedores. Terapeuta Thetahealing\u00ae n\u00edvel avan\u00e7ado, Reiki I e praticante de medita\u00e7\u00e3o desde 2002.<\/p>\n<p>Iniciou os estudos de S\u00e2nscrito no Curso de Extens\u00e3o com Gustavo Moura (Gurusevananda) em 2016. Participou de workshops de Yogaterapia com Jaehyun Lee, estudo da mitologia hindu e cantos sagrados com Sandro Shankara, dentre outros. Estudiosa da Comunica\u00e7\u00e3o n\u00e3o-violenta e da rela\u00e7\u00e3o com o Yoga e Vedanta atrav\u00e9s de estudos com Jonas Masetti desde 2014.<\/p>\n<p>Graduada em Turismo pela UFPB, MBA em Marketing pela UFPE, \u00e9 multipotencial por natureza e nutre um amor nada secreto pelo estudo do autoconhecimento, viagens, livros, e pelo movimento, que expressa atrav\u00e9s da dan\u00e7a, especialmente dan\u00e7a de sal\u00e3o e da yoga.<\/p>\n<p>Colaboradora no Canal Namast\u00ea (Projeto que re\u00fane profissionais de sa\u00fade de diversas \u00e1reas e cidades do Brasil)<\/p>\n<p><strong>ATIVIDADE NO SEMIN\u00c1RIO:\u00a0<\/strong>Oficina,\u00a0Comiss\u00e3o de Divulga\u00e7\u00e3o e Comunica\u00e7\u00e3o Social<\/p>\n<hr \/>\n<p><img loading=\"lazy\" class=\"alignleft wp-image-693 size-thumbnail\" src=\"http:\/\/seminariodeyoga.com.br\/wp-content\/uploads\/2016\/05\/milena-esther-no-xviii-seminario-de-yoga-da-paraiba-setembro-2017-150x150.jpg\" sizes=\"(max-width: 150px) 100vw, 150px\" srcset=\"http:\/\/seminariodeyoga.com.br\/wp-content\/uploads\/2016\/05\/milena-esther-no-xviii-seminario-de-yoga-da-paraiba-setembro-2017-150x150.jpg 150w, http:\/\/seminariodeyoga.com.br\/wp-content\/uploads\/2016\/05\/milena-esther-no-xviii-seminario-de-yoga-da-paraiba-setembro-2017-270x270.jpg 270w, http:\/\/seminariodeyoga.com.br\/wp-content\/uploads\/2016\/05\/milena-esther-no-xviii-seminario-de-yoga-da-paraiba-setembro-2017-230x230.jpg 230w\" alt=\"\" width=\"150\" height=\"150\" \/><\/p>\n<p><strong><em>Mila Lakshmi \u00e9<\/em><\/strong>\u00a0instrutora de yoga, yoga terapeuta, massoterapeuta ayurv\u00e9dica, aromaterapia, estudante da cura atrav\u00e9s da natureza. Realiza seus estudos anualmente na \u00cdndia.<\/p>\n<p>&nbsp;<\/p>\n<p>&nbsp;<\/p>\n<p>&nbsp;<\/p>\n<p><strong>ATIVIDADE NO SEMIN\u00c1RIO:\u00a0<\/strong>Oficina<\/p>\n<hr \/>\n<p><img loading=\"lazy\" class=\"alignleft size-thumbnail wp-image-734\" src=\"http:\/\/seminariodeyoga.com.br\/wp-content\/uploads\/2016\/05\/monica-rodrigues-no-xviii-seminario-de-yoga-da-paraiba-setembro-2017-150x150.jpg\" sizes=\"(max-width: 150px) 100vw, 150px\" srcset=\"http:\/\/seminariodeyoga.com.br\/wp-content\/uploads\/2016\/05\/monica-rodrigues-no-xviii-seminario-de-yoga-da-paraiba-setembro-2017-150x150.jpg 150w, http:\/\/seminariodeyoga.com.br\/wp-content\/uploads\/2016\/05\/monica-rodrigues-no-xviii-seminario-de-yoga-da-paraiba-setembro-2017-300x300.jpg 300w, http:\/\/seminariodeyoga.com.br\/wp-content\/uploads\/2016\/05\/monica-rodrigues-no-xviii-seminario-de-yoga-da-paraiba-setembro-2017-768x768.jpg 768w, http:\/\/seminariodeyoga.com.br\/wp-content\/uploads\/2016\/05\/monica-rodrigues-no-xviii-seminario-de-yoga-da-paraiba-setembro-2017-270x270.jpg 270w, http:\/\/seminariodeyoga.com.br\/wp-content\/uploads\/2016\/05\/monica-rodrigues-no-xviii-seminario-de-yoga-da-paraiba-setembro-2017-230x230.jpg 230w, http:\/\/seminariodeyoga.com.br\/wp-content\/uploads\/2016\/05\/monica-rodrigues-no-xviii-seminario-de-yoga-da-paraiba-setembro-2017.jpg 868w\" alt=\"\" width=\"150\" height=\"150\" \/><\/p>\n<p><em><strong>M\u00f4nica Rodrigues \u00e9<\/strong><\/em>\u00a0praticante yoga h\u00e1 11 anos. Psic\u00f3loga, Instrutora de Yoga e Yoga Dance. Atua em retiros espirituais, workshops e ministra aulas regulares de yoga e yoga dance.Atua em retiros espirituais na Para\u00edba, Alagoas, Rio Grande do Norte e Mato Grosso\u00a0Possui forma\u00e7\u00e3o em Yoga Dance, Yoga Integral, Tantra Yoga, Dan\u00e7as Circulares e Biopsiciologia Corpo e Mente. Mestranda em Neuroci\u00eancia. S\u00f3cia do Ser Infinito Yoga e Terapias.<\/p>\n<p>&nbsp;<\/p>\n<p><strong>ATIVIDADE NO SEMIN\u00c1RIO:\u00a0<\/strong>Pr\u00e1tica<\/p>\n<hr \/>\n<p><img loading=\"lazy\" class=\"alignleft wp-image-699 size-thumbnail\" src=\"http:\/\/seminariodeyoga.com.br\/wp-content\/uploads\/2016\/05\/paula-shayani-no-xviii-seminario-de-yoga-da-paraiba-setembro-2017-150x150.jpg\" sizes=\"(max-width: 150px) 100vw, 150px\" srcset=\"http:\/\/seminariodeyoga.com.br\/wp-content\/uploads\/2016\/05\/paula-shayani-no-xviii-seminario-de-yoga-da-paraiba-setembro-2017-150x150.jpg 150w, http:\/\/seminariodeyoga.com.br\/wp-content\/uploads\/2016\/05\/paula-shayani-no-xviii-seminario-de-yoga-da-paraiba-setembro-2017-270x270.jpg 270w, http:\/\/seminariodeyoga.com.br\/wp-content\/uploads\/2016\/05\/paula-shayani-no-xviii-seminario-de-yoga-da-paraiba-setembro-2017-230x230.jpg 230w\" alt=\"\" width=\"150\" height=\"150\" \/><\/p>\n<p><strong><em>Paula Shayani \u00e9<\/em><\/strong>\u00a0professora de Kundalini Yoga, formada pelo Kundalini Research Institute (KRI). Realizou curso \u201cParto Consciente e Yoga Pr\u00e9-natal\u201d junto ao 3HO Brasil. Participou de diversos eventos nacionais e internacionais. Terapeuta Ayurveda formada pelas escolas Yoga Bhrama Vidyalaya e International Academy of Ayurveda. Idealizadora do conceito Yoghee, que re\u00fane Terapia Ayurveda com Emp\u00f3rio de Produtos Naturais<\/p>\n<p>&nbsp;<\/p>\n<p><strong>ATIVIDADE NO SEMIN\u00c1RIO:\u00a0<\/strong>Oficina<\/p>\n<hr \/>\n<p><img loading=\"lazy\" class=\"alignleft wp-image-702 size-thumbnail\" src=\"http:\/\/seminariodeyoga.com.br\/wp-content\/uploads\/2016\/05\/soraia-bandeira-no-xviii-seminario-de-yoga-da-paraiba-setembro-2017-150x150.jpg\" sizes=\"(max-width: 150px) 100vw, 150px\" srcset=\"http:\/\/seminariodeyoga.com.br\/wp-content\/uploads\/2016\/05\/soraia-bandeira-no-xviii-seminario-de-yoga-da-paraiba-setembro-2017-150x150.jpg 150w, http:\/\/seminariodeyoga.com.br\/wp-content\/uploads\/2016\/05\/soraia-bandeira-no-xviii-seminario-de-yoga-da-paraiba-setembro-2017-270x270.jpg 270w, http:\/\/seminariodeyoga.com.br\/wp-content\/uploads\/2016\/05\/soraia-bandeira-no-xviii-seminario-de-yoga-da-paraiba-setembro-2017-230x230.jpg 230w\" alt=\"\" width=\"150\" height=\"150\" \/><\/p>\n<p><strong><em>Soraia Bandeira \u00e9<\/em><\/strong>\u00a0Cantora, Preparadora Vocal, Terapeuta Hol\u00edstica, Instrutora de Hatha Yoga e Practitioner de Barras de Access Consciousness\u00ae. Une o trabalho de t\u00e9cnicas de canto com o Yoga e terapias integrativas, ministrando aulas e oficinas direcionadas para o uso da voz como ferramenta para a expans\u00e3o da consci\u00eancia e do auto aperfei\u00e7oamento.<br \/>\nAtende e d\u00e1 aulas no Espa\u00e7o CantYoga em Jo\u00e3o Pessoa-PB.<\/p>\n<p>&nbsp;<\/p>\n<p><strong>ATIVIDADE NO SEMIN\u00c1RIO:\u00a0<\/strong>Oficina, Participa\u00e7\u00f5es especiais<\/p>\n<hr \/>\n<p><img loading=\"lazy\" class=\"alignleft size-thumbnail wp-image-966\" src=\"http:\/\/seminariodeyoga.com.br\/wp-content\/uploads\/2018\/08\/sandro-lobo-150x150.jpg\" sizes=\"(max-width: 150px) 100vw, 150px\" srcset=\"http:\/\/seminariodeyoga.com.br\/wp-content\/uploads\/2018\/08\/sandro-lobo-150x150.jpg 150w, http:\/\/seminariodeyoga.com.br\/wp-content\/uploads\/2018\/08\/sandro-lobo-300x298.jpg 300w, http:\/\/seminariodeyoga.com.br\/wp-content\/uploads\/2018\/08\/sandro-lobo-768x763.jpg 768w, http:\/\/seminariodeyoga.com.br\/wp-content\/uploads\/2018\/08\/sandro-lobo-1024x1017.jpg 1024w, http:\/\/seminariodeyoga.com.br\/wp-content\/uploads\/2018\/08\/sandro-lobo-270x270.jpg 270w, http:\/\/seminariodeyoga.com.br\/wp-content\/uploads\/2018\/08\/sandro-lobo-230x230.jpg 230w, http:\/\/seminariodeyoga.com.br\/wp-content\/uploads\/2018\/08\/sandro-lobo.jpg 1440w\" alt=\"\" width=\"150\" height=\"150\" \/><\/p>\n<p><em><strong>Sandro Lobo<\/strong><\/em>\u00a0\u00e9 portugu\u00eas naturalizado e brasileiro nato e dedica a vida a ajudar as pessoas a serem mais felizes e saud\u00e1veis.<\/p>\n<p>P\u00f3s-graduado em Direito, foi servidor da Justi\u00e7a Federal do Brasil antes de sair pelo mundo promovendo a felicidade atrav\u00e9s de workshops, forma\u00e7\u00f5es, retiros e outros eventos.<\/p>\n<p>\u00c9 L\u00edder de Yoga do Riso formado pela Escola do Riso de Portugal e Formador de novos l\u00edderes, treinado pela UnitedMind Uk (Inglaterra) e credenciado pela Laughter Yoga University (\u00cdndia).<\/p>\n<p>\u00c9 tamb\u00e9m coach, reikiano, instrutor de Yoga tradicional, cozinheiro vegano, escritor e massoterapeuta ayurveda.<\/p>\n<p><strong>ATIVIDADE NO SEMIN\u00c1RIO:\u00a0<\/strong>Pr\u00e1tica de Yoga do Riso<\/p>\n<header id=\"masthead\" class=\"site-header clearfix \">\n<div class=\"header-post-title-container clearfix\">\n<div class=\"inner-wrap\">\n<div class=\"post-title-wrapper\">\n<h1 class=\"header-post-title-class\">Programa\u00e7\u00e3o<\/h1>\n<\/div>\n<\/div>\n<\/div>\n<\/header>\n<div id=\"main\" class=\"clearfix\">\n<div class=\"inner-wrap\">\n<div id=\"primary\">\n<div id=\"content\" class=\"clearfix\">\n<article id=\"post-303\" class=\"post-303 page type-page status-publish hentry\">\n<div class=\"entry-content clearfix\">\n<p><strong>Dia 28 DE SETEMBRO \u2013 SEXTA<br \/>\n<\/strong><br \/>\n<em><strong>\u2013 16hs \u00e0s 18hs<\/strong><\/em>\u00a0\u2013 Credenciamento no Acampamento \u00c1gua Viva<br \/>\n<em><strong>\u2013 18hs \u00e0s 19hs30min<\/strong><\/em>\u00a0\u2013 Jantar<br \/>\n<em><strong>\u2013 20hs \u00e0s 22hs \u2013<\/strong><\/em>\u00a0Abertura Oficial do XIX Semin\u00e1rio de Yoga da Para\u00edba<br \/>\n<em><strong>\u00a0 \u00a0 \u00a0 \u00a0 \u00a0\u2013 20hs \u00e0s 20hs15min<\/strong><\/em>\u00a0\u2013\u00a0<em>Boas vindas e orienta\u00e7\u00f5es Gerais<\/em>\u00a0\u2013 (Coordena\u00e7\u00e3o Geral)<br \/>\n<em><strong>\u00a0 \u00a0 \u00a0 \u00a0 \u00a0\u2013 20hs15min \u00e0s 21hs<\/strong><\/em>\u00a0\u2013 Palestra:\u00a0<em>Caminhos para o equil\u00edbrio<\/em>\u00a0\u2013 (Prof. Abra\u00e3o Carvalho)<br \/>\n<em><strong>\u2013 21hs \u00e0s 22hs<\/strong><\/em>\u00a0\u2013\u00a0<em>Viv\u00eancia e interven\u00e7\u00e3o art\u00edstica<\/em><br \/>\n<em><strong>\u2013 22hs30min<\/strong><\/em>\u00a0\u2013 Recolhimento<\/p>\n<hr \/>\n<p><strong>Dia 29 DE SETEMBRO \u2013 S\u00c1BADO<br \/>\n<\/strong><br \/>\n<em><strong>\u2013 6hs:<\/strong><\/em>\u00a0Reiki coletivo<\/p>\n<p><em><strong>\u2013 6hs30min \u00e0s 8hs:<\/strong><\/em>\u00a0Pr\u00e1ticas de Yoga (Simult\u00e2neas)<\/p>\n<ol>\n<li><i>Yoga com foco em\u00a0<em>Kriyas \u2013 Prof. Abra\u00e3o Carvalho<\/em><\/i><\/li>\n<li><i>Yoga a dois \u2013 Prof. Cao Veras<\/i><\/li>\n<li><i>Yoga para rejuvenescimento cerebral \u2013 Prof. Socorro Barbosa<\/i><\/li>\n<li><i>Yoga do Riso \u2013 Prof. Sandro Lobo<\/i><\/li>\n<\/ol>\n<p><em><strong>\u2013 8hs \u00e0s 9hs:<\/strong><\/em>\u00a0Caf\u00e9 da Manh\u00e3<\/p>\n<p><em><strong>\u2013 9hs30min \u00e0s 10hs30min:<\/strong><\/em>\u00a0<em>Palestra<\/em>\u00a0\u2013 (Prof. Thiago Le\u00e3o)<\/p>\n<p><strong><em>\u2013 10hs40min \u00e0s 12hs30min:<\/em><\/strong>\u00a0Oficinas\u00a0(Simult\u00e2neas)<\/p>\n<ol>\n<li><i>Prof. Thiago Le\u00e3o<\/i><\/li>\n<li><i>Prof. Jap Dharam<\/i><\/li>\n<li><i>Prof. Carlos Henrique<\/i><\/li>\n<\/ol>\n<p><strong><em>\u2013 12hs40min \u00e0s 14h:<\/em><\/strong>\u00a0Almo\u00e7o<\/p>\n<p><strong>\u2013 14hs \u00e0s 14:40hs:\u00a0<\/strong>Repouso<\/p>\n<p><strong><em>\u2013 15hs \u00e0s 17hs:<\/em><\/strong>\u00a0Oficinas:<\/p>\n<ol>\n<li><em>Equil\u00edbrio de Consci\u00eancia Ps\u00edquica \u2013 Um caminho atrav\u00e9s da Yogaterapia \u2013 Prof. Rebecca Kante<\/em><\/li>\n<li><i>O conflito como caminho para o equil\u00edbrio \u2013 Profs. Let\u00edcia Sales e Bruno Braz<\/i><\/li>\n<li><i>A equanimidade atrav\u00e9s Raja Yoga \u2013 Prof. Eanes Torres<\/i><\/li>\n<li><em>Harmonizando os cakras: um caminho para o equil\u00edbrio atrav\u00e9s dos mantras, \u0101sanas e mudr\u0101s \u2013 Profs. Daniel Mariano e Priscila Canuto<\/em><\/li>\n<\/ol>\n<p><strong><em>\u2013 17hs \u00e0s 18hs:<\/em><\/strong>\u00a0Medita\u00e7\u00e3o do P\u00f4r do Sol \u2013 (Prof. Thiago Le\u00e3o)<br \/>\n<strong><em>\u2013 17hs \u00e0s 18hs:<\/em><\/strong>\u00a0Medita\u00e7\u00e3o do P\u00f4r do Sol \u2013 (Prof. Jap Dharam)<br \/>\n<strong><em>\u2013 17hs \u00e0s 18hs:<\/em><\/strong>\u00a0Medita\u00e7\u00e3o do P\u00f4r do Sol \u2013 (Prof. Carlos Henrique)<\/p>\n<p><strong><em>\u2013 18hs \u00e0s 19hs30min:<\/em><\/strong>\u00a0Jantar<\/p>\n<p><strong><em>\u2013 20hs \u00e0s 22hs30min:<\/em>\u00a0<\/strong>Satsanga (Comiss\u00e3o de Arte)<\/p>\n<hr \/>\n<p><strong>Dia 30 DE SETEMBRO \u2013 DOMINGO<\/strong><\/p>\n<p><strong><em>\u2013 6hs30min \u00e0s 8hs:<\/em><\/strong>\u00a0Pr\u00e1ticas de Yoga (Simult\u00e2neas)<\/p>\n<ol>\n<li><i>Yoga em dupla \u2013 Prof. Cynthia Cartaxo<\/i><\/li>\n<li><i>Yoga Dance \u2013 Prof. M\u00f4nica Rodrigues<\/i><\/li>\n<li><i>Yoga Integral \u2013 Prof. Milena Esther<\/i><\/li>\n<li><i>Yoga Terapia Hormonal \u2013 Prof. Edin\u00e9ia Mangabeira<\/i><\/li>\n<\/ol>\n<p><strong><em>\u2013 8hs \u00e0s 9hs:<\/em><\/strong>\u00a0Caf\u00e9 da Manh\u00e3<\/p>\n<p><strong><em>\u2013 9hs30min \u00e0s 11hs30min:<\/em><\/strong>\u00a0Oficinas:<\/p>\n<ol>\n<li><i>Yoga para Pais e Filhos \u2013 equil\u00edbrio come\u00e7a em casa \u2013 Prof. Andr\u00e9a Ara\u00fajo<\/i><\/li>\n<li><i>Yoga Terapia da Voz \u2013 Prof. Soraia Bandeira<\/i><\/li>\n<li><i>Auto-Estima e sua rela\u00e7\u00e3o com o Equil\u00edbrio dos Chakras, dos Tattvas, do Sistema Nervoso e da Energia Pr\u00e2nica \u2013 Prof. Paula Shayani<\/i><\/li>\n<li><i>Jin Shin Jyutsu &amp; Yoga \u2013 Prof. Suani Bandeira<\/i><\/li>\n<\/ol>\n<p><strong><em>\u2013 11hs40min \u00e0s 12hs20min<\/em><\/strong>\u00a0\u2013 Palestra Jap Dharam<\/p>\n<p><strong><em>\u2013 12hs20min \u00e0s 13hs:<\/em><\/strong>\u00a0Encerramento<\/p>\n<p><strong><em>\u2013 13hs \u00e0s 14hs30min:<\/em><\/strong>\u00a0Almo\u00e7o Final<\/p>\n<hr \/>\n<p><strong>PS.<\/strong>\u00a0A programa\u00e7\u00e3o poder\u00e1 receber ajustes ao longo dos dias!<\/p>\n<\/div>\n<\/article>\n<\/div>\n<\/div>\n<\/div>\n<\/div>\n<p>&nbsp;<\/p>\n","protected":false},"excerpt":{"rendered":"<p>Caminhos para o Equil\u00edbrio. Esse \u00e9 o tema do XIX Semin\u00e1rio de Yoga da Para\u00edba<\/p>\n","protected":false},"author":2,"featured_media":90604,"comment_status":"open","ping_status":"open","sticky":false,"template":"","format":"standard","meta":[],"categories":[],"tags":[],"uagb_featured_image_src":{"full":["https:\/\/espacoecologico.com.br\/arquivo\/wp-content\/uploads\/2018\/08\/festival_yoga.jpg",415,265,false],"thumbnail":["https:\/\/espacoecologico.com.br\/arquivo\/wp-content\/uploads\/2018\/08\/festival_yoga-150x150.jpg",150,150,true],"medium":["https:\/\/espacoecologico.com.br\/arquivo\/wp-content\/uploads\/2018\/08\/festival_yoga-300x192.jpg",300,192,true],"medium_large":["https:\/\/espacoecologico.com.br\/arquivo\/wp-content\/uploads\/2018\/08\/festival_yoga.jpg",415,265,false],"large":["https:\/\/espacoecologico.com.br\/arquivo\/wp-content\/uploads\/2018\/08\/festival_yoga.jpg",415,265,false],"1536x1536":["https:\/\/espacoecologico.com.br\/arquivo\/wp-content\/uploads\/2018\/08\/festival_yoga.jpg",415,265,false],"2048x2048":["https:\/\/espacoecologico.com.br\/arquivo\/wp-content\/uploads\/2018\/08\/festival_yoga.jpg",415,265,false],"cream-magazine-thumbnail-2":["https:\/\/espacoecologico.com.br\/arquivo\/wp-content\/uploads\/2018\/08\/festival_yoga.jpg",415,265,false],"cream-magazine-thumbnail-3":["https:\/\/espacoecologico.com.br\/arquivo\/wp-content\/uploads\/2018\/08\/festival_yoga.jpg",415,265,false],"cream-magazine-thumbnail-4":["https:\/\/espacoecologico.com.br\/arquivo\/wp-content\/uploads\/2018\/08\/festival_yoga.jpg",415,265,false]},"uagb_author_info":{"display_name":"","author_link":"https:\/\/espacoecologico.com.br\/arquivo\/author\/"},"uagb_comment_info":0,"uagb_excerpt":"Caminhos para o Equil\u00edbrio. Esse \u00e9 o tema do XIX Semin\u00e1rio de Yoga da Para\u00edba","_links":{"self":[{"href":"https:\/\/espacoecologico.com.br\/arquivo\/wp-json\/wp\/v2\/posts\/90602"}],"collection":[{"href":"https:\/\/espacoecologico.com.br\/arquivo\/wp-json\/wp\/v2\/posts"}],"about":[{"href":"https:\/\/espacoecologico.com.br\/arquivo\/wp-json\/wp\/v2\/types\/post"}],"author":[{"embeddable":true,"href":"https:\/\/espacoecologico.com.br\/arquivo\/wp-json\/wp\/v2\/users\/2"}],"replies":[{"embeddable":true,"href":"https:\/\/espacoecologico.com.br\/arquivo\/wp-json\/wp\/v2\/comments?post=90602"}],"version-history":[{"count":0,"href":"https:\/\/espacoecologico.com.br\/arquivo\/wp-json\/wp\/v2\/posts\/90602\/revisions"}],"wp:featuredmedia":[{"embeddable":true,"href":"https:\/\/espacoecologico.com.br\/arquivo\/wp-json\/wp\/v2\/media\/90604"}],"wp:attachment":[{"href":"https:\/\/espacoecologico.com.br\/arquivo\/wp-json\/wp\/v2\/media?parent=90602"}],"wp:term":[{"taxonomy":"category","embeddable":true,"href":"https:\/\/espacoecologico.com.br\/arquivo\/wp-json\/wp\/v2\/categories?post=90602"},{"taxonomy":"post_tag","embeddable":true,"href":"https:\/\/espacoecologico.com.br\/arquivo\/wp-json\/wp\/v2\/tags?post=90602"}],"curies":[{"name":"wp","href":"https:\/\/api.w.org\/{rel}","templated":true}]}}