{"id":90598,"date":"2018-08-20T13:30:11","date_gmt":"2018-08-20T16:30:11","guid":{"rendered":"https:\/\/espacoecologico.com.br\/arquivo\/?p=90598"},"modified":"2018-08-20T14:14:37","modified_gmt":"2018-08-20T17:14:37","slug":"mare-vermelha-dizima-populacao-aquatica-na-costa-oeste-da-florida","status":"publish","type":"post","link":"https:\/\/espacoecologico.com.br\/arquivo\/mare-vermelha-dizima-populacao-aquatica-na-costa-oeste-da-florida\/","title":{"rendered":"&#8216;Mar\u00e9 vermelha&#8217; dizima popula\u00e7\u00e3o aqu\u00e1tica na costa oeste da Fl\u00f3rida"},"content":{"rendered":"<p><a href=\"https:\/\/espacoecologico.com.br\/arquivo\/wp-content\/uploads\/2018\/08\/mare_vermelha.jpg\"><img loading=\"lazy\" class=\"alignleft size-medium wp-image-90599\" src=\"https:\/\/espacoecologico.com.br\/arquivo\/wp-content\/uploads\/2018\/08\/mare_vermelha-300x192.jpg\" alt=\"\" width=\"300\" height=\"192\" srcset=\"https:\/\/espacoecologico.com.br\/arquivo\/wp-content\/uploads\/2018\/08\/mare_vermelha-300x192.jpg 300w, https:\/\/espacoecologico.com.br\/arquivo\/wp-content\/uploads\/2018\/08\/mare_vermelha.jpg 415w\" sizes=\"(max-width: 300px) 100vw, 300px\" \/><\/a>Uma devastadora &#8216;mar\u00e9 vermelha&#8217; escurece as \u00e1guas do mar e est\u00e1 matando golfinhos, tartarugas e peixes em um ritmo fren\u00e9tico na costa oeste da Fl\u00f3rida, onde as autoridades declararam estado de emerg\u00eancia.<\/p>\n<p>S\u00f3 este m\u00eas, mais de 100 toneladas de animais marinhos mortos foram retirados das praias da costa sudoeste da Fl\u00f3rida, uma \u00e1rea normalmente lotada de turistas, agora impregnada pelo forte mau cheiro.<\/p>\n<p>S\u00f3 na semana passada, 12 golfinhos apareceram mortos na costa do condado de Sarasota. Normalmente, este \u00e9 o n\u00famero de cet\u00e1ceos mortos em um ano inteiro.<\/p>\n<p>&#8220;\u00c9 f\u00edsica e mentalmente esgotante&#8221;, disse Gretchen Lovewell, encarregada de uma equipe do Mote Marine Laboratory, que recolhe tartarugas e mam\u00edferos marinhos em risco ou mortos.<\/p>\n<p>Ela e outros dois colegas estiveram &#8220;trabalhando literalmente dia e noite&#8221; no local, acrescentou Lovewell.<\/p>\n<p>No domingo, perto da areia esponjosa de Siesta Key &#8211; classificada pela ind\u00fastria tur\u00edstica como uma das praias mais bonitas dos Estados Unidos -, Lovewell retirou a carca\u00e7a decomposta de um golfinho. Tinha um n\u00famero marcado em sua nadadeira dorsal: 252.<\/p>\n<p>Era um macho de 12 anos, chamado Speck, que tinha sido visto 300 vezes por pesquisadores que monitoram gera\u00e7\u00f5es de golfinhos nariz-de-garrafa na ba\u00eda de Sarasota.<\/p>\n<p>&#8220;Foi devastador&#8221;, disse Randall Wells, diretor do programa de pesquisas de golfinhos de Sarasota. Iniciada em 1970, \u00e9 o estudo mais extenso j\u00e1 realizado sobre a popula\u00e7\u00e3o de golfinhos selvagens.<\/p>\n<p>O cientista mostrou um mapa com os pontos onde Speck foi visto nos \u00faltimos anos. Costumava nadar em \u00e1guas perto da casa do pr\u00f3prio Wells.<\/p>\n<p>Os pesquisadores tamb\u00e9m rastreavam a m\u00e3e e a av\u00f3 de Speck, que morreram ap\u00f3s engolir equipamentos de pesca.<\/p>\n<p>&#8220;Conhec\u00edamos Speck desde que nasceu&#8221;, disse Wells, que come\u00e7ou a estudar golfinhos com 16 anos. &#8220;Demos a ele o nome do meu pai&#8221;.<\/p>\n<p>&#8211; Como a mar\u00e9 vermelha mata? &#8211;<\/p>\n<p>A mar\u00e9 vermelha \u00e9 a principal suspeita da morte de Speck, mas os cientistas n\u00e3o saber\u00e3o com certeza at\u00e9 que tenham todos os resultados de laborat\u00f3rio prontos em algumas semanas.<\/p>\n<p>A mar\u00e9 vermelha \u00e9 um fen\u00f4meno natural. \u00c9 causada por um organismo unicelular microsc\u00f3pico denominado Karenia brevis, \u00fanico no Golfo de M\u00e9xico.<\/p>\n<p>Este organismo libera um poderoso neurot\u00f3xico que pode ser transmitido pelo ar e causa aos humanos dores de cabe\u00e7a, irrita\u00e7\u00e3o nos olhos, tosse e asma. Mas pode ser mortal para os animais marinhos.<\/p>\n<p>Os ec\u00f3logos dizem que este organismo tem a mesma fun\u00e7\u00e3o que o fogo natural nas florestas: limpa as ervas daninhas e permite o come\u00e7o de uma nova vida.<\/p>\n<p>A Karenia brevis \u00e9 encontrada o ano todo em n\u00edveis baixos. Mas, quando se multiplica, as tartarugas marinhas e os peixes-bi, podem inal\u00e1-la ou morrer por comer ou algas infectados pelo neurot\u00f3xico. Os sintomas incluem desorienta\u00e7\u00e3o, falta de coordena\u00e7\u00e3o e convuls\u00f5es.<\/p>\n<p>H\u00e1 casos de mar\u00e9 vermelha documentados pelos exploradores espanh\u00f3is, inclusive no s\u00e9culo XVI.<\/p>\n<p>&#8220;Mas a pergunta agora \u00e9 o que n\u00f3s podemos estar fazendo para que a mar\u00e9 vermelha aumente e permane\u00e7a por mais tempo&#8221;, disse Richard Pierce, cientista s\u00eanior do Mote Marine Laboratory e especialista em ecotoxinas.<\/p>\n<p>O atual surto de mar\u00e9 vermelha na Fl\u00f3rida come\u00e7ou em outubro de 2017, e piorou consideravelmente nas \u00faltimas semanas.<\/p>\n<div id=\"aol_outstream_article\" data-bcid=\"56603651bbe5bf10d057f868\" data-id=\"81\" data-m=\"{&quot;i&quot;:81,&quot;p&quot;:78,&quot;n&quot;:&quot;aol-article-inlineOutstreamAd&quot;,&quot;t&quot;:&quot;AolInlineOutstreamAd&quot;,&quot;o&quot;:3}\"><\/div>\n<p><span class=\"storyimage fullwidth inlineimage\" data-aop=\"image\"><span class=\"image\" data-attrib=\"Fornecido por AFP\" data-caption=\"Flagrante de 2015 de Speck, um golfinho-nariz-de-garrafa, poss\u00edvel v\u00edtima da mar\u00e9 vermelha na Fl\u00f3rida, divulgada pelo Programa de Investiga\u00e7\u00e3o de Golfinho de Sarasota\" data-id=\"80\" data-m=\"{&quot;i&quot;:80,&quot;p&quot;:78,&quot;n&quot;:&quot;openModal&quot;,&quot;t&quot;:&quot;articleImages&quot;,&quot;o&quot;:2}\"><img loading=\"lazy\" class=\"loaded\" src=\"https:\/\/img-s-msn-com.akamaized.net\/tenant\/amp\/entityid\/BBM4cXw.img?h=531&amp;w=799&amp;m=6&amp;q=60&amp;o=f&amp;l=f\" alt=\"Flagrante de 2015 de Speck, um golfinho-nariz-de-garrafa, poss\u00edvel v\u00edtima da mar\u00e9 vermelha na Fl\u00f3rida, divulgada pelo Programa de Investiga\u00e7\u00e3o de Golfinho de Sarasota\" width=\"640\" height=\"425\" data-src=\"{&quot;default&quot;:{&quot;load&quot;:&quot;default&quot;,&quot;w&quot;:&quot;80&quot;,&quot;h&quot;:&quot;53&quot;,&quot;src&quot;:&quot;\/\/img-s-msn-com.akamaized.net\/tenant\/amp\/entityid\/BBM4cXw.img?h=531&amp;w=799&amp;m=6&amp;q=60&amp;o=f&amp;l=f&quot;},&quot;size3column&quot;:{&quot;load&quot;:&quot;default&quot;,&quot;w&quot;:&quot;62&quot;,&quot;h&quot;:&quot;42&quot;,&quot;src&quot;:&quot;\/\/img-s-msn-com.akamaized.net\/tenant\/amp\/entityid\/BBM4cXw.img?h=415&amp;w=624&amp;m=6&amp;q=60&amp;o=f&amp;l=f&quot;},&quot;size2column&quot;:{&quot;load&quot;:&quot;default&quot;,&quot;w&quot;:&quot;62&quot;,&quot;h&quot;:&quot;42&quot;,&quot;src&quot;:&quot;\/\/img-s-msn-com.akamaized.net\/tenant\/amp\/entityid\/BBM4cXw.img?h=415&amp;w=624&amp;m=6&amp;q=60&amp;o=f&amp;l=f&quot;}}\" \/><\/span><span class=\"caption truncate\"><span class=\"attribution\">\u00a9 Fornecido por AFP<\/span>\u00a0Flagrante de 2015 de Speck, um golfinho-nariz-de-garrafa, poss\u00edvel v\u00edtima da mar\u00e9 vermelha na Fl\u00f3rida, divulgada pelo Programa de Investiga\u00e7\u00e3o de Golfinho de Sarasota<\/span><\/span><\/p>\n<p>Espalhou-se ao longo da costa oeste da Fl\u00f3rida, em um trecho de 320 quil\u00f4metros de Tampa a Naples.<\/p>\n<p>A agricultura industrial e o tratamento inadequado dos rejeitos est\u00e1 incentivando o crescimento da alga verde-azulada, ou cianobact\u00e9ria, outro problema que castiga as \u00e1guas da Fl\u00f3rida. O mesmo poderia estar ocorrendo agora com a mar\u00e9 vermelha, dizem especialistas.<\/p>\n<p>Por outro lado, o cheiro de peixe podre foi um soco no est\u00f4mago para a economia da Fl\u00f3rida.<\/p>\n<p>&#8220;Nossa vida se baseia no turismo aqui no sudoeste da Fl\u00f3rida&#8221;, disse Omar Botana, propriet\u00e1rio de um com\u00e9rcio de aluguel de botes em Bonita Springs, no norte de Naples.<\/p>\n<p>&#8220;Afeta cerca de 40% do nosso neg\u00f3cio&#8221;, acrescentou.<\/p>\n<p>Os moradores esperam que os legisladores e as autoridades de governo ajam para restabelecer o fluxo de \u00e1gua que viaja para o sul atrav\u00e9s dos Everglades, utilizando menos fertilizantes e construindo represas terra adentro, onde os poluentes podem ser tratados antes de chegar \u00e0 costa.<\/p>\n<p>Entretanto, n\u00e3o se sabe quando a mar\u00e9 vermelha atual pode terminar.<\/p>\n<p>Wells lembrou que os golfinhos continuaram sofrendo depois de terminado o \u00faltimo epis\u00f3dio importante de mar\u00e9 vermelha, entre 2005 e 2006.<\/p>\n","protected":false},"excerpt":{"rendered":"<p>Uma devastadora &#8216;mar\u00e9 vermelha&#8217; escurece as \u00e1guas do mar e est\u00e1 matando golfinhos, tartarugas e<\/p>\n","protected":false},"author":2,"featured_media":90599,"comment_status":"open","ping_status":"open","sticky":false,"template":"","format":"standard","meta":[],"categories":[],"tags":[],"uagb_featured_image_src":{"full":["https:\/\/espacoecologico.com.br\/arquivo\/wp-content\/uploads\/2018\/08\/mare_vermelha.jpg",415,265,false],"thumbnail":["https:\/\/espacoecologico.com.br\/arquivo\/wp-content\/uploads\/2018\/08\/mare_vermelha-150x150.jpg",150,150,true],"medium":["https:\/\/espacoecologico.com.br\/arquivo\/wp-content\/uploads\/2018\/08\/mare_vermelha-300x192.jpg",300,192,true],"medium_large":["https:\/\/espacoecologico.com.br\/arquivo\/wp-content\/uploads\/2018\/08\/mare_vermelha.jpg",415,265,false],"large":["https:\/\/espacoecologico.com.br\/arquivo\/wp-content\/uploads\/2018\/08\/mare_vermelha.jpg",415,265,false],"1536x1536":["https:\/\/espacoecologico.com.br\/arquivo\/wp-content\/uploads\/2018\/08\/mare_vermelha.jpg",415,265,false],"2048x2048":["https:\/\/espacoecologico.com.br\/arquivo\/wp-content\/uploads\/2018\/08\/mare_vermelha.jpg",415,265,false],"cream-magazine-thumbnail-2":["https:\/\/espacoecologico.com.br\/arquivo\/wp-content\/uploads\/2018\/08\/mare_vermelha.jpg",415,265,false],"cream-magazine-thumbnail-3":["https:\/\/espacoecologico.com.br\/arquivo\/wp-content\/uploads\/2018\/08\/mare_vermelha.jpg",415,265,false],"cream-magazine-thumbnail-4":["https:\/\/espacoecologico.com.br\/arquivo\/wp-content\/uploads\/2018\/08\/mare_vermelha.jpg",415,265,false]},"uagb_author_info":{"display_name":"","author_link":"https:\/\/espacoecologico.com.br\/arquivo\/author\/"},"uagb_comment_info":0,"uagb_excerpt":"Uma devastadora &#8216;mar\u00e9 vermelha&#8217; escurece as \u00e1guas do mar e est\u00e1 matando golfinhos, tartarugas e","_links":{"self":[{"href":"https:\/\/espacoecologico.com.br\/arquivo\/wp-json\/wp\/v2\/posts\/90598"}],"collection":[{"href":"https:\/\/espacoecologico.com.br\/arquivo\/wp-json\/wp\/v2\/posts"}],"about":[{"href":"https:\/\/espacoecologico.com.br\/arquivo\/wp-json\/wp\/v2\/types\/post"}],"author":[{"embeddable":true,"href":"https:\/\/espacoecologico.com.br\/arquivo\/wp-json\/wp\/v2\/users\/2"}],"replies":[{"embeddable":true,"href":"https:\/\/espacoecologico.com.br\/arquivo\/wp-json\/wp\/v2\/comments?post=90598"}],"version-history":[{"count":0,"href":"https:\/\/espacoecologico.com.br\/arquivo\/wp-json\/wp\/v2\/posts\/90598\/revisions"}],"wp:featuredmedia":[{"embeddable":true,"href":"https:\/\/espacoecologico.com.br\/arquivo\/wp-json\/wp\/v2\/media\/90599"}],"wp:attachment":[{"href":"https:\/\/espacoecologico.com.br\/arquivo\/wp-json\/wp\/v2\/media?parent=90598"}],"wp:term":[{"taxonomy":"category","embeddable":true,"href":"https:\/\/espacoecologico.com.br\/arquivo\/wp-json\/wp\/v2\/categories?post=90598"},{"taxonomy":"post_tag","embeddable":true,"href":"https:\/\/espacoecologico.com.br\/arquivo\/wp-json\/wp\/v2\/tags?post=90598"}],"curies":[{"name":"wp","href":"https:\/\/api.w.org\/{rel}","templated":true}]}}