{"id":90592,"date":"2018-08-20T13:00:51","date_gmt":"2018-08-20T16:00:51","guid":{"rendered":"https:\/\/espacoecologico.com.br\/arquivo\/?p=90592"},"modified":"2018-08-20T11:09:34","modified_gmt":"2018-08-20T14:09:34","slug":"conheca-os-alimentos-que-mais-aumentam-a-imunidade","status":"publish","type":"post","link":"https:\/\/espacoecologico.com.br\/arquivo\/conheca-os-alimentos-que-mais-aumentam-a-imunidade\/","title":{"rendered":"Mudan\u00e7as na dieta: Conhe\u00e7a os alimentos que mais aumentam a imunidade"},"content":{"rendered":"<p><a href=\"https:\/\/espacoecologico.com.br\/arquivo\/wp-content\/uploads\/2018\/08\/laranja.jpg\"><img loading=\"lazy\" class=\"alignleft size-medium wp-image-90593\" src=\"https:\/\/espacoecologico.com.br\/arquivo\/wp-content\/uploads\/2018\/08\/laranja-300x192.jpg\" alt=\"\" width=\"300\" height=\"192\" srcset=\"https:\/\/espacoecologico.com.br\/arquivo\/wp-content\/uploads\/2018\/08\/laranja-300x192.jpg 300w, https:\/\/espacoecologico.com.br\/arquivo\/wp-content\/uploads\/2018\/08\/laranja.jpg 415w\" sizes=\"(max-width: 300px) 100vw, 300px\" \/><\/a>Se a sua<strong>\u00a0imunidade<\/strong>\u00a0estiver\u00a0<strong>em baixa<\/strong>, voc\u00ea precisa ter o foco em mudan\u00e7as na dieta. A transforma\u00e7\u00e3o de h\u00e1bitos alimentares pode ser a chave para voc\u00ea\u00a0<strong>adoecer menos<\/strong>\u00a0de resfriados, ter menos infec\u00e7\u00f5es e se defender de doen\u00e7as mais graves.<\/p>\n<div id=\"lx_615245\" class=\"__lxG__multi __lxG__multi_lx_615245\" data-cnt=\"1\"><\/div>\n<h2>Por que a alimenta\u00e7\u00e3o contribui com a imunidade?<\/h2>\n<p>Isso ocorre porque, como sabemos, os\u00a0<strong>alimentos<\/strong>\u00a0<strong><a href=\"http:\/\/www.coreperformance.com\/daily\/live-better\/21-foods-to-boost-your-immune-system.html\" target=\"_blank\" rel=\"noopener noreferrer\">cont\u00eam<\/a>\u00a0<\/strong>diversos\u00a0<strong>nutrientes<\/strong>\u00a0que podem auxiliar na manuten\u00e7\u00e3o do\u00a0<a href=\"https:\/\/www.greenme.com.br\/viver\/saude-e-bem-estar\/1977-veja-como-o-cerebro-e-o-sistema-imunologico-estao-conectados\" target=\"_blank\" rel=\"noopener noreferrer\">sistema imunol\u00f3gico<\/a>, como um conjunto. Assim, a mera combina\u00e7\u00e3o entre verduras e frutas, em quantidades adequadas, j\u00e1 auxilia na conquista de uma melhor<strong>\u00a0defesa<\/strong>\u00a0para o\u00a0<strong>organismo<\/strong>.<\/p>\n<p>Para ajudar voc\u00ea a fazer escolhas alimentares melhores, a seguir apresentamos nove alimentos primordiais, para conseguir ter uma sa\u00fade de a\u00e7o!<\/p>\n<h2>Vegetais verde &#8211; escuros<\/h2>\n<p><img loading=\"lazy\" class=\"\" src=\"https:\/\/www.greenme.com.br\/images\/redacao\/verdes.jpg\" alt=\"vegetais verdes\" width=\"640\" height=\"372\" \/><\/p>\n<p><a href=\"https:\/\/www.greenme.com.br\/viver\/saude-e-bem-estar\/539-brocolis-para-se-desintoxicar-da-poluicao-atmosferica\" target=\"_blank\" rel=\"noopener noreferrer\">Br\u00f3colis<\/a>, espinafre,\u00a0<a href=\"https:\/\/www.greenme.com.br\/alimentar-se\/alimentacao\/2613-suco-de-couve-detox\" target=\"_blank\" rel=\"noopener noreferrer\">couve<\/a>\u00a0e outros vegetais com essa colora\u00e7\u00e3o \u2013 al\u00e9m de feij\u00f5es, shimeji \u2013 um tipo de cogumelo \u2013 e f\u00edgado, s\u00e3o alguns entre os alimentos que cont\u00eam \u00e1cido f\u00f3lico.<\/p>\n<p>Esse nutriente \u00e9 essencial na busca por uma vida saud\u00e1vel, uma vez que \u00e9 um importante auxiliar na forma\u00e7\u00e3o de gl\u00f3bulos brancos, carros-chefes da imunidade.<\/p>\n<h2>Gengibre<\/h2>\n<p><img loading=\"lazy\" class=\"\" src=\"https:\/\/www.greenme.com.br\/images\/redacao\/gengibre.jpg\" alt=\"gengibre\" width=\"640\" height=\"320\" \/><\/p>\n<p>O\u00a0<a href=\"https:\/\/www.greenme.com.br\/usos-beneficios\/3490-gengibre-propriedades-medicinais-comprovadas\" target=\"_blank\" rel=\"noopener noreferrer\">gengibre<\/a>, com muitos nutrientes, como as vitaminas B6 e C, al\u00e9m de uma \u00f3tima fun\u00e7\u00e3o bactericida; e, al\u00e9m de ajudar nas famosas inflama\u00e7\u00f5es da regi\u00e3o da garganta, tamb\u00e9m garante a vitalidade das defesas do organismo por completo.<\/p>\n<div id=\"lx_615245\" class=\"__lxG__multi __lxG__multi_lx_615245\" data-cnt=\"2\"><\/div>\n<h2>Frutas c\u00edtricas<\/h2>\n<p>Este tipo de fruta \u2013 como acerola, laranja,\u00a0<a href=\"https:\/\/www.greenme.com.br\/viver\/saude-e-bem-estar\/726-quais-alimentos-aumentam-a-imunidade\" target=\"_blank\" rel=\"noopener noreferrer\">kiwi<\/a>, br\u00f3colis, tomate, piment\u00e3o verde e vermelho, e couve s\u00e3o riqu\u00edssimos em vitamina C, que combate o envelhecimento do corpo, al\u00e9m de ampliar toda a resist\u00eancia do organismo.<\/p>\n<h2>Pimenta<\/h2>\n<p>Repleta de betacaroteno, que \u00e9 uma subst\u00e2ncia que tende a se transformar em vitamina A, \u00e9, no fim das contas, um nutriente que \u00e9 conhecido por proteger o corpo de infec\u00e7\u00f5es, por melhorar as defesas org\u00e2nicas.<\/p>\n<h2>Leguminosas e prote\u00ednas<\/h2>\n<p><img loading=\"lazy\" class=\"\" title=\"Leguminosas e prote\u00ednas\" src=\"https:\/\/www.greenme.com.br\/images\/redacao\/Leguminosas_e_prote%C3%ADnas.jpg\" alt=\"Leguminosas e prote\u00ednas\" width=\"638\" height=\"351\" \/><\/p>\n<p>Prote\u00ednas da carne \u2013 vermelha ou branca \u2013 e soja, al\u00e9m de cereais do tipo integral, as sementes e as leguminosas de modo geral \u2013 lentilha,\u00a0<a href=\"https:\/\/www.greenme.com.br\/alimentar-se\/alimentacao\/2873-feijao-tipos-beneficios-e-calorias\" target=\"_blank\" rel=\"noopener noreferrer\">feij\u00f5es<\/a>, gr\u00e3o de bico, ervilhas, entre outros \u2013 s\u00e3o ricos em zinco, que \u00e9 o nutriente respons\u00e1vel por combater resfriados e gripes, bem como outros tipos de doen\u00e7a que afetam o sistema imunol\u00f3gico.<\/p>\n<h2>Castanhas-do-Par\u00e1 e champignon<\/h2>\n<p>Os famosos\u00a0<strong><a href=\"http:\/\/www.prevention.com\/food\/healthy-eating-tips\/power-foods-boost-immunity?s=10\" target=\"_blank\" rel=\"noopener noreferrer\">cogumelos<\/a><\/strong>\u00a0e esse tipo de castanha s\u00e3o ricos em sel\u00eanio, que \u00e9 um poderoso antioxidante, capaz de combater o envelhecimento cut\u00e2neo, ao mesmo tempo em que ajuda a fortalecer a imunidade e tem efeito cicatrizante.<\/p>\n<h2>Oleaginosas<\/h2>\n<p><img loading=\"lazy\" class=\"lazy-loaded\" title=\"sementes oleaginosas\" src=\"https:\/\/www.greenme.com.br\/images\/redacao\/sementes-oleaginosas.jpg\" alt=\"sementes oleaginosas\" width=\"638\" height=\"425\" data-src=\"\/images\/redacao\/sementes-oleaginosas.jpg\" data-jchll=\"true\" \/><\/p>\n<p>Os \u00f3leos \u2013 g\u00e9rmen de trigo, canola, milho, girassol \u2013 al\u00e9m de am\u00eandoa, noz e castanhas contam com um aporte bem valioso de vitamina E, que tem como benef\u00edcio, sobretudo para o p\u00fablico idoso, uma melhora na atividade imunol\u00f3gica \u2013 que entra em decl\u00ednio devido aos efeitos da idade.<\/p>\n<h2>\u00d4mega \u2013 3<\/h2>\n<p>Esse nutriente, que est\u00e1 presente, entre outros, em alimentos como o azeite extra-virgem, ajuda na sa\u00fade das art\u00e9rias, que permanecem a salvo de inflama\u00e7\u00f5es e ataques de agentes externos.<\/p>\n<h2>Tomate<\/h2>\n<p>Esse fruto \u00e9 repleto de licopeno, que \u00e9 um grande auxiliar no combate a doen\u00e7as do cora\u00e7\u00e3o e do sistema cardiovascular, propiciando a remo\u00e7\u00e3o de radicais livres do organismo.<\/p>\n","protected":false},"excerpt":{"rendered":"<p>Se a sua\u00a0imunidade\u00a0estiver\u00a0em baixa, voc\u00ea precisa ter o foco em mudan\u00e7as na dieta. A transforma\u00e7\u00e3o<\/p>\n","protected":false},"author":2,"featured_media":90593,"comment_status":"open","ping_status":"open","sticky":false,"template":"","format":"standard","meta":[],"categories":[],"tags":[],"uagb_featured_image_src":{"full":["https:\/\/espacoecologico.com.br\/arquivo\/wp-content\/uploads\/2018\/08\/laranja.jpg",415,265,false],"thumbnail":["https:\/\/espacoecologico.com.br\/arquivo\/wp-content\/uploads\/2018\/08\/laranja-150x150.jpg",150,150,true],"medium":["https:\/\/espacoecologico.com.br\/arquivo\/wp-content\/uploads\/2018\/08\/laranja-300x192.jpg",300,192,true],"medium_large":["https:\/\/espacoecologico.com.br\/arquivo\/wp-content\/uploads\/2018\/08\/laranja.jpg",415,265,false],"large":["https:\/\/espacoecologico.com.br\/arquivo\/wp-content\/uploads\/2018\/08\/laranja.jpg",415,265,false],"1536x1536":["https:\/\/espacoecologico.com.br\/arquivo\/wp-content\/uploads\/2018\/08\/laranja.jpg",415,265,false],"2048x2048":["https:\/\/espacoecologico.com.br\/arquivo\/wp-content\/uploads\/2018\/08\/laranja.jpg",415,265,false],"cream-magazine-thumbnail-2":["https:\/\/espacoecologico.com.br\/arquivo\/wp-content\/uploads\/2018\/08\/laranja.jpg",415,265,false],"cream-magazine-thumbnail-3":["https:\/\/espacoecologico.com.br\/arquivo\/wp-content\/uploads\/2018\/08\/laranja.jpg",415,265,false],"cream-magazine-thumbnail-4":["https:\/\/espacoecologico.com.br\/arquivo\/wp-content\/uploads\/2018\/08\/laranja.jpg",415,265,false]},"uagb_author_info":{"display_name":"","author_link":"https:\/\/espacoecologico.com.br\/arquivo\/author\/"},"uagb_comment_info":0,"uagb_excerpt":"Se a sua\u00a0imunidade\u00a0estiver\u00a0em baixa, voc\u00ea precisa ter o foco em mudan\u00e7as na dieta. A transforma\u00e7\u00e3o","_links":{"self":[{"href":"https:\/\/espacoecologico.com.br\/arquivo\/wp-json\/wp\/v2\/posts\/90592"}],"collection":[{"href":"https:\/\/espacoecologico.com.br\/arquivo\/wp-json\/wp\/v2\/posts"}],"about":[{"href":"https:\/\/espacoecologico.com.br\/arquivo\/wp-json\/wp\/v2\/types\/post"}],"author":[{"embeddable":true,"href":"https:\/\/espacoecologico.com.br\/arquivo\/wp-json\/wp\/v2\/users\/2"}],"replies":[{"embeddable":true,"href":"https:\/\/espacoecologico.com.br\/arquivo\/wp-json\/wp\/v2\/comments?post=90592"}],"version-history":[{"count":0,"href":"https:\/\/espacoecologico.com.br\/arquivo\/wp-json\/wp\/v2\/posts\/90592\/revisions"}],"wp:featuredmedia":[{"embeddable":true,"href":"https:\/\/espacoecologico.com.br\/arquivo\/wp-json\/wp\/v2\/media\/90593"}],"wp:attachment":[{"href":"https:\/\/espacoecologico.com.br\/arquivo\/wp-json\/wp\/v2\/media?parent=90592"}],"wp:term":[{"taxonomy":"category","embeddable":true,"href":"https:\/\/espacoecologico.com.br\/arquivo\/wp-json\/wp\/v2\/categories?post=90592"},{"taxonomy":"post_tag","embeddable":true,"href":"https:\/\/espacoecologico.com.br\/arquivo\/wp-json\/wp\/v2\/tags?post=90592"}],"curies":[{"name":"wp","href":"https:\/\/api.w.org\/{rel}","templated":true}]}}