{"id":90588,"date":"2018-08-20T12:30:46","date_gmt":"2018-08-20T15:30:46","guid":{"rendered":"https:\/\/espacoecologico.com.br\/arquivo\/?p=90588"},"modified":"2018-08-20T10:54:17","modified_gmt":"2018-08-20T13:54:17","slug":"fao-e-secretaria-de-desenvolvimento-agrario-assinam-acordo-de-cooperacao","status":"publish","type":"post","link":"https:\/\/espacoecologico.com.br\/arquivo\/fao-e-secretaria-de-desenvolvimento-agrario-assinam-acordo-de-cooperacao\/","title":{"rendered":"FAO e secretaria de desenvolvimento agr\u00e1rio assinam acordo de coopera\u00e7\u00e3o"},"content":{"rendered":"<p><a href=\"https:\/\/espacoecologico.com.br\/arquivo\/wp-content\/uploads\/2018\/08\/algodao.jpg\"><img loading=\"lazy\" class=\"alignleft size-medium wp-image-90589\" src=\"https:\/\/espacoecologico.com.br\/arquivo\/wp-content\/uploads\/2018\/08\/algodao-300x192.jpg\" alt=\"\" width=\"300\" height=\"192\" srcset=\"https:\/\/espacoecologico.com.br\/arquivo\/wp-content\/uploads\/2018\/08\/algodao-300x192.jpg 300w, https:\/\/espacoecologico.com.br\/arquivo\/wp-content\/uploads\/2018\/08\/algodao.jpg 415w\" sizes=\"(max-width: 300px) 100vw, 300px\" \/><\/a>Em busca do reconhecimento e da prote\u00e7\u00e3o de tradicionais sistemas agr\u00edcolas brasileiros, foi assinado na \u00faltima quinta-feira (16) um acordo de coopera\u00e7\u00e3o no qual a\u00a0<a href=\"http:\/\/www.fao.org\/brasil\/noticias\/detail-events\/pt\/c\/1149510\/\">Organiza\u00e7\u00e3o das Na\u00e7\u00f5es Unidas para a Alimenta\u00e7\u00e3o e a Agricultura (FAO)<\/a>reconhece a Secretaria Especial de Agricultura Familiar e Desenvolvimento Agr\u00e1rio (SEAD) como ponto focal no levantamento e na identifica\u00e7\u00e3o de candidaturas para o programa de reconhecimento de Sistemas Importantes do Patrim\u00f4nio Agr\u00edcola Mundial (SIPAM).<\/p>\n<p>\u201cO SIPAM \u00e9 o equivalente ao reconhecimento que a UNESCO d\u00e1 aos s\u00edtios hist\u00f3ricos de Patrim\u00f4nio Mundial da Humanidade. S\u00e3o pr\u00e1ticas que t\u00eam um diferencial em termos de criatividade, de originalidade, de hist\u00f3ria e de tradi\u00e7\u00e3o. Pr\u00e1ticas que favorecem comunidades vulner\u00e1veis e a biodiversidade do pa\u00eds e, por isso, devem ser reconhecidas e valorizadas\u201d, afirmou Alan Bojanic, representante da FAO no Brasil, durante a assinatura do acordo.<\/p>\n<p>Segundo o representante, s\u00e3o sistemas que atravessaram adversidades ao longo da hist\u00f3ria e, mesmo assim, foram capazes de manter suas tradi\u00e7\u00f5es culturais, diversidade agr\u00edcola e cumprir uma fun\u00e7\u00e3o ecol\u00f3gica.<\/p>\n<p>Para o secret\u00e1rio especial de agricultura familiar e do desenvolvimento agr\u00e1rio, Jefferson Coriteac, esse acordo de coopera\u00e7\u00e3o entre FAO e SEAD trar\u00e1 o reconhecimento mundial da import\u00e2ncia das fam\u00edlias e das comunidades na constru\u00e7\u00e3o e, especialmente, na perpetua\u00e7\u00e3o da cultura tradicional agr\u00edcola brasileira.<\/p>\n<p>\u201cA partir do momento que se reconhece a import\u00e2ncia dessas pr\u00e1ticas, elas ganham uma prote\u00e7\u00e3o ainda maior e visibilidade internacional\u201d, explicou Coriteac.<\/p>\n<p>A iniciativa vai ao encontro dos Objetivos de Desenvolvimento Sustent\u00e1vel (ODS) lan\u00e7ados pelas Na\u00e7\u00f5es Unidas na Agenda 2030, como erradica\u00e7\u00e3o da pobreza em todas as suas formas (ODS 1), igualdade de g\u00eanero (ODS 5), produ\u00e7\u00e3o e consumo sustent\u00e1vel (ODS 12), vida e ecossistemas terrestres (ODS 15), entre outros.<\/p>\n<p>Atualmente, s\u00e3o 51 patrim\u00f4nios agr\u00edcolas em todo o mundo que possuem este reconhecimento da FAO. Na Am\u00e9rica do Sul, apenas Peru e Chile possuem sistemas com tal reconhecimento.<\/p>\n<p>No Brasil, a agricultura tradicional dos apanhadores de flores sempre-vivas da Serra do Espinha\u00e7o, no territ\u00f3rio Alto Jequitinhonha em Minas Gerais, est\u00e1 a um passo de se tornar o primeiro patrim\u00f4nio agr\u00edcola mundial brasileiro. Nesta regi\u00e3o, vivem comunidades rurais tradicionais que, ao longo de s\u00e9culos, realizam a coleta de flores sempre-vivas e mant\u00eam o cultivo ancestral de ro\u00e7as e cria\u00e7\u00e3o de animais.<\/p>\n<p>A candidatura ao selo de Patrim\u00f4nio Mundial da FAO foi oficializada em junho deste ano, durante o I Festival dos Apanhadores e Apanhadoras de Flores Sempre-Vivas, em Diamantina.<\/p>\n<p>Modo de vida de quilombolas e descentes de ind\u00edgenas<\/p>\n<p>O sistema agr\u00edcola dos apanhadores de sempre-vivas abrange os munic\u00edpios de Bocai\u00fava, Olhos D\u2019\u00c1gua, Diamantina, Buen\u00f3polis, Couto Magalh\u00e3es, Serro e Presidente Kubitscheck.<\/p>\n<p>O sistema representa o modo de vida de cerca de 20 comunidades, entre quilombolas e descendentes de ind\u00edgenas que se estabeleceram h\u00e1 s\u00e9culos na regi\u00e3o. Nesta primeira etapa, o SIPAM vai abranger apenas os munic\u00edpios de Diamantina, Presidente Kubitschek e Buen\u00f3polis.<\/p>\n<p>As sempre-vivas s\u00e3o esp\u00e9cies caracter\u00edsticas end\u00eamicas do cerrado. As comunidades preservam conhecimentos ancestrais no manejo das flores, no cultivo de ro\u00e7as e na cria\u00e7\u00e3o de ra\u00e7as caipiras de animais.<\/p>\n","protected":false},"excerpt":{"rendered":"<p>Em busca do reconhecimento e da prote\u00e7\u00e3o de tradicionais sistemas agr\u00edcolas brasileiros, foi assinado na<\/p>\n","protected":false},"author":2,"featured_media":90589,"comment_status":"open","ping_status":"open","sticky":false,"template":"","format":"standard","meta":[],"categories":[],"tags":[],"uagb_featured_image_src":{"full":["https:\/\/espacoecologico.com.br\/arquivo\/wp-content\/uploads\/2018\/08\/algodao.jpg",415,265,false],"thumbnail":["https:\/\/espacoecologico.com.br\/arquivo\/wp-content\/uploads\/2018\/08\/algodao-150x150.jpg",150,150,true],"medium":["https:\/\/espacoecologico.com.br\/arquivo\/wp-content\/uploads\/2018\/08\/algodao-300x192.jpg",300,192,true],"medium_large":["https:\/\/espacoecologico.com.br\/arquivo\/wp-content\/uploads\/2018\/08\/algodao.jpg",415,265,false],"large":["https:\/\/espacoecologico.com.br\/arquivo\/wp-content\/uploads\/2018\/08\/algodao.jpg",415,265,false],"1536x1536":["https:\/\/espacoecologico.com.br\/arquivo\/wp-content\/uploads\/2018\/08\/algodao.jpg",415,265,false],"2048x2048":["https:\/\/espacoecologico.com.br\/arquivo\/wp-content\/uploads\/2018\/08\/algodao.jpg",415,265,false],"cream-magazine-thumbnail-2":["https:\/\/espacoecologico.com.br\/arquivo\/wp-content\/uploads\/2018\/08\/algodao.jpg",415,265,false],"cream-magazine-thumbnail-3":["https:\/\/espacoecologico.com.br\/arquivo\/wp-content\/uploads\/2018\/08\/algodao.jpg",415,265,false],"cream-magazine-thumbnail-4":["https:\/\/espacoecologico.com.br\/arquivo\/wp-content\/uploads\/2018\/08\/algodao.jpg",415,265,false]},"uagb_author_info":{"display_name":"","author_link":"https:\/\/espacoecologico.com.br\/arquivo\/author\/"},"uagb_comment_info":0,"uagb_excerpt":"Em busca do reconhecimento e da prote\u00e7\u00e3o de tradicionais sistemas agr\u00edcolas brasileiros, foi assinado na","_links":{"self":[{"href":"https:\/\/espacoecologico.com.br\/arquivo\/wp-json\/wp\/v2\/posts\/90588"}],"collection":[{"href":"https:\/\/espacoecologico.com.br\/arquivo\/wp-json\/wp\/v2\/posts"}],"about":[{"href":"https:\/\/espacoecologico.com.br\/arquivo\/wp-json\/wp\/v2\/types\/post"}],"author":[{"embeddable":true,"href":"https:\/\/espacoecologico.com.br\/arquivo\/wp-json\/wp\/v2\/users\/2"}],"replies":[{"embeddable":true,"href":"https:\/\/espacoecologico.com.br\/arquivo\/wp-json\/wp\/v2\/comments?post=90588"}],"version-history":[{"count":0,"href":"https:\/\/espacoecologico.com.br\/arquivo\/wp-json\/wp\/v2\/posts\/90588\/revisions"}],"wp:featuredmedia":[{"embeddable":true,"href":"https:\/\/espacoecologico.com.br\/arquivo\/wp-json\/wp\/v2\/media\/90589"}],"wp:attachment":[{"href":"https:\/\/espacoecologico.com.br\/arquivo\/wp-json\/wp\/v2\/media?parent=90588"}],"wp:term":[{"taxonomy":"category","embeddable":true,"href":"https:\/\/espacoecologico.com.br\/arquivo\/wp-json\/wp\/v2\/categories?post=90588"},{"taxonomy":"post_tag","embeddable":true,"href":"https:\/\/espacoecologico.com.br\/arquivo\/wp-json\/wp\/v2\/tags?post=90588"}],"curies":[{"name":"wp","href":"https:\/\/api.w.org\/{rel}","templated":true}]}}