{"id":90575,"date":"2018-08-20T10:35:35","date_gmt":"2018-08-20T13:35:35","guid":{"rendered":"https:\/\/espacoecologico.com.br\/arquivo\/?p=90575"},"modified":"2018-08-20T10:36:07","modified_gmt":"2018-08-20T13:36:07","slug":"importancia-do-brasil-na-biodiversidade-mundial-e-maior-do-que-se-pensava","status":"publish","type":"post","link":"https:\/\/espacoecologico.com.br\/arquivo\/importancia-do-brasil-na-biodiversidade-mundial-e-maior-do-que-se-pensava\/","title":{"rendered":"Import\u00e2ncia do Brasil na biodiversidade mundial \u00e9 maior do que se pensava"},"content":{"rendered":"<div class=\"mc-column content-text active-extra-styles active-capital-letter\" data-block-type=\"unstyled\" data-block-weight=\"41\" data-block-id=\"1\">\n<p class=\"content-text__container theme-color-primary-first-letter\" data-track-category=\"Link no Texto\" data-track-links=\"\"><a href=\"https:\/\/espacoecologico.com.br\/arquivo\/wp-content\/uploads\/2018\/08\/coruja.jpg\"><img loading=\"lazy\" class=\"alignleft size-medium wp-image-90576\" src=\"https:\/\/espacoecologico.com.br\/arquivo\/wp-content\/uploads\/2018\/08\/coruja-300x192.jpg\" alt=\"\" width=\"300\" height=\"192\" srcset=\"https:\/\/espacoecologico.com.br\/arquivo\/wp-content\/uploads\/2018\/08\/coruja-300x192.jpg 300w, https:\/\/espacoecologico.com.br\/arquivo\/wp-content\/uploads\/2018\/08\/coruja.jpg 415w\" sizes=\"(max-width: 300px) 100vw, 300px\" \/><\/a>Quase um quarto de todos os peixes de \u00e1gua doce do mundo &#8211; mais precisamente 23% &#8211; est\u00e3o nos rios brasileiros. Assim como 16% das aves do planeta, 12% dos mam\u00edferos e 15% de todas as esp\u00e9cies de animais e plantas.<\/p>\n<\/div>\n<div class=\"wall\">\n<div class=\"mc-column content-text active-extra-styles \" data-block-type=\"unstyled\" data-block-weight=\"30\" data-block-id=\"2\">\n<p class=\"content-text__container \" data-track-category=\"Link no Texto\" data-track-links=\"\">Esses n\u00fameros est\u00e3o sendo compilados pela primeira vez por cientistas brasileiros ap\u00f3s a publica\u00e7\u00e3o do estudo O futuro dos ecossistemas tropicais hiperdiversos, divulgado no final de julho na revista Nature.<\/p>\n<\/div>\n<div class=\" content-media content-media--normal content-media--featured content-photo\" data-block-type=\"backstage-photo\" data-block-id=\"3\">\n<div class=\"content-media__container\">\n<div class=\"content-media__description-centered mc-column\">\n<p class=\"content-media__description\"><i class=\"content-media__description__icon theme-color-primary\"><\/i><span class=\"content-media__description__caption\">O Brasil tem 16 porcento das aves de todo o planeta; 91 porcento das aves do mundo passa ao menos parte da vida nos tr\u00f3picos (Foto: GettyImages)<\/span><\/p>\n<\/div>\n<\/div>\n<\/div>\n<div class=\"mc-column content-text active-extra-styles \" data-block-type=\"unstyled\" data-block-weight=\"56\" data-block-id=\"4\">\n<p class=\"content-text__container \" data-track-category=\"Link no Texto\" data-track-links=\"\">&#8220;J\u00e1 imagin\u00e1vamos que o Brasil tinha essa quantidade de esp\u00e9cies, mas os n\u00fameros exatos estavam espalhados em bases de dados muito diferentes pelo mundo. \u00c9 uma combina\u00e7\u00e3o de dados \u00fanica&#8221;, disse \u00e0 BBC News Brasil a bi\u00f3loga Joice Ferreira, da Embrapa Amaz\u00f4nia Oriental, que participou do estudo e lidera os esfor\u00e7os para compilar os dados brasileiros.<\/p>\n<\/div>\n<div class=\"mc-column content-text active-extra-styles \" data-block-type=\"unstyled\" data-block-weight=\"39\" data-block-id=\"5\">\n<p class=\"content-text__container \" data-track-category=\"Link no Texto\" data-track-links=\"\">&#8220;A condi\u00e7\u00e3o do Brasil \u00e9 muito \u00fanica, mas, nas discuss\u00f5es pol\u00edticas, o papel que o pa\u00eds tem na biodiversidade mundial \u00e9 pouco consider\u00e1vel. Precisamos de um conjunto de pol\u00edticas muito mais fortes e atuantes para lidar com essa biodiversidade.&#8221;<\/p>\n<\/div>\n<div class=\"mc-column content-text active-extra-styles \" data-block-type=\"unstyled\" data-block-weight=\"44\" data-block-id=\"6\">\n<p class=\"content-text__container \" data-track-category=\"Link no Texto\" data-track-links=\"\">O estudo, realizado por um grupo de 17 cientistas, incluindo quatro brasileiros, \u00e9 a maior revis\u00e3o de dados sobre a biodiversidade nos tr\u00f3picos, segundo o bi\u00f3logo marinho, zo\u00f3logo e bot\u00e2nico brit\u00e2nico Jos Barlow, da Universidade de Lancaster, no Reino Unido, que liderou a pesquisa.<\/p>\n<\/div>\n<div class=\"mc-column content-text active-extra-styles \" data-block-type=\"unstyled\" data-block-weight=\"38\" data-block-id=\"7\">\n<p class=\"content-text__container \" data-track-category=\"Link no Texto\" data-track-links=\"\">&#8220;Sempre soubemos que a regi\u00e3o era importante. Mas encontramos n\u00fameros surpreendentes. Mostramos, por exemplo, que 91% de todos os p\u00e1ssaros do mundo passam ao menos parte de suas vidas nos tr\u00f3picos. Isso \u00e9 incr\u00edvel&#8221;, disse \u00e0 BBC Brasil.<\/p>\n<\/div>\n<div class=\"mc-column content-text active-extra-styles \" data-block-type=\"unstyled\" data-block-weight=\"25\" data-block-id=\"9\">\n<p class=\"content-text__container \" data-track-category=\"Link no Texto\" data-track-links=\"\">&#8220;Eu tamb\u00e9m fiquei impressionado com o fato de o Brasil ser respons\u00e1vel por um quarto dos peixes de \u00e1gua doce. Geralmente, esses ecossistemas s\u00e3o ignorados.&#8221;<\/p>\n<\/div>\n<div class=\"mc-column content-text active-extra-styles\" data-block-type=\"raw\" data-block-weight=\"5\" data-block-id=\"10\">\n<div class=\"content-intertitle\">\n<h2>Perda acelerada de esp\u00e9cies tropicais<\/h2>\n<\/div>\n<\/div>\n<div class=\" content-media content-media--normal content-media--featured content-photo\" data-block-type=\"backstage-photo\" data-block-id=\"11\">\n<div class=\"content-media__container\">\n<div class=\"content-media__image-centered\">\n<div class=\"progressive-img can-open-lightbox\" data-min-size=\"1008x567\" data-min-size-url=\"https:\/\/s2.glbimg.com\/mFTpAdN3EBAmQpkuneXXiN1zFeo=\/0x0:624x351\/1008x0\/smart\/filters:strip_icc()\/i.s3.glbimg.com\/v1\/AUTH_59edd422c0c84a879bd37670ae4f538a\/internal_photos\/bs\/2018\/g\/5\/5qat0aTfmfs6dIpBhQTg\/2-adamronan-os-ecossistemas-tropicais-florestas-savanas-rios-e-lagos-e-recifes-de-coral-concentram-mais-de-tres-quartos-das-especies-do-planeta.jpg\" data-max-size=\"1600x900\" data-max-size-url=\"https:\/\/s2.glbimg.com\/JLgpvD69rQlewCu_epzLlhOQ8HM=\/0x0:624x351\/1600x0\/smart\/filters:strip_icc()\/i.s3.glbimg.com\/v1\/AUTH_59edd422c0c84a879bd37670ae4f538a\/internal_photos\/bs\/2018\/g\/5\/5qat0aTfmfs6dIpBhQTg\/2-adamronan-os-ecossistemas-tropicais-florestas-savanas-rios-e-lagos-e-recifes-de-coral-concentram-mais-de-tres-quartos-das-especies-do-planeta.jpg\" data-media-index=\"1\">\n<div class=\"placeholder-container\"><\/div>\n<picture><img loading=\"lazy\" class=\"image content-media__image progressive-loaded\" title=\"Os ecossistemas tropicais \u2013 florestas, savanas, rios e lagos e recifes de coral \u2013 concentram mais de tr\u00eas quartos das esp\u00e9cies do planeta (Foto: Adam Ronan)\" src=\"https:\/\/s2.glbimg.com\/mFTpAdN3EBAmQpkuneXXiN1zFeo=\/0x0:624x351\/1008x0\/smart\/filters:strip_icc()\/i.s3.glbimg.com\/v1\/AUTH_59edd422c0c84a879bd37670ae4f538a\/internal_photos\/bs\/2018\/g\/5\/5qat0aTfmfs6dIpBhQTg\/2-adamronan-os-ecossistemas-tropicais-florestas-savanas-rios-e-lagos-e-recifes-de-coral-concentram-mais-de-tres-quartos-das-especies-do-planeta.jpg\" alt=\"Os ecossistemas tropicais \u2013 florestas, savanas, rios e lagos e recifes de coral \u2013 concentram mais de tr\u00eas quartos das esp\u00e9cies do planeta (Foto: Adam Ronan)\" width=\"640\" height=\"360\" data-src=\"https:\/\/s2.glbimg.com\/mFTpAdN3EBAmQpkuneXXiN1zFeo=\/0x0:624x351\/1008x0\/smart\/filters:strip_icc()\/i.s3.glbimg.com\/v1\/AUTH_59edd422c0c84a879bd37670ae4f538a\/internal_photos\/bs\/2018\/g\/5\/5qat0aTfmfs6dIpBhQTg\/2-adamronan-os-ecossistemas-tropicais-florestas-savanas-rios-e-lagos-e-recifes-de-coral-concentram-mais-de-tres-quartos-das-especies-do-planeta.jpg\" \/><\/picture>\n<\/div>\n<\/div>\n<div class=\"content-media__description-centered mc-column\">\n<p class=\"content-media__description\"><i class=\"content-media__description__icon theme-color-primary\"><\/i><span class=\"content-media__description__caption\">Os ecossistemas tropicais \u2013 florestas, savanas, rios e lagos e recifes de coral \u2013 concentram mais de tr\u00eas quartos das esp\u00e9cies do planeta (Foto: Adam Ronan)<\/span><\/p>\n<\/div>\n<\/div>\n<\/div>\n<div class=\"mc-column content-text active-extra-styles \" data-block-type=\"unstyled\" data-block-weight=\"41\" data-block-id=\"12\">\n<p class=\"content-text__container \" data-track-category=\"Link no Texto\" data-track-links=\"\">No estudo, a equipe internacional de cientistas alerta para o fato de que a falta de a\u00e7\u00f5es de conserva\u00e7\u00e3o e monitoramento dos ecossistemas tropicais pode causar, em breve, uma perda sem precedentes de esp\u00e9cies &#8211; muitas das quais sequer s\u00e3o conhecidas.<\/p>\n<\/div>\n<div class=\"mc-column content-text active-extra-styles \" data-block-type=\"unstyled\" data-block-weight=\"29\" data-block-id=\"13\">\n<p class=\"content-text__container \" data-track-category=\"Link no Texto\" data-track-links=\"\">Os ecossistemas tropicais &#8211; florestas, savanas, lagos e rios e recifes de coral &#8211; cobrem 40% do planeta, mas abrigam mais de tr\u00eas quartos (78%) de todas as esp\u00e9cies.<\/p>\n<\/div>\n<div class=\"mc-column content-text active-extra-styles \" data-block-type=\"unstyled\" data-block-weight=\"38\" data-block-id=\"14\">\n<p class=\"content-text__container \" data-track-category=\"Link no Texto\" data-track-links=\"\">Al\u00e9m disso, desses ecossistemas dependem as vidas de centenas de milhares de pessoas. Os recifes de coral, por exemplo, s\u00e3o respons\u00e1veis pela subsist\u00eancia e pela prote\u00e7\u00e3o de mais de 200 milh\u00f5es, apesar de s\u00f3 cobrirem 0,1% dos oceanos.<\/p>\n<\/div>\n<div class=\" content-media content-media--normal content-media--featured content-photo\" data-block-type=\"backstage-photo\" data-block-id=\"15\">\n<div class=\"content-media__container\">\n<div class=\"content-media__image-centered\">\n<div class=\"progressive-img can-open-lightbox\" data-min-size=\"1008x566\" data-min-size-url=\"https:\/\/s2.glbimg.com\/1QtZHFEwIwBIGANkAGY1bCHY6kY=\/0x0:660x371\/1008x0\/smart\/filters:strip_icc()\/i.s3.glbimg.com\/v1\/AUTH_59edd422c0c84a879bd37670ae4f538a\/internal_photos\/bs\/2018\/C\/Z\/06Q4HDQACkLE5vCHe6eQ\/1-gettyimages-recifes-de-coral-cobrem-apenas-0.1-porcento-dos-oceanos-mas-sao-responsaveis-pela-sobrevivencia-de-mais-de-200-milhoes-de-pessoas.jpg\" data-max-size=\"1600x899\" data-max-size-url=\"https:\/\/s2.glbimg.com\/eRf5XEPZVDB4ZDMMiccs3Jrkswo=\/0x0:660x371\/1600x0\/smart\/filters:strip_icc()\/i.s3.glbimg.com\/v1\/AUTH_59edd422c0c84a879bd37670ae4f538a\/internal_photos\/bs\/2018\/C\/Z\/06Q4HDQACkLE5vCHe6eQ\/1-gettyimages-recifes-de-coral-cobrem-apenas-0.1-porcento-dos-oceanos-mas-sao-responsaveis-pela-sobrevivencia-de-mais-de-200-milhoes-de-pessoas.jpg\" data-media-index=\"2\">\n<div class=\"placeholder-container\"><\/div>\n<picture><img loading=\"lazy\" class=\"image content-media__image progressive-loaded\" title=\"Recifes de coral cobrem apenas 0.1 porcento dos oceanos, mas s\u00e3o respons\u00e1veis pela sobreviv\u00eancia de mais de 200 milh\u00f5es de pessoas (Foto: Getty Images)\" src=\"https:\/\/s2.glbimg.com\/1QtZHFEwIwBIGANkAGY1bCHY6kY=\/0x0:660x371\/1008x0\/smart\/filters:strip_icc()\/i.s3.glbimg.com\/v1\/AUTH_59edd422c0c84a879bd37670ae4f538a\/internal_photos\/bs\/2018\/C\/Z\/06Q4HDQACkLE5vCHe6eQ\/1-gettyimages-recifes-de-coral-cobrem-apenas-0.1-porcento-dos-oceanos-mas-sao-responsaveis-pela-sobrevivencia-de-mais-de-200-milhoes-de-pessoas.jpg\" alt=\"Recifes de coral cobrem apenas 0.1 porcento dos oceanos, mas s\u00e3o respons\u00e1veis pela sobreviv\u00eancia de mais de 200 milh\u00f5es de pessoas (Foto: Getty Images)\" width=\"636\" height=\"358\" data-src=\"https:\/\/s2.glbimg.com\/1QtZHFEwIwBIGANkAGY1bCHY6kY=\/0x0:660x371\/1008x0\/smart\/filters:strip_icc()\/i.s3.glbimg.com\/v1\/AUTH_59edd422c0c84a879bd37670ae4f538a\/internal_photos\/bs\/2018\/C\/Z\/06Q4HDQACkLE5vCHe6eQ\/1-gettyimages-recifes-de-coral-cobrem-apenas-0.1-porcento-dos-oceanos-mas-sao-responsaveis-pela-sobrevivencia-de-mais-de-200-milhoes-de-pessoas.jpg\" \/><\/picture>\n<\/div>\n<\/div>\n<div class=\"content-media__description-centered mc-column\">\n<p class=\"content-media__description\"><i class=\"content-media__description__icon theme-color-primary\"><\/i><span class=\"content-media__description__caption\">Recifes de coral cobrem apenas 0.1 porcento dos oceanos, mas s\u00e3o respons\u00e1veis pela sobreviv\u00eancia de mais de 200 milh\u00f5es de pessoas (Foto: Getty Images)<\/span><\/p>\n<\/div>\n<\/div>\n<\/div>\n<div class=\"mc-column content-text active-extra-styles \" data-block-type=\"unstyled\" data-block-weight=\"41\" data-block-id=\"17\">\n<p class=\"content-text__container \" data-track-category=\"Link no Texto\" data-track-links=\"\">Em todos esses locais, dizem os pesquisadores, a flora e a fauna sofrem a &#8220;amea\u00e7a dupla&#8221; das atividades humanas, como o desmatamento e a pesca predat\u00f3ria em excesso, e de ondas cada vez mais frequentes de calor, causadas pela mudan\u00e7a clim\u00e1tica.<\/p>\n<\/div>\n<div class=\"mc-column content-text active-extra-styles \" data-block-type=\"unstyled\" data-block-weight=\"25\" data-block-id=\"18\">\n<p class=\"content-text__container \" data-track-category=\"Link no Texto\" data-track-links=\"\">&#8220;A maior parte dos cientistas foca em apenas um bioma. Mas n\u00f3s mostramos que todos os ecossistemas tropicais est\u00e3o sofrendo dos mesmos problemas&#8221;, diz Barlow.<\/p>\n<\/div>\n<div class=\"mc-column content-text active-extra-styles \" data-block-type=\"unstyled\" data-block-weight=\"40\" data-block-id=\"19\">\n<p class=\"content-text__container \" data-track-category=\"Link no Texto\" data-track-links=\"\">&#8220;Quando falamos em mudan\u00e7a clim\u00e1tica, falamos muito do seu impacto nas regi\u00f5es polares, mas isso est\u00e1 devastando os tr\u00f3picos. E o mundo parece ter dado um passo atr\u00e1s no que se refere ao compromisso com a\u00e7\u00f5es relacionadas ao meio ambiente.&#8221;<\/p>\n<\/div>\n<div class=\"mc-column content-text active-extra-styles \" data-block-type=\"unstyled\" data-block-weight=\"25\" data-block-id=\"20\">\n<p class=\"content-text__container \" data-track-category=\"Link no Texto\" data-track-links=\"\">Para Joice Ferreira, da Embrapa, tamb\u00e9m \u00e9 preciso considerar que a maior parte dos pa\u00edses tropicais s\u00e3o regi\u00f5es mais pobres, com menor capacidade de pesquisa.<\/p>\n<\/div>\n<div class=\"mc-column content-text active-extra-styles \" data-block-type=\"unstyled\" data-block-weight=\"26\" data-block-id=\"21\">\n<p class=\"content-text__container \" data-track-category=\"Link no Texto\" data-track-links=\"\">&#8220;Nossa regi\u00e3o alimenta todas as outras do mundo com recursos naturais, mas a maior parte das pesquisas sobre os tr\u00f3picos \u00e9 liderada por pa\u00edses desenvolvidos&#8221;, afirma.<\/p>\n<\/div>\n<div class=\"mc-column content-text active-extra-styles \" data-block-type=\"unstyled\" data-block-weight=\"27\" data-block-id=\"22\">\n<p class=\"content-text__container \" data-track-category=\"Link no Texto\" data-track-links=\"\">&#8220;Isso nos coloca numa situa\u00e7\u00e3o de vulnerabilidade, porque temos uma capacidade menor de resposta \u00e0s mudan\u00e7as clim\u00e1ticas. Estamos colocando em risco um n\u00famero muito grande de esp\u00e9cies.&#8221;<\/p>\n<\/div>\n<div class=\"mc-column content-text active-extra-styles\" data-block-type=\"raw\" data-block-weight=\"6\" data-block-id=\"23\">\n<div class=\"content-intertitle\">\n<h2>Dificuldade para catalogar dados no Brasil<\/h2>\n<\/div>\n<\/div>\n<div class=\"mc-column content-text active-extra-styles \" data-block-type=\"unstyled\" data-block-weight=\"37\" data-block-id=\"24\">\n<p class=\"content-text__container \" data-track-category=\"Link no Texto\" data-track-links=\"\">Segundo Barlow, um dos principais problemas das regi\u00f5es tropicais \u00e9 a falta de investimento na coleta e na cataloga\u00e7\u00e3o de esp\u00e9cies. Ou seja, sequer sabemos tudo o que est\u00e1 em perigo com o aumento das temperaturas globais.<\/p>\n<\/div>\n<div class=\"mc-column content-text active-extra-styles \" data-block-type=\"unstyled\" data-block-weight=\"34\" data-block-id=\"25\">\n<p class=\"content-text__container \" data-track-category=\"Link no Texto\" data-track-links=\"\">Atualmente, cerca de 20 mil novas esp\u00e9cies s\u00e3o descobertas no mundo a cada ano. Mas, nesse ritmo, os pesquisadores estimam que seriam necess\u00e1rios pelo menos 300 anos para catalogar toda a biodiversidade do planeta.<\/p>\n<\/div>\n<div class=\"mc-column content-text active-extra-styles \" data-block-type=\"unstyled\" data-block-weight=\"42\" data-block-id=\"26\">\n<p class=\"content-text__container \" data-track-category=\"Link no Texto\" data-track-links=\"\">&#8220;Descrever novas esp\u00e9cies tem que ser um trabalho colaborativo global, com pesquisadores tendo acessos a recursos e esp\u00e9cimes em muitos museus e cole\u00e7\u00f5es. Mas tudo isso \u00e9 dificultado pela burocracia excessiva &#8211; algo que o Brasil conhece muito bem&#8221;, diz o brit\u00e2nico.<\/p>\n<\/div>\n<div class=\"mc-column content-text active-extra-styles \" data-block-type=\"unstyled\" data-block-weight=\"54\" data-block-id=\"28\">\n<p class=\"content-text__container \" data-track-category=\"Link no Texto\" data-track-links=\"\">Ferreira diz que ainda falta no Brasil um programa &#8220;abrangente e integrado de avalia\u00e7\u00e3o da biodiversidade&#8221;. A maior parte das pesquisas, ela afirma, s\u00e3o feitas em locais de f\u00e1cil acesso &#8211; como a beira dos rios e as margens de estradas &#8211; e na regi\u00e3o Sudeste, onde se concentra a maior parte dos pesquisadores.<\/p>\n<\/div>\n<div class=\"mc-column content-text active-extra-styles \" data-block-type=\"unstyled\" data-block-weight=\"37\" data-block-id=\"29\">\n<p class=\"content-text__container \" data-track-category=\"Link no Texto\" data-track-links=\"\">&#8220;Tentamos aos trancos e barrancos cumprir as metas internacionais, mas \u00e9 tudo muito grosseiro e gen\u00e9rico. Num pa\u00eds muito menor como o Reino Unido, se conhece a fauna e a flora de cada quil\u00f4metro do pa\u00eds&#8221;, compara.<\/p>\n<\/div>\n<div class=\"mc-column content-text active-extra-styles \" data-block-type=\"unstyled\" data-block-weight=\"43\" data-block-id=\"30\">\n<p class=\"content-text__container \" data-track-category=\"Link no Texto\" data-track-links=\"\">&#8220;Precisamos fazer programas de monitoramento amplo em todos os biomas brasileiros e programas de conserva\u00e7\u00e3o nos outros biomas, al\u00e9m da Amaz\u00f4nia. Mas o que vemos \u00e9 justamente o contr\u00e1rio disso, um corte massivo de financiamento para ci\u00eancia e tecnologia, especialmente nos recursos humanos.&#8221;<\/p>\n<\/div>\n<div class=\"mc-column content-text active-extra-styles \" data-block-type=\"unstyled\" data-block-weight=\"58\" data-block-id=\"31\">\n<p class=\"content-text__container \" data-track-category=\"Link no Texto\" data-track-links=\"\">Em 2014, o governo brasileiro criou o Sistema de Informa\u00e7\u00e3o Sobre a Biodiversidade Brasileira (SiBBr), uma esp\u00e9cie de atlas das esp\u00e9cies do pa\u00eds, ligado ao Minist\u00e9rio da Ci\u00eancia, Tecnologia, Inova\u00e7\u00e3o e Comunica\u00e7\u00f5es (MCTIC). A iniciativa, no entanto, avan\u00e7a a passos lentos na tarefa de catalogar apenas o que j\u00e1 se sabe sobre a fauna e a flora nativas.<\/p>\n<\/div>\n<div class=\"mc-column content-text active-extra-styles \" data-block-type=\"unstyled\" data-block-weight=\"57\" data-block-id=\"32\">\n<p class=\"content-text__container \" data-track-category=\"Link no Texto\" data-track-links=\"\">&#8220;Nunca chegamos numa amostragem de toda a biodiversidade espacial. O territ\u00f3rio brasileiro \u00e9 grande demais, nunca tivemos investimento com regularidade suficiente e os programas de pesquisa nunca se preocuparam em tra\u00e7ar uma estrat\u00e9gia que abrangesse o territ\u00f3rio todo&#8221;, disse \u00e0 BBC News Brasil a bi\u00f3loga Andrea Nunes, coordenadora de biomas do MCTIC e diretora geral do SiBBr.<\/p>\n<\/div>\n<div class=\"mc-column content-text active-extra-styles \" data-block-type=\"unstyled\" data-block-weight=\"25\" data-block-id=\"33\">\n<p class=\"content-text__container \" data-track-category=\"Link no Texto\" data-track-links=\"\">O principal obst\u00e1culo encontrado pelo sistema \u00e9 justamente a dificuldade de convencer os pesquisadores a registrarem, uma por uma, todas as esp\u00e9cies que j\u00e1 pesquisaram.<\/p>\n<\/div>\n<div class=\"mc-column content-text active-extra-styles \" data-block-type=\"unstyled\" data-block-weight=\"50\" data-block-id=\"34\">\n<p class=\"content-text__container \" data-track-category=\"Link no Texto\" data-track-links=\"\">&#8220;O Brasil n\u00e3o tem cultura de compartilhamento de dados. Esse problema come\u00e7a pela pr\u00f3pria academia, que usa dados de biodiversidade para a publica\u00e7\u00e3o de teses de mestrado, doutorado, e quase joga esses dados fora. Muitos pesquisadores acham que faz parte desse trabalho deles compartilhar esses dados prim\u00e1rios&#8221;, afirma a diretora.<\/p>\n<\/div>\n<div class=\"mc-column content-text active-extra-styles \" data-block-type=\"unstyled\" data-block-weight=\"32\" data-block-id=\"36\">\n<p class=\"content-text__container \" data-track-category=\"Link no Texto\" data-track-links=\"\">&#8220;Al\u00e9m disso, o MCTIC apoiava as institui\u00e7\u00f5es de pesquisa pagando bolsistas para estruturar os dados e alimentar o sistema. H\u00e1 cerca de um ano e meio, n\u00e3o podemos mais oferecer essa ajuda.&#8221;<\/p>\n<\/div>\n<div class=\" content-media content-media--normal content-media--featured content-photo\" data-block-type=\"backstage-photo\" data-block-id=\"37\">\n<div class=\"content-media__container\">\n<div class=\"content-media__image-centered\">\n<div class=\"progressive-img can-open-lightbox\" data-min-size=\"1008x567\" data-min-size-url=\"https:\/\/s2.glbimg.com\/Jf--7EHrBf5FCGKri_b3FSqoXUM=\/0x0:624x351\/1008x0\/smart\/filters:strip_icc()\/i.s3.glbimg.com\/v1\/AUTH_59edd422c0c84a879bd37670ae4f538a\/internal_photos\/bs\/2018\/S\/g\/22fOAjRPiibbtgYmmRlw\/5-gettyimages-sistema-de-catalogacao-da-biodiversidade-brasileira-tem-cerca-de-15-milhoes-de-registros.jpg\" data-max-size=\"1600x900\" data-max-size-url=\"https:\/\/s2.glbimg.com\/QFMNdumXmF83MAjW28yb5uEEIm4=\/0x0:624x351\/1600x0\/smart\/filters:strip_icc()\/i.s3.glbimg.com\/v1\/AUTH_59edd422c0c84a879bd37670ae4f538a\/internal_photos\/bs\/2018\/S\/g\/22fOAjRPiibbtgYmmRlw\/5-gettyimages-sistema-de-catalogacao-da-biodiversidade-brasileira-tem-cerca-de-15-milhoes-de-registros.jpg\" data-media-index=\"3\">\n<div class=\"placeholder-container\"><\/div>\n<picture><img loading=\"lazy\" class=\"image content-media__image progressive-loaded\" title=\"Sistema de cataloga\u00e7\u00e3o da biodiversidade brasileira tem cerca de 15 milh\u00f5es de registros (Foto: Getty Images)\" src=\"https:\/\/s2.glbimg.com\/Jf--7EHrBf5FCGKri_b3FSqoXUM=\/0x0:624x351\/1008x0\/smart\/filters:strip_icc()\/i.s3.glbimg.com\/v1\/AUTH_59edd422c0c84a879bd37670ae4f538a\/internal_photos\/bs\/2018\/S\/g\/22fOAjRPiibbtgYmmRlw\/5-gettyimages-sistema-de-catalogacao-da-biodiversidade-brasileira-tem-cerca-de-15-milhoes-de-registros.jpg\" alt=\"Sistema de cataloga\u00e7\u00e3o da biodiversidade brasileira tem cerca de 15 milh\u00f5es de registros (Foto: Getty Images)\" width=\"640\" height=\"360\" data-src=\"https:\/\/s2.glbimg.com\/Jf--7EHrBf5FCGKri_b3FSqoXUM=\/0x0:624x351\/1008x0\/smart\/filters:strip_icc()\/i.s3.glbimg.com\/v1\/AUTH_59edd422c0c84a879bd37670ae4f538a\/internal_photos\/bs\/2018\/S\/g\/22fOAjRPiibbtgYmmRlw\/5-gettyimages-sistema-de-catalogacao-da-biodiversidade-brasileira-tem-cerca-de-15-milhoes-de-registros.jpg\" \/><\/picture>\n<\/div>\n<\/div>\n<div class=\"content-media__description-centered mc-column\">\n<p class=\"content-media__description\"><i class=\"content-media__description__icon theme-color-primary\"><\/i><span class=\"content-media__description__caption\">Sistema de cataloga\u00e7\u00e3o da biodiversidade brasileira tem cerca de 15 milh\u00f5es de registros (Foto: Getty Images)<\/span><\/p>\n<\/div>\n<\/div>\n<\/div>\n<div class=\"mc-column content-text active-extra-styles \" data-block-type=\"unstyled\" data-block-weight=\"61\" data-block-id=\"38\">\n<p class=\"content-text__container \" data-track-category=\"Link no Texto\" data-track-links=\"\">Nunes estima que, atualmente, o SiBBr tenha cerca de 15 milh\u00f5es de esp\u00e9cies em sua base de dados. Mas s\u00f3 nas seis principais cole\u00e7\u00f5es do Brasil &#8211; ou seja, nas institui\u00e7\u00f5es como a Funda\u00e7\u00e3o Osvaldo Cruz (Fiocruz), O Instituto Nacional de Pesquisas da Amaz\u00f4nia (Inpa) e o Museu de Zoologia de S\u00e3o Paulo &#8211; pode haver at\u00e9 40 milh\u00f5es de registros.<\/p>\n<\/div>\n<\/div>\n<div data-track-category=\"fim do conteudo\" data-track-action=\"ultimo chunk conteudo\" data-track-noninteraction=\"false\" data-track-scroll=\"entrada completa viewport\">\n<div class=\"mc-column content-text active-extra-styles \" data-block-type=\"unstyled\" data-block-weight=\"42\" data-block-id=\"39\">\n<p class=\"content-text__container \" data-track-category=\"Link no Texto\" data-track-links=\"\">&#8220;Imagine que essas cole\u00e7\u00f5es ainda n\u00e3o foram completamente catalogadas no nosso sistema, e que o Brasil tem mais de 300 cole\u00e7\u00f5es do tipo. Ningu\u00e9m sabe o n\u00famero total de registros de esp\u00e9cies que temos. At\u00e9 porque pode haver muita coisa duplicada&#8221;, diz.<\/p>\n<\/div>\n<\/div>\n","protected":false},"excerpt":{"rendered":"<p>Quase um quarto de todos os peixes de \u00e1gua doce do mundo &#8211; mais precisamente<\/p>\n","protected":false},"author":2,"featured_media":90576,"comment_status":"open","ping_status":"open","sticky":false,"template":"","format":"standard","meta":[],"categories":[],"tags":[],"uagb_featured_image_src":{"full":["https:\/\/espacoecologico.com.br\/arquivo\/wp-content\/uploads\/2018\/08\/coruja.jpg",415,265,false],"thumbnail":["https:\/\/espacoecologico.com.br\/arquivo\/wp-content\/uploads\/2018\/08\/coruja-150x150.jpg",150,150,true],"medium":["https:\/\/espacoecologico.com.br\/arquivo\/wp-content\/uploads\/2018\/08\/coruja-300x192.jpg",300,192,true],"medium_large":["https:\/\/espacoecologico.com.br\/arquivo\/wp-content\/uploads\/2018\/08\/coruja.jpg",415,265,false],"large":["https:\/\/espacoecologico.com.br\/arquivo\/wp-content\/uploads\/2018\/08\/coruja.jpg",415,265,false],"1536x1536":["https:\/\/espacoecologico.com.br\/arquivo\/wp-content\/uploads\/2018\/08\/coruja.jpg",415,265,false],"2048x2048":["https:\/\/espacoecologico.com.br\/arquivo\/wp-content\/uploads\/2018\/08\/coruja.jpg",415,265,false],"cream-magazine-thumbnail-2":["https:\/\/espacoecologico.com.br\/arquivo\/wp-content\/uploads\/2018\/08\/coruja.jpg",415,265,false],"cream-magazine-thumbnail-3":["https:\/\/espacoecologico.com.br\/arquivo\/wp-content\/uploads\/2018\/08\/coruja.jpg",415,265,false],"cream-magazine-thumbnail-4":["https:\/\/espacoecologico.com.br\/arquivo\/wp-content\/uploads\/2018\/08\/coruja.jpg",415,265,false]},"uagb_author_info":{"display_name":"","author_link":"https:\/\/espacoecologico.com.br\/arquivo\/author\/"},"uagb_comment_info":0,"uagb_excerpt":"Quase um quarto de todos os peixes de \u00e1gua doce do mundo &#8211; mais precisamente","_links":{"self":[{"href":"https:\/\/espacoecologico.com.br\/arquivo\/wp-json\/wp\/v2\/posts\/90575"}],"collection":[{"href":"https:\/\/espacoecologico.com.br\/arquivo\/wp-json\/wp\/v2\/posts"}],"about":[{"href":"https:\/\/espacoecologico.com.br\/arquivo\/wp-json\/wp\/v2\/types\/post"}],"author":[{"embeddable":true,"href":"https:\/\/espacoecologico.com.br\/arquivo\/wp-json\/wp\/v2\/users\/2"}],"replies":[{"embeddable":true,"href":"https:\/\/espacoecologico.com.br\/arquivo\/wp-json\/wp\/v2\/comments?post=90575"}],"version-history":[{"count":0,"href":"https:\/\/espacoecologico.com.br\/arquivo\/wp-json\/wp\/v2\/posts\/90575\/revisions"}],"wp:featuredmedia":[{"embeddable":true,"href":"https:\/\/espacoecologico.com.br\/arquivo\/wp-json\/wp\/v2\/media\/90576"}],"wp:attachment":[{"href":"https:\/\/espacoecologico.com.br\/arquivo\/wp-json\/wp\/v2\/media?parent=90575"}],"wp:term":[{"taxonomy":"category","embeddable":true,"href":"https:\/\/espacoecologico.com.br\/arquivo\/wp-json\/wp\/v2\/categories?post=90575"},{"taxonomy":"post_tag","embeddable":true,"href":"https:\/\/espacoecologico.com.br\/arquivo\/wp-json\/wp\/v2\/tags?post=90575"}],"curies":[{"name":"wp","href":"https:\/\/api.w.org\/{rel}","templated":true}]}}