{"id":90568,"date":"2018-08-20T14:30:37","date_gmt":"2018-08-20T17:30:37","guid":{"rendered":"https:\/\/espacoecologico.com.br\/arquivo\/?p=90568"},"modified":"2018-08-20T10:13:35","modified_gmt":"2018-08-20T13:13:35","slug":"russia-e-um-dos-paises-que-mais-sofre-com-a-mudanca-climatica","status":"publish","type":"post","link":"https:\/\/espacoecologico.com.br\/arquivo\/russia-e-um-dos-paises-que-mais-sofre-com-a-mudanca-climatica\/","title":{"rendered":"R\u00fassia \u00e9 um dos pa\u00edses que mais sofre com a mudan\u00e7a clim\u00e1tica"},"content":{"rendered":"<p><a href=\"https:\/\/espacoecologico.com.br\/arquivo\/wp-content\/uploads\/2018\/08\/russia.jpg\"><img loading=\"lazy\" class=\"alignleft size-medium wp-image-90569\" src=\"https:\/\/espacoecologico.com.br\/arquivo\/wp-content\/uploads\/2018\/08\/russia-300x192.jpg\" alt=\"\" width=\"300\" height=\"192\" srcset=\"https:\/\/espacoecologico.com.br\/arquivo\/wp-content\/uploads\/2018\/08\/russia-300x192.jpg 300w, https:\/\/espacoecologico.com.br\/arquivo\/wp-content\/uploads\/2018\/08\/russia.jpg 415w\" sizes=\"(max-width: 300px) 100vw, 300px\" \/><\/a>Um dos pa\u00edses mais frios do mundo, a\u00a0<strong><a href=\"https:\/\/exame.abril.com.br\/noticias-sobre\/russia\/\" target=\"_blank\">R\u00fassia<\/a><\/strong>\u00a0pode sofrer uma mudan\u00e7a dr\u00e1stica nos pr\u00f3ximos anos j\u00e1 que est\u00e1 em uma das regi\u00f5es do planeta onde as temperaturas mais subiram e que mais sofrem com as consequ\u00eancias do aquecimento global.<\/p>\n<div class=\"teads-inread sm-screen\"><\/div>\n<p>&nbsp;<\/p>\n<p>O pa\u00eds n\u00e3o passa um ano sequer sem registrar novos recordes: de temperatura, de chuva, de camada de neve, entre outros.<\/p>\n<p>Em junho, foram registrados quase 33 graus Celsius na cidade \u00e1rtica de Tura, que est\u00e1 na mesma latitude que Reykjavik, capital da Isl\u00e2ndia. No sudeste da Sib\u00e9ria e nas regi\u00f5es do extremo leste do pa\u00eds, milhares de casas foram inundadas neste ver\u00e3o devido a chuvas hist\u00f3ricas e cheias dos rios.<\/p>\n<p>\u201cO aquecimento global na R\u00fassia \u00e9 2,5 vezes mais intenso que a m\u00e9dia do planeta. A temperatura cresce a um ritmo de quase meio grau cent\u00edgrado a cada dez anos\u201d, explicou \u00e0 Ag\u00eancia Efe Yevgueni Tishkovets, especialista do Centro Meteorol\u00f3gico Fobos.<\/p>\n<p>Isso ocorre porque a R\u00fassia tem um imenso territ\u00f3rio no litoral do Oceano \u00c1rtico. \u00c9 precisamente l\u00e1 onde o aquecimento global \u00e9 sentido com mais for\u00e7a. Nos tr\u00f3picos, o impacto \u00e9 muito menor.<\/p>\n<p>\u201cA regi\u00e3o russa do c\u00edrculo polar \u00e1rtico sofreu uma explos\u00e3o de calor impressionante, e a superf\u00edcie dos glaciais se reduziu a um ter\u00e7o, chegando ao m\u00ednimo hist\u00f3rico\u201d, apontou Tishkovets.<\/p>\n<p>H\u00e1 muitas esta\u00e7\u00f5es meteorol\u00f3gicas nesta vasta regi\u00e3o do pa\u00eds e a maioria registrou v\u00e1rios recordes de temperatura neste ver\u00e3o.<\/p>\n<p>O tempo est\u00e1 \u201cficando louco\u201d. Enquanto os quentes pa\u00edses do sul da Europa sofrem com muito frio no inverno, o norte do continente \u00e9 atingido no ver\u00e3o por ondas de calor sem precedentes, como as que atingiram h\u00e1 pouco a pen\u00ednsula escandinava.<\/p>\n<p>\u201cA diminui\u00e7\u00e3o da diferen\u00e7a entre as temperaturas dos polos e o Equador fez com que as massas de ar do planeta circulem sobre os eixos meridionais (norte-sul), ao inv\u00e9s de se movimentar sobre os frequentes latitudinais (leste-oeste). Desta forma, o vento leva do norte ao sul o frio \u00e1rtico no inverno, e do sul ao norte o calor des\u00e9rtico no ver\u00e3o\u201d, explica o meteorologista russo.<\/p>\n<p>Pode-se pensar que Moscou, a terceira capital mais fria do mundo s\u00f3 atr\u00e1s de Astana e Ulan Bator, n\u00e3o sabe o que \u00e9 passar calor, mas o certo \u00e9 que os ver\u00f5es nestas latitudes s\u00e3o cada vez mais quentes.<\/p>\n<p>Os term\u00f4metros se aproximaram dos 30 graus Celsius durante grande parte de julho e agosto. O \u201cnormal\u201d para Moscou nestes meses, segundo Tishkovets, \u00e9 uma temperatura diurna m\u00e1xima de 24 graus.<\/p>\n<p>A pior cat\u00e1strofe clim\u00e1tica recente registrada na capital russa ocorreu no ver\u00e3o de 2010, quando a temperatura em Moscou n\u00e3o baixou dos 30 graus Celsius, inclusive de noite, algo sem precedentes.<\/p>\n<p>Quase 1 milh\u00e3o de hectares de floresta foram arrasados entre julho e agosto de 2010 pelos inc\u00eandios causados pela onda de calor. A capital russa foi invadida pela fuma\u00e7a dos inc\u00eandios florestais que praticamente confinaram a cidade em um anel de fogo.<\/p>\n<p>A vers\u00e3o mais aceita do aquecimento global \u00e9 a interven\u00e7\u00e3o do ser humano na natureza, mas Tishkovets pertence ao grupo de cientistas que respaldam outra teoria, a que aponta a que o fen\u00f4meno corresponde aos ciclos clim\u00e1ticos da Terra, que se alternam mais ou menos a cada 200 anos.<\/p>\n<p>O especialista do Centro Fobos considera que o aquecimento do planeta j\u00e1 alcan\u00e7ou o seu pico, \u201capesar de nos \u00faltimos tr\u00eas anos a Terra ter registrado suas temperaturas m\u00e1ximas desde que existem as medi\u00e7\u00f5es\u201d.<\/p>\n","protected":false},"excerpt":{"rendered":"<p>Um dos pa\u00edses mais frios do mundo, a\u00a0R\u00fassia\u00a0pode sofrer uma mudan\u00e7a dr\u00e1stica nos pr\u00f3ximos anos<\/p>\n","protected":false},"author":2,"featured_media":90569,"comment_status":"open","ping_status":"open","sticky":false,"template":"","format":"standard","meta":[],"categories":[],"tags":[],"uagb_featured_image_src":{"full":["https:\/\/espacoecologico.com.br\/arquivo\/wp-content\/uploads\/2018\/08\/russia.jpg",415,265,false],"thumbnail":["https:\/\/espacoecologico.com.br\/arquivo\/wp-content\/uploads\/2018\/08\/russia-150x150.jpg",150,150,true],"medium":["https:\/\/espacoecologico.com.br\/arquivo\/wp-content\/uploads\/2018\/08\/russia-300x192.jpg",300,192,true],"medium_large":["https:\/\/espacoecologico.com.br\/arquivo\/wp-content\/uploads\/2018\/08\/russia.jpg",415,265,false],"large":["https:\/\/espacoecologico.com.br\/arquivo\/wp-content\/uploads\/2018\/08\/russia.jpg",415,265,false],"1536x1536":["https:\/\/espacoecologico.com.br\/arquivo\/wp-content\/uploads\/2018\/08\/russia.jpg",415,265,false],"2048x2048":["https:\/\/espacoecologico.com.br\/arquivo\/wp-content\/uploads\/2018\/08\/russia.jpg",415,265,false],"cream-magazine-thumbnail-2":["https:\/\/espacoecologico.com.br\/arquivo\/wp-content\/uploads\/2018\/08\/russia.jpg",415,265,false],"cream-magazine-thumbnail-3":["https:\/\/espacoecologico.com.br\/arquivo\/wp-content\/uploads\/2018\/08\/russia.jpg",415,265,false],"cream-magazine-thumbnail-4":["https:\/\/espacoecologico.com.br\/arquivo\/wp-content\/uploads\/2018\/08\/russia.jpg",415,265,false]},"uagb_author_info":{"display_name":"","author_link":"https:\/\/espacoecologico.com.br\/arquivo\/author\/"},"uagb_comment_info":0,"uagb_excerpt":"Um dos pa\u00edses mais frios do mundo, a\u00a0R\u00fassia\u00a0pode sofrer uma mudan\u00e7a dr\u00e1stica nos pr\u00f3ximos anos","_links":{"self":[{"href":"https:\/\/espacoecologico.com.br\/arquivo\/wp-json\/wp\/v2\/posts\/90568"}],"collection":[{"href":"https:\/\/espacoecologico.com.br\/arquivo\/wp-json\/wp\/v2\/posts"}],"about":[{"href":"https:\/\/espacoecologico.com.br\/arquivo\/wp-json\/wp\/v2\/types\/post"}],"author":[{"embeddable":true,"href":"https:\/\/espacoecologico.com.br\/arquivo\/wp-json\/wp\/v2\/users\/2"}],"replies":[{"embeddable":true,"href":"https:\/\/espacoecologico.com.br\/arquivo\/wp-json\/wp\/v2\/comments?post=90568"}],"version-history":[{"count":0,"href":"https:\/\/espacoecologico.com.br\/arquivo\/wp-json\/wp\/v2\/posts\/90568\/revisions"}],"wp:featuredmedia":[{"embeddable":true,"href":"https:\/\/espacoecologico.com.br\/arquivo\/wp-json\/wp\/v2\/media\/90569"}],"wp:attachment":[{"href":"https:\/\/espacoecologico.com.br\/arquivo\/wp-json\/wp\/v2\/media?parent=90568"}],"wp:term":[{"taxonomy":"category","embeddable":true,"href":"https:\/\/espacoecologico.com.br\/arquivo\/wp-json\/wp\/v2\/categories?post=90568"},{"taxonomy":"post_tag","embeddable":true,"href":"https:\/\/espacoecologico.com.br\/arquivo\/wp-json\/wp\/v2\/tags?post=90568"}],"curies":[{"name":"wp","href":"https:\/\/api.w.org\/{rel}","templated":true}]}}