{"id":90558,"date":"2018-08-20T09:54:00","date_gmt":"2018-08-20T12:54:00","guid":{"rendered":"https:\/\/espacoecologico.com.br\/arquivo\/?p=90558"},"modified":"2018-08-20T09:55:47","modified_gmt":"2018-08-20T12:55:47","slug":"madeira-artificial-feita-de-plastico-e-mais-leve-resistente-e-duravel","status":"publish","type":"post","link":"https:\/\/espacoecologico.com.br\/arquivo\/madeira-artificial-feita-de-plastico-e-mais-leve-resistente-e-duravel\/","title":{"rendered":"Madeira artificial feita de pl\u00e1stico \u00e9 mais leve, resistente e dur\u00e1vel"},"content":{"rendered":"<p><a href=\"https:\/\/espacoecologico.com.br\/arquivo\/wp-content\/uploads\/2018\/08\/madeira_plastico.jpg\"><img loading=\"lazy\" class=\"alignleft size-medium wp-image-90560\" src=\"https:\/\/espacoecologico.com.br\/arquivo\/wp-content\/uploads\/2018\/08\/madeira_plastico-300x192.jpg\" alt=\"\" width=\"300\" height=\"192\" srcset=\"https:\/\/espacoecologico.com.br\/arquivo\/wp-content\/uploads\/2018\/08\/madeira_plastico-300x192.jpg 300w, https:\/\/espacoecologico.com.br\/arquivo\/wp-content\/uploads\/2018\/08\/madeira_plastico.jpg 415w\" sizes=\"(max-width: 300px) 100vw, 300px\" \/><\/a>A madeira \u00e9 um dos materiais mais utilizados pela humanidade n\u00e3o apenas por estar largamente dispon\u00edvel e ser renov\u00e1vel, mas tamb\u00e9m por apresentar uma grande resist\u00eancia aliada a uma baixa densidade.<\/p>\n<p>Agora, qu\u00edmicos da Universidade de Ci\u00eancia e Tecnologia da China desenvolveram uma t\u00e9cnica biomim\u00e9tica para fabricar &#8220;madeira de pl\u00e1stico&#8221;.<\/p>\n<p>Mas se os pl\u00e1sticos representam um grande problema em rela\u00e7\u00e3o ao meio ambiente, qual seria a vantagem de fabricar madeira artificial de pl\u00e1stico?<\/p>\n<p>Zhi-Long Yu e seus colegas destacam pelo menos quatro: a madeira artificial n\u00e3o apodrece, \u00e9 mais leve, apresenta melhor isolamento termal e pode ser fabricada com pol\u00edmeros retardantes de fogo, como os usados nos revestimentos de fios e cabos el\u00e9tricos.<\/p>\n<p>&#8220;As madeiras polim\u00e9ricas artificiais destacam-se mesmo em rela\u00e7\u00e3o a outros materiais sint\u00e9ticos, tais como materiais cer\u00e2micos celulares e aerog\u00e9is, em termos de resist\u00eancia espec\u00edfica e propriedades de isolamento t\u00e9rmico. Como uma esp\u00e9cie de material de engenharia biomim\u00e9tica, esta nova fam\u00edlia de madeiras polim\u00e9ricas bioinspiradas tem potencial para substituir a madeira natural em usos em ambientes agressivos,&#8221; escreveu a equipe.<\/p>\n<div class=\"imgMeioC\">\n<p><img loading=\"lazy\" class=\"\" src=\"http:\/\/www.inovacaotecnologica.com.br\/noticias\/imagens\/010125180820-madeira-artificial-de-plastico.jpg\" alt=\"Madeira polim\u00e9rica: Uma madeira artificial feita de pl\u00e1stico\" width=\"631\" height=\"350\" \/><\/p>\n<div class=\"menor\">Estrutura interna da madeira artificial, imitando a estrutura celular da madeira natural. [Imagem: Zhi-Long Yu et al. &#8211; 10.1126\/sciadv.aat7223]<\/div>\n<\/div>\n<p><strong>Como fabricar madeira artificial<\/strong><\/p>\n<p>As madeiras polim\u00e9ricas bioinspiradas foram fabricadas com uma matriz de polifen\u00f3is, criando microestruturas celulares semelhantes \u00e0s da madeira por meio de um processo de automontagem e termocura das resinas.<\/p>\n<p>As\u00a0<a href=\"https:\/\/www.inovacaotecnologica.com.br\/noticias\/noticia.php?artigo=plastico-totalmente-reciclavel-se-autoconserta&amp;id=010160140519\" target=\"_blank\">resinas termopl\u00e1sticas<\/a>\u00a0l\u00edquidas s\u00e3o inicialmente congeladas para preparar um &#8220;corpo verde&#8221;. Nesse processo, as mol\u00e9culas passam por um processo de automontagem, que produz microestruturas que imitam a estrutura celular da madeira. A seguir, o material passa por uma termopolimeriza\u00e7\u00e3o para endurecer e produzir as madeiras polim\u00e9ricas artificiais.<\/p>\n<p>As madeiras artificiais t\u00eam uma grande semelhan\u00e7a com as madeiras naturais nas estruturas celulares em mesoescala e o processo permite controlar o tamanho dos poros e a espessura da parede para dosar a densidade e a resist\u00eancia desejadas. De acordo com a equipe, o material apresenta propriedades mec\u00e2nicas similares \u00e0s da madeira real, ao contr\u00e1rio de tentativas anteriores, al\u00e9m de ser leve e de alta resist\u00eancia.<\/p>\n<p>A t\u00e9cnica tamb\u00e9m poder\u00e1 ser utilizada partindo de outros nanomateriais, tais como nanofibras de celulose e \u00f3xido de grafeno.<\/p>\n","protected":false},"excerpt":{"rendered":"<p>A madeira \u00e9 um dos materiais mais utilizados pela humanidade n\u00e3o apenas por estar largamente<\/p>\n","protected":false},"author":2,"featured_media":90560,"comment_status":"open","ping_status":"open","sticky":false,"template":"","format":"standard","meta":[],"categories":[],"tags":[],"uagb_featured_image_src":{"full":["https:\/\/espacoecologico.com.br\/arquivo\/wp-content\/uploads\/2018\/08\/madeira_plastico.jpg",415,265,false],"thumbnail":["https:\/\/espacoecologico.com.br\/arquivo\/wp-content\/uploads\/2018\/08\/madeira_plastico-150x150.jpg",150,150,true],"medium":["https:\/\/espacoecologico.com.br\/arquivo\/wp-content\/uploads\/2018\/08\/madeira_plastico-300x192.jpg",300,192,true],"medium_large":["https:\/\/espacoecologico.com.br\/arquivo\/wp-content\/uploads\/2018\/08\/madeira_plastico.jpg",415,265,false],"large":["https:\/\/espacoecologico.com.br\/arquivo\/wp-content\/uploads\/2018\/08\/madeira_plastico.jpg",415,265,false],"1536x1536":["https:\/\/espacoecologico.com.br\/arquivo\/wp-content\/uploads\/2018\/08\/madeira_plastico.jpg",415,265,false],"2048x2048":["https:\/\/espacoecologico.com.br\/arquivo\/wp-content\/uploads\/2018\/08\/madeira_plastico.jpg",415,265,false],"cream-magazine-thumbnail-2":["https:\/\/espacoecologico.com.br\/arquivo\/wp-content\/uploads\/2018\/08\/madeira_plastico.jpg",415,265,false],"cream-magazine-thumbnail-3":["https:\/\/espacoecologico.com.br\/arquivo\/wp-content\/uploads\/2018\/08\/madeira_plastico.jpg",415,265,false],"cream-magazine-thumbnail-4":["https:\/\/espacoecologico.com.br\/arquivo\/wp-content\/uploads\/2018\/08\/madeira_plastico.jpg",415,265,false]},"uagb_author_info":{"display_name":"","author_link":"https:\/\/espacoecologico.com.br\/arquivo\/author\/"},"uagb_comment_info":0,"uagb_excerpt":"A madeira \u00e9 um dos materiais mais utilizados pela humanidade n\u00e3o apenas por estar largamente","_links":{"self":[{"href":"https:\/\/espacoecologico.com.br\/arquivo\/wp-json\/wp\/v2\/posts\/90558"}],"collection":[{"href":"https:\/\/espacoecologico.com.br\/arquivo\/wp-json\/wp\/v2\/posts"}],"about":[{"href":"https:\/\/espacoecologico.com.br\/arquivo\/wp-json\/wp\/v2\/types\/post"}],"author":[{"embeddable":true,"href":"https:\/\/espacoecologico.com.br\/arquivo\/wp-json\/wp\/v2\/users\/2"}],"replies":[{"embeddable":true,"href":"https:\/\/espacoecologico.com.br\/arquivo\/wp-json\/wp\/v2\/comments?post=90558"}],"version-history":[{"count":0,"href":"https:\/\/espacoecologico.com.br\/arquivo\/wp-json\/wp\/v2\/posts\/90558\/revisions"}],"wp:featuredmedia":[{"embeddable":true,"href":"https:\/\/espacoecologico.com.br\/arquivo\/wp-json\/wp\/v2\/media\/90560"}],"wp:attachment":[{"href":"https:\/\/espacoecologico.com.br\/arquivo\/wp-json\/wp\/v2\/media?parent=90558"}],"wp:term":[{"taxonomy":"category","embeddable":true,"href":"https:\/\/espacoecologico.com.br\/arquivo\/wp-json\/wp\/v2\/categories?post=90558"},{"taxonomy":"post_tag","embeddable":true,"href":"https:\/\/espacoecologico.com.br\/arquivo\/wp-json\/wp\/v2\/tags?post=90558"}],"curies":[{"name":"wp","href":"https:\/\/api.w.org\/{rel}","templated":true}]}}