{"id":90554,"date":"2018-08-20T14:00:25","date_gmt":"2018-08-20T17:00:25","guid":{"rendered":"https:\/\/espacoecologico.com.br\/arquivo\/?p=90554"},"modified":"2018-08-20T10:49:12","modified_gmt":"2018-08-20T13:49:12","slug":"especialistas-esclarecem-que-o-leite-materno-nao-e-o-grande-vilao-da-saude-bucal-dos-bebes","status":"publish","type":"post","link":"https:\/\/espacoecologico.com.br\/arquivo\/especialistas-esclarecem-que-o-leite-materno-nao-e-o-grande-vilao-da-saude-bucal-dos-bebes\/","title":{"rendered":"Especialistas esclarecem que o leite materno n\u00e3o \u00e9 o grande vil\u00e3o da sa\u00fade bucal dos beb\u00eas"},"content":{"rendered":"<div id=\"materia-letra\" class=\"materia-conteudo entry-content cda-materia\">\n<div id=\"materia-parsed-corpo\">\n<div class=\"ctx_content\">\n<p><a href=\"https:\/\/espacoecologico.com.br\/arquivo\/wp-content\/uploads\/2018\/08\/amamanentacao.jpg\"><img loading=\"lazy\" class=\"alignleft size-medium wp-image-90555\" src=\"https:\/\/espacoecologico.com.br\/arquivo\/wp-content\/uploads\/2018\/08\/amamanentacao-300x192.jpg\" alt=\"\" width=\"300\" height=\"192\" srcset=\"https:\/\/espacoecologico.com.br\/arquivo\/wp-content\/uploads\/2018\/08\/amamanentacao-300x192.jpg 300w, https:\/\/espacoecologico.com.br\/arquivo\/wp-content\/uploads\/2018\/08\/amamanentacao.jpg 415w\" sizes=\"(max-width: 300px) 100vw, 300px\" \/><\/a>Aline Amaral j\u00e1 estranhou quando os dois\u00a0primeiros dentes\u00a0de cima irromperam da gengiva do filho, Henrique, pouco antes dos 8 meses, j\u00e1 com as pontas amareladas. Logo, ficaram completamente escuros. Para n\u00e3o perder a viagem ao dentista, encaminhou uma foto a duas amigas que haviam se formado em odontologia e recebeu o mesmo diagn\u00f3stico:\u00a0c\u00e1rie de mamadeira.<\/p>\n<p>Mas como um beb\u00ea que ainda mal comia, mamava apenas no peito e tinha os poucos dentes higienizados desde o primeiro dia j\u00e1 poderia ter os dentes cariados? Em busca de uma terceira opini\u00e3o, procurou uma odontopediatra que lhe deu a mesma resposta. \u201cEla recomendou que o beb\u00ea fosse desmamado a noite para que dormisse com a boca limpa e assim as bact\u00e9rias n\u00e3o se proliferassem. Por\u00e9m, isso ia contra todos os artigos pr\u00f3-amamenta\u00e7\u00e3o que eu tinha lido\u201d, conta.<\/p>\n<p>Insatisfeita, procurou o posto de sa\u00fade de sua regi\u00e3o e, ap\u00f3s uma atenta examina\u00e7\u00e3o, foi constatado que o problema n\u00e3o era c\u00e1rie, mas hipoplasia de esmalte, uma m\u00e1 forma\u00e7\u00e3o que se d\u00e1\u00a0ainda na gesta\u00e7\u00e3o\u00a0quando o dente se forma sem quantidade de esmalte suficiente para cobrir a dentina [<em>camada interna dos dentes<\/em>], deixando o dente desprotegido. Segundo os especialistas disseram a Aline, a crosta preta era, na realidade, uma defesa do corpo para proteger a dentina de corpos estranhos. Dessa vez, a orienta\u00e7\u00e3o foi manter a amamenta\u00e7\u00e3o tanto quanto poss\u00edvel, pelo leite materno ser rico em anticorpos e at\u00e9 proteger a\u00a0sa\u00fade bucal do beb\u00ea.<\/p>\n<p>Na odontologia tradicional, \u00e9 quase consenso que o leite materno causa c\u00e1rie e muitos dentistas chegam a desencorajar a amamenta\u00e7\u00e3o noturna ou mesmo em livre demanda. Contudo, n\u00e3o h\u00e1 nenhuma comprova\u00e7\u00e3o disso, muito pelo contr\u00e1rio! Sandra Kalil, odontopediatra do Conselho Regional de Odontologia de S\u00e3o Paulo (CROSP), aponta que esse \u00e9, na verdade, um grande mito. \u201cMuitas vezes essa c\u00e1rie acontece durante a introdu\u00e7\u00e3o alimentar, quando temos o\u00a0suco de frutas, a papinha adocicada, acompanhada do aleitamento. N\u00e3o \u00e9 o leite o grande culpado, s\u00e3o esses confundidores\u201d, explica.<\/p>\n<div class=\"foto componente_materia midia-largura-620\"><img loading=\"lazy\" class=\"\" title=\"Bebe tomando suco natural (Foto: Thinkstock)\" src=\"https:\/\/s2.glbimg.com\/bVJ_4B6TcC8-lSXARAtb89UoZOM=\/620x480\/e.glbimg.com\/og\/ed\/f\/original\/2017\/05\/23\/crianca-bebendo-suco.jpg\" alt=\"Bebe tomando suco natural (Foto: Thinkstock)\" width=\"641\" height=\"496\" \/><label class=\"foto-legenda\">Beb\u00ea tomando suco de frutas em copo (Foto: Thinkstock)<\/label><\/div>\n<p>Debora Garcia, m\u00e3e de Ana, 1, tamb\u00e9m foi v\u00edtima dessa desinforma\u00e7\u00e3o. Ao levar a filha em abril deste ano ao dentista, foi confrontada sobre a amamenta\u00e7\u00e3o em livre demanda, mesmo que n\u00e3o houvesse nada de errado com a sa\u00fade bucal da pequena. \u201cQuando respondi que n\u00e3o escovava os dentes ap\u00f3s cada mamada, ela me disse que era quest\u00e3o de tempo at\u00e9 ela ter uma c\u00e1rie\u201d, relembra. \u201cAinda falou, \u2018Se voc\u00ea decidir continuar amamentando assim, n\u00e3o posso me meter, ent\u00e3o pelo menos limpe a boca dela toda com uma gaze depois de cada mamada e fa\u00e7a o poss\u00edvel pra tirar pelo menos as\u00a0mamadas durante a madrugada\u201d.<\/p>\n<p>O recomendado \u00e9 que,\u00a0desde o primeiro dente, a higieniza\u00e7\u00e3o tenha in\u00edcio\u00a0&#8211; pelo menos duas vezes ao dia. Para isso, basta uma escova de cabe\u00e7a pequena, cerdas macias e preferencialmente do mesmo tamanho. Desde 2015, a Sociedade Brasileira de Pediatria (SBP) recomenda tamb\u00e9m o\u00a0uso de creme dental com fl\u00faor\u00a0a partir do primeiro dente, em quantidade equivalente a um gr\u00e3o de arroz. Segundo Sandra, se essa higieniza\u00e7\u00e3o for feita adequadamente, n\u00e3o \u00e9 necess\u00e1rio escovar os dentes ap\u00f3s as mamadas noturnas.<\/p>\n<div class=\"foto componente_materia midia-largura-620\"><img loading=\"lazy\" class=\"\" title=\"mamadeira_beb\u00ea (Foto: Shutterstock)\" src=\"https:\/\/s2.glbimg.com\/7hX_pFVQO5keM1DBDzTJ8-9RJ-8=\/620x453\/e.glbimg.com\/og\/ed\/f\/original\/2013\/07\/05\/mamadeira_bebe.jpg\" alt=\"mamadeira_beb\u00ea (Foto: Shutterstock)\" width=\"636\" height=\"465\" \/><label class=\"foto-legenda\">Beb\u00ea \u00e9 alimentado com mamadeira (Foto: Shutterstock)<\/label><\/div>\n<p>Quando\u00a0o beb\u00ea \u00e9 alimentado com mamadeira, a hist\u00f3ria \u00e9 outra. Segundo a dentista Beatriz Queiroz, de S\u00e3o Paulo (SP), o contato do leite com os dentes \u00e9 diferente e pode representar um risco maior. \u201cNo seio, o leite materno vai direto para o palato menor [<em>a parte de tr\u00e1s do c\u00e9u da boca<\/em>], tendo um contato m\u00ednimo com os dentes. J\u00e1 na mamadeira, este leite se espalha pela boca e, mesmo a lactose tendo um potencial cariog\u00eanico m\u00ednimo, pode ser melhor prevenir\u201d, afirma. No caso do uso de f\u00f3rmulas, o cuidado precisa ser redobrado, j\u00e1 que algumas delas s\u00e3o ado\u00e7adas.<\/p>\n<p>A Organiza\u00e7\u00e3o Mundial da Sa\u00fade (OMS) recomenda que\u00a0a amamenta\u00e7\u00e3o ocorra de forma exclusiva at\u00e9 os 6 meses de idade e complementada at\u00e9 pelo menos 2 anos ou mais. \u201c\u00c9 importante refor\u00e7ar o incentivo ao aleitamento materno, j\u00e1 prejudicado por in\u00fameros fatores, e esclarecer que ele n\u00e3o \u00e9 o vil\u00e3o quando falamos em c\u00e1ries.\u00a0O que causa c\u00e1rie \u00e9 o a\u00e7\u00facar, que, infelizmente, o brasileiro ainda consome muito, e a falta de higieniza\u00e7\u00e3o\u201d, destaca Sandra.<\/p>\n<\/div>\n<\/div>\n<\/div>\n","protected":false},"excerpt":{"rendered":"<p>Aline Amaral j\u00e1 estranhou quando os dois\u00a0primeiros dentes\u00a0de cima irromperam da gengiva do filho, Henrique,<\/p>\n","protected":false},"author":2,"featured_media":90555,"comment_status":"open","ping_status":"open","sticky":false,"template":"","format":"standard","meta":[],"categories":[],"tags":[],"uagb_featured_image_src":{"full":["https:\/\/espacoecologico.com.br\/arquivo\/wp-content\/uploads\/2018\/08\/amamanentacao.jpg",415,265,false],"thumbnail":["https:\/\/espacoecologico.com.br\/arquivo\/wp-content\/uploads\/2018\/08\/amamanentacao-150x150.jpg",150,150,true],"medium":["https:\/\/espacoecologico.com.br\/arquivo\/wp-content\/uploads\/2018\/08\/amamanentacao-300x192.jpg",300,192,true],"medium_large":["https:\/\/espacoecologico.com.br\/arquivo\/wp-content\/uploads\/2018\/08\/amamanentacao.jpg",415,265,false],"large":["https:\/\/espacoecologico.com.br\/arquivo\/wp-content\/uploads\/2018\/08\/amamanentacao.jpg",415,265,false],"1536x1536":["https:\/\/espacoecologico.com.br\/arquivo\/wp-content\/uploads\/2018\/08\/amamanentacao.jpg",415,265,false],"2048x2048":["https:\/\/espacoecologico.com.br\/arquivo\/wp-content\/uploads\/2018\/08\/amamanentacao.jpg",415,265,false],"cream-magazine-thumbnail-2":["https:\/\/espacoecologico.com.br\/arquivo\/wp-content\/uploads\/2018\/08\/amamanentacao.jpg",415,265,false],"cream-magazine-thumbnail-3":["https:\/\/espacoecologico.com.br\/arquivo\/wp-content\/uploads\/2018\/08\/amamanentacao.jpg",415,265,false],"cream-magazine-thumbnail-4":["https:\/\/espacoecologico.com.br\/arquivo\/wp-content\/uploads\/2018\/08\/amamanentacao.jpg",415,265,false]},"uagb_author_info":{"display_name":"","author_link":"https:\/\/espacoecologico.com.br\/arquivo\/author\/"},"uagb_comment_info":0,"uagb_excerpt":"Aline Amaral j\u00e1 estranhou quando os dois\u00a0primeiros dentes\u00a0de cima irromperam da gengiva do filho, Henrique,","_links":{"self":[{"href":"https:\/\/espacoecologico.com.br\/arquivo\/wp-json\/wp\/v2\/posts\/90554"}],"collection":[{"href":"https:\/\/espacoecologico.com.br\/arquivo\/wp-json\/wp\/v2\/posts"}],"about":[{"href":"https:\/\/espacoecologico.com.br\/arquivo\/wp-json\/wp\/v2\/types\/post"}],"author":[{"embeddable":true,"href":"https:\/\/espacoecologico.com.br\/arquivo\/wp-json\/wp\/v2\/users\/2"}],"replies":[{"embeddable":true,"href":"https:\/\/espacoecologico.com.br\/arquivo\/wp-json\/wp\/v2\/comments?post=90554"}],"version-history":[{"count":0,"href":"https:\/\/espacoecologico.com.br\/arquivo\/wp-json\/wp\/v2\/posts\/90554\/revisions"}],"wp:featuredmedia":[{"embeddable":true,"href":"https:\/\/espacoecologico.com.br\/arquivo\/wp-json\/wp\/v2\/media\/90555"}],"wp:attachment":[{"href":"https:\/\/espacoecologico.com.br\/arquivo\/wp-json\/wp\/v2\/media?parent=90554"}],"wp:term":[{"taxonomy":"category","embeddable":true,"href":"https:\/\/espacoecologico.com.br\/arquivo\/wp-json\/wp\/v2\/categories?post=90554"},{"taxonomy":"post_tag","embeddable":true,"href":"https:\/\/espacoecologico.com.br\/arquivo\/wp-json\/wp\/v2\/tags?post=90554"}],"curies":[{"name":"wp","href":"https:\/\/api.w.org\/{rel}","templated":true}]}}