{"id":90551,"date":"2018-08-20T09:33:51","date_gmt":"2018-08-20T12:33:51","guid":{"rendered":"https:\/\/espacoecologico.com.br\/arquivo\/?p=90551"},"modified":"2018-08-20T09:33:51","modified_gmt":"2018-08-20T12:33:51","slug":"deixar-as-criancas-com-os-avos-e-opcao-menos-estressante-para-pais-do-que-baba-ou-creche","status":"publish","type":"post","link":"https:\/\/espacoecologico.com.br\/arquivo\/deixar-as-criancas-com-os-avos-e-opcao-menos-estressante-para-pais-do-que-baba-ou-creche\/","title":{"rendered":"Deixar as crian\u00e7as com os av\u00f3s \u00e9 op\u00e7\u00e3o menos estressante para pais do que bab\u00e1 ou creche"},"content":{"rendered":"<p><a href=\"https:\/\/espacoecologico.com.br\/arquivo\/wp-content\/uploads\/2018\/08\/vovo.jpg\"><img loading=\"lazy\" class=\"alignleft size-medium wp-image-90552\" src=\"https:\/\/espacoecologico.com.br\/arquivo\/wp-content\/uploads\/2018\/08\/vovo-300x192.jpg\" alt=\"\" width=\"300\" height=\"192\" srcset=\"https:\/\/espacoecologico.com.br\/arquivo\/wp-content\/uploads\/2018\/08\/vovo-300x192.jpg 300w, https:\/\/espacoecologico.com.br\/arquivo\/wp-content\/uploads\/2018\/08\/vovo.jpg 415w\" sizes=\"(max-width: 300px) 100vw, 300px\" \/><\/a>Quando os pais deixam com frequ\u00eancia os filhos sob o cuidado de outras pessoas, isso pode aumentar, ao inv\u00e9s de diminuir, os n\u00edveis de estresse, de acordo com uma nova pesquisa da Universidade de Melbourne.<\/p>\n<div id=\"pub-in-text\" data-google-query-id=\"CIPTiZTR-9wCFQY9Twodx7UMTQ\">\n<div id=\"google_ads_iframe_\/85042905\/edcrescer\/Familia\/Rotina_6__container__\"><iframe id=\"google_ads_iframe_\/85042905\/edcrescer\/Familia\/Rotina_6\" title=\"3rd party ad content\" name=\"google_ads_iframe_\/85042905\/edcrescer\/Familia\/Rotina_6\" width=\"2\" height=\"2\" frameborder=\"0\" marginwidth=\"0\" marginheight=\"0\" scrolling=\"no\"><\/iframe><\/div>\n<\/div>\n<p>Segundo os cientistas, delegar o cuidado com as crian\u00e7as a uma creche ou bab\u00e1 demanda tempo para planejar a log\u00edstica, gera preocupa\u00e7\u00e3o em rela\u00e7\u00e3o a sa\u00fade e bem-estar e traz custos financeiros, o que acaba aumentando o estresse tanto do pai quanto da m\u00e3e.<\/p>\n<p>J\u00e1 quando as crian\u00e7as s\u00e3o deixadas com os av\u00f3s, os pais apresentam o menor n\u00edvel de estresse. Para os pesquisadores, dividir a parte pr\u00e1tica com os av\u00f3s \u00e9 mais confort\u00e1vel porque eles tamb\u00e9m compartilham a parte emocional e, no geral, transmitem mais seguran\u00e7a em rela\u00e7\u00e3o a maneira com que se relacionar\u00e3o com as crian\u00e7as.<\/p>\n<p>O estudo usou dados de um question\u00e1rio respondido por 6.886 pais e m\u00e3es sobre a rotina de trabalho, n\u00edveis de estresse e responsabilidade quanto aos cuidados das crian\u00e7as. Dentre eles, 40% afirmou deixar os filhos com os av\u00f3s enquanto 60% optam pelo cuidado formal, como bab\u00e1 ou creche, ou deixam as crian\u00e7as com outros parentes.<\/p>\n<p>Pesquisas anteriores mostram que deixar as crian\u00e7as com os av\u00f3s traz vantagens\u00a0para os pais, j\u00e1 que \u00e9 um modelo flex\u00edvel e muito mais barato do que o cuidado formal. Por outro lado,\u00a0estudos tamb\u00e9m j\u00e1 demonstraram que crian\u00e7as que frequentam a escola\u00a0e recebem um ensino infantil de qualidade tem, no geral, maior facilidade de aprendizado no futuro.<\/p>\n<p>De qualquer forma, os pesquisadores alertam que os pais devem pedir ajuda quando se sentem sobrecarregados. \u201cO estresse parental pode envolver sentir-se esmagado por responsabilidades, sentir-se preso e exausto, encontrar na paternidade ou maternidade mais trabalho do que prazer e ter dificuldades em se relacionar com o filho\u201d, dizem Brendan Churchill e Lyn Craig, autores do estudo. \u201cIsso pode afetar tamb\u00e9m as crian\u00e7as. Os filhos de pais com n\u00edveis mais elevados de estresse parental t\u00eam resultados de desenvolvimento mais fracos, s\u00e3o mais propensos a experimentar problemas comportamentais e ter rela\u00e7\u00f5es tensas com eles\u201d. Por isso, o mais importante \u00e9 procurar uma maneira de dividir essas demandas que funcione melhor para sua fam\u00edlia, seja ela qual for.<\/p>\n","protected":false},"excerpt":{"rendered":"<p>Quando os pais deixam com frequ\u00eancia os filhos sob o cuidado de outras pessoas, isso<\/p>\n","protected":false},"author":2,"featured_media":90552,"comment_status":"open","ping_status":"open","sticky":false,"template":"","format":"standard","meta":[],"categories":[],"tags":[],"uagb_featured_image_src":{"full":["https:\/\/espacoecologico.com.br\/arquivo\/wp-content\/uploads\/2018\/08\/vovo.jpg",415,265,false],"thumbnail":["https:\/\/espacoecologico.com.br\/arquivo\/wp-content\/uploads\/2018\/08\/vovo-150x150.jpg",150,150,true],"medium":["https:\/\/espacoecologico.com.br\/arquivo\/wp-content\/uploads\/2018\/08\/vovo-300x192.jpg",300,192,true],"medium_large":["https:\/\/espacoecologico.com.br\/arquivo\/wp-content\/uploads\/2018\/08\/vovo.jpg",415,265,false],"large":["https:\/\/espacoecologico.com.br\/arquivo\/wp-content\/uploads\/2018\/08\/vovo.jpg",415,265,false],"1536x1536":["https:\/\/espacoecologico.com.br\/arquivo\/wp-content\/uploads\/2018\/08\/vovo.jpg",415,265,false],"2048x2048":["https:\/\/espacoecologico.com.br\/arquivo\/wp-content\/uploads\/2018\/08\/vovo.jpg",415,265,false],"cream-magazine-thumbnail-2":["https:\/\/espacoecologico.com.br\/arquivo\/wp-content\/uploads\/2018\/08\/vovo.jpg",415,265,false],"cream-magazine-thumbnail-3":["https:\/\/espacoecologico.com.br\/arquivo\/wp-content\/uploads\/2018\/08\/vovo.jpg",415,265,false],"cream-magazine-thumbnail-4":["https:\/\/espacoecologico.com.br\/arquivo\/wp-content\/uploads\/2018\/08\/vovo.jpg",415,265,false]},"uagb_author_info":{"display_name":"","author_link":"https:\/\/espacoecologico.com.br\/arquivo\/author\/"},"uagb_comment_info":0,"uagb_excerpt":"Quando os pais deixam com frequ\u00eancia os filhos sob o cuidado de outras pessoas, isso","_links":{"self":[{"href":"https:\/\/espacoecologico.com.br\/arquivo\/wp-json\/wp\/v2\/posts\/90551"}],"collection":[{"href":"https:\/\/espacoecologico.com.br\/arquivo\/wp-json\/wp\/v2\/posts"}],"about":[{"href":"https:\/\/espacoecologico.com.br\/arquivo\/wp-json\/wp\/v2\/types\/post"}],"author":[{"embeddable":true,"href":"https:\/\/espacoecologico.com.br\/arquivo\/wp-json\/wp\/v2\/users\/2"}],"replies":[{"embeddable":true,"href":"https:\/\/espacoecologico.com.br\/arquivo\/wp-json\/wp\/v2\/comments?post=90551"}],"version-history":[{"count":0,"href":"https:\/\/espacoecologico.com.br\/arquivo\/wp-json\/wp\/v2\/posts\/90551\/revisions"}],"wp:featuredmedia":[{"embeddable":true,"href":"https:\/\/espacoecologico.com.br\/arquivo\/wp-json\/wp\/v2\/media\/90552"}],"wp:attachment":[{"href":"https:\/\/espacoecologico.com.br\/arquivo\/wp-json\/wp\/v2\/media?parent=90551"}],"wp:term":[{"taxonomy":"category","embeddable":true,"href":"https:\/\/espacoecologico.com.br\/arquivo\/wp-json\/wp\/v2\/categories?post=90551"},{"taxonomy":"post_tag","embeddable":true,"href":"https:\/\/espacoecologico.com.br\/arquivo\/wp-json\/wp\/v2\/tags?post=90551"}],"curies":[{"name":"wp","href":"https:\/\/api.w.org\/{rel}","templated":true}]}}