{"id":90535,"date":"2018-08-19T17:50:10","date_gmt":"2018-08-19T20:50:10","guid":{"rendered":"https:\/\/espacoecologico.com.br\/arquivo\/?p=90535"},"modified":"2018-08-19T17:50:10","modified_gmt":"2018-08-19T20:50:10","slug":"economia-em-casa-reduz-ate-25-dos-gastos-das-familias","status":"publish","type":"post","link":"https:\/\/espacoecologico.com.br\/arquivo\/economia-em-casa-reduz-ate-25-dos-gastos-das-familias\/","title":{"rendered":"Economia em casa reduz at\u00e9 25% dos gastos das fam\u00edlias"},"content":{"rendered":"<p><img loading=\"lazy\" class=\"\" src=\"https:\/\/emc.acidadeon.com\/dbimagens\/ana_lucia_790x505_07082018085932.jpg\" width=\"639\" height=\"412\" \/><\/p>\n<p><b><i>Esta reportagem tem a garantia de apura\u00e7\u00e3o ACidade ON.<br \/>\nDiga n\u00e3o \u00e0s fake news!<br \/>\n<\/i><\/b><br \/>\nA economia feita dentro de casa uso racional de energia el\u00e9trica e de \u00e1gua, alimenta\u00e7\u00e3o e transporte \u00e9 uma importante aliada na redu\u00e7\u00e3o dos gastos das fam\u00edlias no final do m\u00eas.<\/p>\n<p>A economista Maria Ang\u00e9lica Luqueze, professora de p\u00f3s-gradua\u00e7\u00e3o da FAAP, calcula que os pequenos valores economizados podem representar uma economia de 10% a 25%, conforme os gastos, o padr\u00e3o de vida e o tamanho da fam\u00edlia.<\/p>\n<p>&#8220;S\u00e3o pequenos valores que, somados ao longo do m\u00eas, representam uma diferen\u00e7a significativa, e o recurso que sobra pode ser utilizado para investimento ou para lazer, por exemplo&#8221;, pontuou.<br \/>\nO corte de gastos \u00e9 mais que bem-vindo, j\u00e1 que as tarifas dos servi\u00e7os essenciais n\u00e3o param de subir.<\/p>\n<p>A conta de luz \u00e9 um exemplo dessa alta e tem pesado cada vez mais no bolso do consumidor. Entre 2014 e 2017, a tarifa m\u00e9dia dos consumidores residenciais acumula alta m\u00e9dia de 31,5% no Pa\u00eds e a estimativa \u00e9 de que, ao final deste ano, o aumento acumulado chegue a 44%.<\/p>\n<p>O levantamento foi feito pela Abrace (Associa\u00e7\u00e3o Brasileira de Grandes Consumidores Industriais de Energia e de Consumidores Livres).<\/p>\n<p><b>Consumo \u00a0<\/b><\/p>\n<p>O gerente de Efici\u00eancia Energ\u00e9tica da CPFL Energia, Felipe Zaia, considera que a melhor estrat\u00e9gia para evitar o desperd\u00edcio dentro de casa e poss\u00edveis aumentos na fatura \u00e9 conhecer os aparelhos que causam maior impacto no consumo.<\/p>\n<p>Assim como o ar-condicionado no calor, o chuveiro el\u00e9trico \u00e9 o principal respons\u00e1vel pelos gastos no frio, tanto de energia quanto de \u00e1gua. Ao utiliz\u00e1-lo no modo inverno, o acr\u00e9scimo no consumo \u00e9 de at\u00e9 30% em rela\u00e7\u00e3o ao modo ver\u00e3o.<br \/>\nDe acordo com a CPFL, somente o chuveiro \u00e9 respons\u00e1vel por entre 25% e 35% dos gastos na conta de luz nos meses mais frios.<\/p>\n<p>&#8220;\u00c9 importante que os consumidores tamb\u00e9m coloquem em pr\u00e1tica h\u00e1bitos mais conscientes no consumo de energia para manter o conforto e bem-estar sem impactar a conta de luz&#8221;, declarou Zaia.<\/p>\n<p>A dona de casa Ana L\u00facia Marques, 56, d\u00e1 o exemplo quando o assunto \u00e9 economia de energia el\u00e9trica e de \u00e1gua em casa. Ela afirma que o uso consciente vai al\u00e9m da quest\u00e3o financeira.<br \/>\n&#8220;L\u00f3gico que a gente economiza, mas penso muito na preserva\u00e7\u00e3o do meio ambiente, nas futuras gera\u00e7\u00f5es&#8221;, destacou.<\/p>\n<p class=\"linha-inserir\"><b>Pr\u00e1tica vem de 30 anos atr\u00e1s<br \/>\n<\/b><br \/>\nAna L\u00facia Marques diz que come\u00e7ou a adotar medidas de economia dentro de casa h\u00e1 cerca de 30 anos. &#8220;Comecei apagando todas as l\u00e2mpadas dos ambientes onde eu n\u00e3o estava&#8221;, afirmou.<\/p>\n<p>Formada em letras no final de 2017, Ana esperava todos os alunos sa\u00edrem da sala de aula para, na sequ\u00eancia, apagar as l\u00e2mpadas e desligar o ar-condicionado. &#8220;At\u00e9 esperar chegar o respons\u00e1vel para desligar tudo, estaria gastando do meio ambiente.&#8221;<\/p>\n<p>Ao se banhar, Ana diz que sempre fecha a torneira do chuveiro enquanto est\u00e1 se ensaboando. Enquanto escova os dentes, faz o mesmo.<br \/>\nNa cozinha, a dona de casa ensaboa toda a lou\u00e7a com a torneira fechada e somente no final abre a torneira para lavar tudo.<\/p>\n<p>&#8220;Fico de olho no termostato da geladeira e diminuo a intensidade quando est\u00e1 mais frio. S\u00f3 abro a geladeira depois de saber tudo o que vou pegar.&#8221; Tamanha economia proporciona uma conta de luz bem enxuta no final do m\u00eas: em 20 de agosto, Ana L\u00facia ter\u00e1 de pagar R$ 51,54 \u00e0 CPFL referente aos gastos de julho.<\/p>\n<figure class=\"imagem-interna\"><img loading=\"lazy\" class=\"\" src=\"https:\/\/emc.acidadeon.com\/dbimagens\/ana_lucia_790x505_07082018090033.jpg\" width=\"638\" height=\"411\" \/><figcaption>Controle r\u00edgido: Dona de casa Ana L\u00facia Marques j\u00e1 se acostumou a desligar todas as l\u00e2mpadas e a economizar no uso dos aparelhos el\u00e9tricos da casa (foto: Weber Sian \/ A Cidade)<\/figcaption><\/figure>\n<p>&nbsp;<\/p>\n<p><b>Plano B \u00e9 fundamental\u00a0<\/b><\/p>\n<p>A economista Maria Ang\u00e9lica Luqueze considera que, aliado \u00e0s a\u00e7\u00f5es para economizar dentro de casa, ter um plano B \u00e9 fundamental hoje para complementar a renda. &#8220;A empregabilidade est\u00e1 muito dif\u00edcil&#8221;, pontuou.<\/p>\n<p>Um dos exemplos \u00e9 aproveitar o trajeto de ida e volta do trabalho para atuar como Uber. &#8220;Peguei Uber esses dias e o motorista fazia isso diariamente. Com a renda a mais ele conseguia pagar o combust\u00edvel do m\u00eas&#8221;, afirmou.<\/p>\n<p>O trabalhador pode tamb\u00e9m aproveitar um dote culin\u00e1rio para come\u00e7ar a vender comida, ou talvez usar o talento para fotografia para fazer cliques dos clientes.<br \/>\n&#8220;Essa segunda atividade tem que ser em um hor\u00e1rio que n\u00e3o dificulte a rotina da casa nem o desempenho no primeiro emprego&#8221;, orienta.<\/p>\n<p><b>Veja como economizar dentro de casa\u00a0<\/b><\/p>\n<p><b>\u00c1GUA\u00a0<\/b><\/p>\n<p>&#8211; Feche as torneiras: evite lavar lou\u00e7a, escovar os dentes e fazer a barba com a torneira aberta. Se for usar a m\u00e1quina de lavar lou\u00e7a, espere encher para fazer a lavagem;<br \/>\n&#8211; Verifique os vazamentos: torneira vazando \u00e1gua \u00e9 desperd\u00edcio. Conserte ou troque se estiver com esse problema;<br \/>\n&#8211; Efici\u00eancia: regule temporizadores de descarga e de torneiras. A economia supera 50%;<br \/>\n&#8211; Programa de lavagem: conhe\u00e7a os modos de lavagem da m\u00e1quina e escolha o mais adequado para cada tipo de roupa;<br \/>\n&#8211; Reaproveite: utilize a \u00e1gua onde voc\u00ea lavou as roupas para lavar o quintal, por exemplo;<br \/>\n&#8211; Carro: evite lavar o carro ou lave-o com um balde em vez de mangueira;<br \/>\n&#8211; Jardim: para regar as plantas utilize regador;<br \/>\n&#8211; Cal\u00e7ada: use a vassoura para varrer e balde para lavar.<\/p>\n<p><b>ENERGIA EL\u00c9TRICA\u00a0<\/b><\/p>\n<p>&#8211; Apague as luzes: ao sair de ambientes que n\u00e3o est\u00e3o sendo utilizados, n\u00e3o deixe as l\u00e2mpadas acesas;<br \/>\n&#8211; Ilumina\u00e7\u00e3o natural: aproveite a luz do dia, deixando as janelas da casa abertas. Utilize cores claras nas paredes, pois facilita que a ilumina\u00e7\u00e3o natural permane\u00e7a por mais tempo;<br \/>\n&#8211; Reduza o tempo no banho: o chuveiro \u00e9 um dos vil\u00f5es da conta de energia no modo inverno, o acr\u00e9scimo no consumo \u00e9 de cerca de 30% em rela\u00e7\u00e3o ao modo ver\u00e3o;<br \/>\n&#8211; Hor\u00e1rio do banho: programe banhos para os in\u00edcios ou finais de tarde, quando a temperatura ainda n\u00e3o caiu muito;<br \/>\n&#8211; Limpeza: mantenha limpos os orif\u00edcios da passagem de \u00e1gua do chuveiro;<br \/>\n&#8211; Duchas: modelos de duchas eletr\u00f4nicas, que permitem uma regulagem mais apurada da temperatura, determinam gastos menores com energia;<br \/>\n&#8211; Troque as l\u00e2mpadas: economia com uso das l\u00e2mpadas de LED chega a 60% em compara\u00e7\u00e3o \u00e0s incandescentes;<br \/>\n&#8211; Organize: acumule a quantidade de roupas equivalente \u00e0 capacidade m\u00e1xima da m\u00e1quina de lavar. E passe as roupas de uma s\u00f3 vez. Al\u00e9m disso, evite passar roupa quando diversos aparelhos el\u00e9tricos estiverem ligados ao mesmo tempo;<br \/>\n&#8211; Temporizador: utilize os temporizadores da televis\u00e3o e do ar-condicionado a favor da economia e evite dormir com esses aparelhos ligados;<br \/>\n&#8211; Manuten\u00e7\u00e3o: verifique a veda\u00e7\u00e3o do ar-condicionado, da geladeira e do forno el\u00e9trico, j\u00e1 que podem gastar muita energia com mau isolamento;<br \/>\n&#8211; Geladeira: s\u00f3 abra a porta quando necess\u00e1rio e evite deix\u00e1-la aberta por muito tempo;<br \/>\n&#8211; Compre eletrodom\u00e9sticos econ\u00f4micos: a classifica\u00e7\u00e3o A representa os mais eficientes no uso da energia el\u00e9trica;<\/p>\n<p><b>ALIMENTA\u00c7\u00c3O\u00a0<\/b><\/p>\n<p>&#8211; Saiba o consumo da fam\u00edlia: compre apenas a quantidade de comida necess\u00e1ria, j\u00e1 que o estoque pode levar ao desperd\u00edcio. Hoje h\u00e1 at\u00e9 aplicativos que sugerem receitas com os ingredientes que a pessoa tem em casa;<br \/>\n&#8211; Refei\u00e7\u00f5es em casa: comer fora pode gerar altos gastos;<br \/>\n&#8211; Consuma frutas e verduras da \u00e9poca: \u00e9 uma boa maneira de consumir pagando pouco e diversificar a alimenta\u00e7\u00e3o;<\/p>\n<p><b>RENDA EXTRA\u00a0<\/b><\/p>\n<p>&#8211; Hoje h\u00e1 v\u00e1rias formas de ter uma renda extra. Voc\u00ea pode montar o pr\u00f3prio neg\u00f3cio ou investir em algum hobby, como cozinhar;<br \/>\n&#8211; Economize a quantia obtida nesses trabalhos para construir as suas reservas financeiras. E tamb\u00e9m para realizar os sonhos da fam\u00edlia, como fazer uma viagem, por exemplo;<\/p>\n<p><b>TRANSPORTE\u00a0<\/b><\/p>\n<p>&#8211; Carro: pode gerar gastos enormes. Para isso, procure meios de locomo\u00e7\u00e3o alternativos, como a bicicleta e caminhada. S\u00e3o gratuitos e voc\u00ea ainda beneficia a sa\u00fade;<br \/>\n&#8211; Hor\u00e1rios: voc\u00ea tamb\u00e9m pode organizar os hor\u00e1rios para ir ao trabalho pelo mesmo trajeto da escola dos filhos. Assim, voc\u00ea j\u00e1 economiza tempo e dinheiro;<\/p>\n<p>(Fontes: CPFL Energia, Daerp, economista Maria Ang\u00e9lica Luqueze e A Cidade)<\/p>\n","protected":false},"excerpt":{"rendered":"<p>Esta reportagem tem a garantia de apura\u00e7\u00e3o ACidade ON. Diga n\u00e3o \u00e0s fake news! A<\/p>\n","protected":false},"author":2,"featured_media":0,"comment_status":"open","ping_status":"open","sticky":false,"template":"","format":"standard","meta":[],"categories":[],"tags":[],"uagb_featured_image_src":{"full":false,"thumbnail":false,"medium":false,"medium_large":false,"large":false,"1536x1536":false,"2048x2048":false,"cream-magazine-thumbnail-2":false,"cream-magazine-thumbnail-3":false,"cream-magazine-thumbnail-4":false},"uagb_author_info":{"display_name":"","author_link":"https:\/\/espacoecologico.com.br\/arquivo\/author\/"},"uagb_comment_info":0,"uagb_excerpt":"Esta reportagem tem a garantia de apura\u00e7\u00e3o ACidade ON. Diga n\u00e3o \u00e0s fake news! A","_links":{"self":[{"href":"https:\/\/espacoecologico.com.br\/arquivo\/wp-json\/wp\/v2\/posts\/90535"}],"collection":[{"href":"https:\/\/espacoecologico.com.br\/arquivo\/wp-json\/wp\/v2\/posts"}],"about":[{"href":"https:\/\/espacoecologico.com.br\/arquivo\/wp-json\/wp\/v2\/types\/post"}],"author":[{"embeddable":true,"href":"https:\/\/espacoecologico.com.br\/arquivo\/wp-json\/wp\/v2\/users\/2"}],"replies":[{"embeddable":true,"href":"https:\/\/espacoecologico.com.br\/arquivo\/wp-json\/wp\/v2\/comments?post=90535"}],"version-history":[{"count":0,"href":"https:\/\/espacoecologico.com.br\/arquivo\/wp-json\/wp\/v2\/posts\/90535\/revisions"}],"wp:attachment":[{"href":"https:\/\/espacoecologico.com.br\/arquivo\/wp-json\/wp\/v2\/media?parent=90535"}],"wp:term":[{"taxonomy":"category","embeddable":true,"href":"https:\/\/espacoecologico.com.br\/arquivo\/wp-json\/wp\/v2\/categories?post=90535"},{"taxonomy":"post_tag","embeddable":true,"href":"https:\/\/espacoecologico.com.br\/arquivo\/wp-json\/wp\/v2\/tags?post=90535"}],"curies":[{"name":"wp","href":"https:\/\/api.w.org\/{rel}","templated":true}]}}