{"id":90531,"date":"2018-08-19T17:41:09","date_gmt":"2018-08-19T20:41:09","guid":{"rendered":"https:\/\/espacoecologico.com.br\/arquivo\/?p=90531"},"modified":"2018-08-19T17:42:39","modified_gmt":"2018-08-19T20:42:39","slug":"aves-brasileiras-ganham-exposicoes-fotograficas-no-sesc-paraty","status":"publish","type":"post","link":"https:\/\/espacoecologico.com.br\/arquivo\/aves-brasileiras-ganham-exposicoes-fotograficas-no-sesc-paraty\/","title":{"rendered":"Aves Brasileiras Ganham Exposi\u00e7\u00f5es Fot\u00f3graficas No Sesc Paraty"},"content":{"rendered":"<div class=\"briefing\"><img loading=\"lazy\" class=\"\" src=\"https:\/\/curiosidadeanimalbrasil.files.wordpress.com\/2015\/05\/foto_03.jpg\" alt=\"Resultado de imagem para Aves da Mata Atl\u00c3\u00a2ntica\u00e2\u0080\u009d e \u00e2\u0080\u009cAsas do Pantanal\" width=\"638\" height=\"423\" \/><\/div>\n<div class=\"briefing\">A partir de 25 de agosto, o Sesc Paraty abrigar\u00e1 as exposi\u00e7\u00f5es fotogr\u00e1ficas \u201cAves da Mata Atl\u00e2ntica\u201d e \u201cAsas do Pantanal\u201d. Promovida pelo Sesc em parceria com a Associa\u00e7\u00e3o Cairu\u00e7u, criadora do Festival Aves de Paraty, as mostras apresentar\u00e3o cerca de 50 fotografias da colorida fauna das aves brasileiras. As imagens, que ficar\u00e3o expostas at\u00e9 16 de setembro, s\u00e3o fruto dos trabalhos e pesquisas dos fot\u00f3grafos Jo\u00e3o Quental, Haroldo Palo Jr., Luciana Tancredo e Ricardo Martins.<u><\/u><u><\/u>\u00a0<u><\/u><u><\/u>Al\u00e9m das Mostras, o evento contar\u00e1 com a palestra &#8220;Fotografando Aves da Mata Atl\u00e2ntica&#8221;, no dia 26 de agosto.\u00a0 Na ocasi\u00e3o, Jo\u00e3o Quental apresentar\u00e1 imagens das esp\u00e9cies que existem nesse bioma, mostrando suas peculiaridades e discutindo t\u00e9cnicas e formas de aproxima\u00e7\u00e3o que permitem o registro das esp\u00e9cies.<u><\/u><u><\/u><br \/>\n<u><\/u><u><\/u><b><br \/>\nServi\u00e7o:<u><\/u><u><\/u><\/b><b>Exposi\u00e7\u00f5es \u201cAves da Mata Atl\u00e2ntica e \u201cAsas do Pantanal\u201d<u><\/u><u><\/u><\/b>\u201cAves da Mata Atl\u00e2ntica\u201d, com fotografias de Jo\u00e3o Quental, e \u201cAsas do Pantanal\u201d, coletiva dos fot\u00f3grafos Haroldo Palo Jr., Luciana Tancredo e Ricardo Martins<u><\/u><u><\/u><u><\/u>\u00a0<u><\/u>De 25 de agosto a 16 de setembro<br \/>\n<u><\/u><u><\/u>Hor\u00e1rio: Das 10h \u00e0s 19h.<br \/>\nDe ter\u00e7a a sexta-feira, das 10h \u00e0s 19h, s\u00e1bados, domingos e feriados, das 14h \u00e0s 19h. Gratuito.<\/div>\n<div class=\"address well\">\n<h4>Endere\u00e7o:<\/h4>\n<p>Rua Dona Geralda &#8211; Centro Hist\u00f3rico &#8211; Paraty<br \/>\nCEP: 000000000 &#8211; Rio de Janeiro<\/p>\n<\/div>\n","protected":false},"excerpt":{"rendered":"<p>A partir de 25 de agosto, o Sesc Paraty abrigar\u00e1 as exposi\u00e7\u00f5es fotogr\u00e1ficas \u201cAves da<\/p>\n","protected":false},"author":2,"featured_media":0,"comment_status":"open","ping_status":"open","sticky":false,"template":"","format":"standard","meta":[],"categories":[],"tags":[],"uagb_featured_image_src":{"full":false,"thumbnail":false,"medium":false,"medium_large":false,"large":false,"1536x1536":false,"2048x2048":false,"cream-magazine-thumbnail-2":false,"cream-magazine-thumbnail-3":false,"cream-magazine-thumbnail-4":false},"uagb_author_info":{"display_name":"","author_link":"https:\/\/espacoecologico.com.br\/arquivo\/author\/"},"uagb_comment_info":0,"uagb_excerpt":"A partir de 25 de agosto, o Sesc Paraty abrigar\u00e1 as exposi\u00e7\u00f5es fotogr\u00e1ficas \u201cAves da","_links":{"self":[{"href":"https:\/\/espacoecologico.com.br\/arquivo\/wp-json\/wp\/v2\/posts\/90531"}],"collection":[{"href":"https:\/\/espacoecologico.com.br\/arquivo\/wp-json\/wp\/v2\/posts"}],"about":[{"href":"https:\/\/espacoecologico.com.br\/arquivo\/wp-json\/wp\/v2\/types\/post"}],"author":[{"embeddable":true,"href":"https:\/\/espacoecologico.com.br\/arquivo\/wp-json\/wp\/v2\/users\/2"}],"replies":[{"embeddable":true,"href":"https:\/\/espacoecologico.com.br\/arquivo\/wp-json\/wp\/v2\/comments?post=90531"}],"version-history":[{"count":0,"href":"https:\/\/espacoecologico.com.br\/arquivo\/wp-json\/wp\/v2\/posts\/90531\/revisions"}],"wp:attachment":[{"href":"https:\/\/espacoecologico.com.br\/arquivo\/wp-json\/wp\/v2\/media?parent=90531"}],"wp:term":[{"taxonomy":"category","embeddable":true,"href":"https:\/\/espacoecologico.com.br\/arquivo\/wp-json\/wp\/v2\/categories?post=90531"},{"taxonomy":"post_tag","embeddable":true,"href":"https:\/\/espacoecologico.com.br\/arquivo\/wp-json\/wp\/v2\/tags?post=90531"}],"curies":[{"name":"wp","href":"https:\/\/api.w.org\/{rel}","templated":true}]}}