{"id":90527,"date":"2018-08-19T17:32:16","date_gmt":"2018-08-19T20:32:16","guid":{"rendered":"https:\/\/espacoecologico.com.br\/arquivo\/?p=90527"},"modified":"2018-08-19T17:34:43","modified_gmt":"2018-08-19T20:34:43","slug":"as-ruinas-pre-historicas-que-vieram-a-tona-com-a-onda-de-calor-no-reino-unido","status":"publish","type":"post","link":"https:\/\/espacoecologico.com.br\/arquivo\/as-ruinas-pre-historicas-que-vieram-a-tona-com-a-onda-de-calor-no-reino-unido\/","title":{"rendered":"As ru\u00ednas pr\u00e9-hist\u00f3ricas que vieram \u00e0 tona com a onda de calor no Reino Unido"},"content":{"rendered":"<p><img loading=\"lazy\" class=\"\" src=\"https:\/\/ichef.bbci.co.uk\/news\/976\/cpsprodpb\/170B3\/production\/_102978349_336eed1c-9652-4869-a304-1f2426a8d150.jpg\" alt=\"Vista aerea Eynsham field\" width=\"640\" height=\"427\" \/><\/p>\n<p>Imagens a\u00e9reas mostraram pela primeira vez monumentos cerimoniais do Per\u00edodo Neol\u00edtico, assentamentos da Idade do Ferro, mamoas (pequenos montes artificiais que recobrem monumentos f\u00fanebres) e uma fazenda do per\u00edodo do Imp\u00e9rio Romano. Eles apareceram como marcas no terreno em diversas regi\u00f5es \u2013 por meio de diferen\u00e7as de cor ou na altura da vegeta\u00e7\u00e3o.<\/p>\n<p>A Historic England, institui\u00e7\u00e3o encarregada da preserva\u00e7\u00e3o do patrim\u00f4nio hist\u00f3rico do pa\u00eds, disse que o clima tornou as condi\u00e7\u00f5es \u201cideais\u201d para ver as marcas por causa da secura do solo.<\/p>\n<p>Entre as descobertas est\u00e3o dois monumentos do Per\u00edodo Neol\u00edtico encontrados perto do munic\u00edpio de Milton Keynes, a cerca de 70 km de Londres.<\/p>\n<p>Acredita-se que os longos ret\u00e2ngulos perto de Clifton Reynes, na mesma \u00e1rea, sejam caminhos ou trajetos de prociss\u00e3o que datam de 3600 a.C. a 3000 a.C., o que faz deles dos mais antigos do pa\u00eds.<\/p>\n<div class=\"wp-caption alignnone\" style=\"width: 649px;\">\n<p><img loading=\"lazy\" class=\"\" src=\"https:\/\/ichef.bbci.co.uk\/news\/660\/cpsprodpb\/5A74\/production\/_102965132_mediaitem102965131.jpg\" alt=\"Ret\u00c3\u00a2ngulos perto de Milton Keynes\" width=\"639\" height=\"359\" \/><\/p>\n<p class=\"wp-caption-text\">Ret\u00e2ngulos perto de Milton Keynes<\/p>\n<\/div>\n<p>V\u00e1rias marcas de um campo cerimonial perto de Eynsham, a alguns quil\u00f4metros de Oxford, s\u00e3o de 4000 a.C. a 700 a.C.<\/p>\n<p>Monumentos aos mortos, um assentamento e um c\u00edrculo de covas podem ser vistos em marcas na planta\u00e7\u00e3o, numa \u00e1rea que j\u00e1 era protegida.<\/p>\n<div class=\"wp-caption alignnone\" style=\"width: 649px;\">\n<p><img loading=\"lazy\" class=\"\" src=\"https:\/\/ichef.bbci.co.uk\/news\/660\/cpsprodpb\/150B\/production\/_102978350_ac9970f6-d5da-44b6-b3f1-786e803a8768.jpg\" alt=\"C\u00c3\u00adrculo da Idade do Ferro\" width=\"639\" height=\"426\" \/><\/p>\n<p class=\"wp-caption-text\">Assentamento da Idade do Ferro foi descoberto em St. Ive, na Cornualha<\/p>\n<\/div>\n<div class=\"wp-caption alignnone\" style=\"width: 649px;\">\n<p><img loading=\"lazy\" class=\"\" src=\"https:\/\/ichef.bbci.co.uk\/news\/660\/cpsprodpb\/3C1B\/production\/_102978351_15448fc9-8049-4da3-847a-0ef99c1891aa.jpg\" alt=\"Fazenda romana em Bicton\" width=\"639\" height=\"426\" \/><\/p>\n<p class=\"wp-caption-text\">Assentamento do per\u00edodo romano pode ser visto em Bicton, Devon<\/p>\n<\/div>\n<p>Entre outras descobertas est\u00e3o marcas de um assentamento em c\u00edrculo na cidade litor\u00e2nea St. Ive, na Cornualha; um assentamento pr\u00e9-hist\u00f3rico com trincheiras conc\u00eantricas em Lansallos, tamb\u00e9m no sudoeste do pa\u00eds.<\/p>\n<p>Uma mamoa quadrada da Idade do Ferro e carrinho de m\u00e3o em Pocklington, Yorkshire; uma mamoa da Idade do Bronze, uma s\u00e9rie de valas que podem indicar uma fronteira em Scropton, Derbyshire; um assentamento ou cemit\u00e9rio em Stoke-by-Clare, Suffolk; uma fazenda romana num gramado em Bicton, Devon; fazendas pr\u00e9-hist\u00f3ricas em Stogumber, Somerset; uma \u00e1rea cercada antiga em Churchstanton, tamb\u00e9m em Somerset, no sudoeste da Inglaterra; e as bases soterradas de Tixall Hall, pal\u00e1cio medieval em Staffordshire.<\/p>\n<div class=\"wp-caption alignnone\" style=\"width: 648px;\">\n<p><img loading=\"lazy\" class=\"\" src=\"https:\/\/ichef.bbci.co.uk\/news\/660\/cpsprodpb\/632B\/production\/_102978352_c3d4e61a-0946-471a-b0c1-ec55b7101a6b.jpg\" alt=\"O assentamento pr\u00c3\u00a9-hist\u00c3\u00b3rico em Lansallos\u00c3\u00a9\" width=\"638\" height=\"425\" \/><\/p>\n<p class=\"wp-caption-text\">O assentamento pr\u00e9-hist\u00f3rico em Lansallos\u00e9 outra descoberta na Cornualha<\/p>\n<\/div>\n<div class=\"wp-caption alignnone\" style=\"width: 648px;\">\n<p><img loading=\"lazy\" class=\"\" src=\"https:\/\/ichef.bbci.co.uk\/news\/660\/cpsprodpb\/8A3B\/production\/_102978353_aca2e501-bd76-4f6d-a137-2d3af8e5106d.jpg\" alt=\"Uma \u00c3\u00a1rea cercada antiga em Churchstanton, tamb\u00c3\u00a9m em Somerset\" width=\"638\" height=\"425\" \/><\/p>\n<p class=\"wp-caption-text\">Uma \u00e1rea cercada antiga em Churchstanton, tamb\u00e9m em Somerset<\/p>\n<\/div>\n<p>Em cada caso as marcas s\u00e3o vistas como diferen\u00e7as de cor ou na altura da planta\u00e7\u00e3o ou da grama.<\/p>\n<p>Duncan Wilson, presidente do Historic England, disse: \u201cA descoberta de fazendas antigas, assentamentos e monumentos do Per\u00edodo Neol\u00edtico \u00e9 muito empolgante. O tempo abriu diversas \u00e1reas de uma s\u00f3 vez, e n\u00e3o um ou outro campo. Tem sido fascinante ver tantos tra\u00e7os do nosso passado sendo revelados graficamente.\u201d<\/p>\n<div class=\"google-auto-placed ap_container\"><\/div>\n<p>A Historic England usa fotografia a\u00e9rea de marcas em planta\u00e7\u00f5es para produzir mapas arqueol\u00f3gicos para ajudar a determinar a import\u00e2ncia de ru\u00ednas soterradas.<\/p>\n<p>Isso pode ajudar na hora de tomar decis\u00f5es futuras sobre onde se pode construir e plantar.<\/p>\n<div class=\"wp-caption alignnone\" style=\"width: 649px;\">\n<p><img loading=\"lazy\" class=\"\" src=\"https:\/\/ichef.bbci.co.uk\/news\/660\/cpsprodpb\/E458\/production\/_102965485_mediaitem102965484.jpg\" alt=\"Escultura em Scropton, Derbyshire\" width=\"639\" height=\"359\" \/><\/p>\n<p class=\"wp-caption-text\">Uma escultura complexa da Idade do Bronze foi revelada em Scropton, Derbyshire<\/p>\n<\/div>\n<div class=\"wp-caption alignnone\" style=\"width: 649px;\">\n<p><img loading=\"lazy\" class=\"\" src=\"https:\/\/ichef.bbci.co.uk\/news\/660\/cpsprodpb\/117E8\/production\/_102965617_mediaitem102965616.jpg\" alt=\"Linhas na grama no entorno de Tixall Hall, constru\u00c3\u00addo em 1555\" width=\"639\" height=\"359\" \/><\/p>\n<p class=\"wp-caption-text\">As bases soterradas de Tixall Hall, constru\u00eddo em 1555, tamb\u00e9m emergiram<\/p>\n<\/div>\n<div>\n<p>Helen Winton, investigadora a\u00e9rea e gerente de mapeamento, disse: \u201cEsse \u00e9 o primeiro ano excepcional em muito tempo. \u00c9 muito empolgante ter calor por tantos dias. A \u00faltima vez que tivemos algo assim foi em 2011, quando descobrimos 1,5 mil s\u00edtios.\u201d<\/p>\n<\/div>\n","protected":false},"excerpt":{"rendered":"<p>Imagens a\u00e9reas mostraram pela primeira vez monumentos cerimoniais do Per\u00edodo Neol\u00edtico, assentamentos da Idade do<\/p>\n","protected":false},"author":2,"featured_media":0,"comment_status":"open","ping_status":"open","sticky":false,"template":"","format":"standard","meta":[],"categories":[],"tags":[],"uagb_featured_image_src":{"full":false,"thumbnail":false,"medium":false,"medium_large":false,"large":false,"1536x1536":false,"2048x2048":false,"cream-magazine-thumbnail-2":false,"cream-magazine-thumbnail-3":false,"cream-magazine-thumbnail-4":false},"uagb_author_info":{"display_name":"","author_link":"https:\/\/espacoecologico.com.br\/arquivo\/author\/"},"uagb_comment_info":0,"uagb_excerpt":"Imagens a\u00e9reas mostraram pela primeira vez monumentos cerimoniais do Per\u00edodo Neol\u00edtico, assentamentos da Idade do","_links":{"self":[{"href":"https:\/\/espacoecologico.com.br\/arquivo\/wp-json\/wp\/v2\/posts\/90527"}],"collection":[{"href":"https:\/\/espacoecologico.com.br\/arquivo\/wp-json\/wp\/v2\/posts"}],"about":[{"href":"https:\/\/espacoecologico.com.br\/arquivo\/wp-json\/wp\/v2\/types\/post"}],"author":[{"embeddable":true,"href":"https:\/\/espacoecologico.com.br\/arquivo\/wp-json\/wp\/v2\/users\/2"}],"replies":[{"embeddable":true,"href":"https:\/\/espacoecologico.com.br\/arquivo\/wp-json\/wp\/v2\/comments?post=90527"}],"version-history":[{"count":0,"href":"https:\/\/espacoecologico.com.br\/arquivo\/wp-json\/wp\/v2\/posts\/90527\/revisions"}],"wp:attachment":[{"href":"https:\/\/espacoecologico.com.br\/arquivo\/wp-json\/wp\/v2\/media?parent=90527"}],"wp:term":[{"taxonomy":"category","embeddable":true,"href":"https:\/\/espacoecologico.com.br\/arquivo\/wp-json\/wp\/v2\/categories?post=90527"},{"taxonomy":"post_tag","embeddable":true,"href":"https:\/\/espacoecologico.com.br\/arquivo\/wp-json\/wp\/v2\/tags?post=90527"}],"curies":[{"name":"wp","href":"https:\/\/api.w.org\/{rel}","templated":true}]}}