{"id":90515,"date":"2018-08-19T13:52:54","date_gmt":"2018-08-19T16:52:54","guid":{"rendered":"https:\/\/espacoecologico.com.br\/arquivo\/?p=90515"},"modified":"2018-08-19T13:54:55","modified_gmt":"2018-08-19T16:54:55","slug":"programa-brasileiro-na-antartica-pode-acabar-por-falta-de-verba-diz-lider-de-expedicoes","status":"publish","type":"post","link":"https:\/\/espacoecologico.com.br\/arquivo\/programa-brasileiro-na-antartica-pode-acabar-por-falta-de-verba-diz-lider-de-expedicoes\/","title":{"rendered":"&#8216;Programa brasileiro na Ant\u00e1rtica pode acabar por falta de verba&#8217;, diz l\u00edder de expedi\u00e7\u00f5es"},"content":{"rendered":"<div class=\"mc-column content-text active-extra-styles active-capital-letter\" data-block-type=\"unstyled\" data-block-weight=\"38\" data-block-id=\"2\">\n<p class=\"content-text__container theme-color-primary-first-letter\" data-track-category=\"Link no Texto\" data-track-links=\"\"><a href=\"https:\/\/espacoecologico.com.br\/arquivo\/wp-content\/uploads\/2018\/08\/falta_verba.jpg\"><img loading=\"lazy\" class=\"alignleft size-medium wp-image-90516\" src=\"https:\/\/espacoecologico.com.br\/arquivo\/wp-content\/uploads\/2018\/08\/falta_verba-300x192.jpg\" alt=\"\" width=\"300\" height=\"192\" srcset=\"https:\/\/espacoecologico.com.br\/arquivo\/wp-content\/uploads\/2018\/08\/falta_verba-300x192.jpg 300w, https:\/\/espacoecologico.com.br\/arquivo\/wp-content\/uploads\/2018\/08\/falta_verba.jpg 415w\" sizes=\"(max-width: 300px) 100vw, 300px\" \/><\/a>Com 70% de toda a \u00e1gua doce do planeta, a Ant\u00e1rtica \u00e9 o laborat\u00f3rio a c\u00e9u aberto de um grupo de pesquisadores brasileiros que se aventuram, uma vez ao ano, a viver e fazer ci\u00eancia em condi\u00e7\u00f5es extremas.<\/p>\n<\/div>\n<div class=\"wall\">\n<div class=\"mc-column content-text active-extra-styles \" data-block-type=\"unstyled\" data-block-weight=\"51\" data-block-id=\"3\">\n<p class=\"content-text__container \" data-track-category=\"Link no Texto\" data-track-links=\"\">Foi nesse continente gelado que o pesquisador brasileiro Jefferson Sim\u00f5es, de 60 anos, se aventurou pela primeira vez em 1991. Treze anos depois, em 2004, o glaci\u00f3logo (especialista em gelo) se tornou o primeiro brasileiro a fazer a travessia terrestre da costa ant\u00e1rtica ao Polo Sul (<strong>veja detalhes na entrevista abaixo<\/strong>).<\/p>\n<\/div>\n<div class=\"mc-column content-text active-extra-styles \" data-block-type=\"unstyled\" data-block-weight=\"28\" data-block-id=\"4\">\n<p class=\"content-text__container \" data-track-category=\"Link no Texto\" data-track-links=\"\">Em 60 dias, foram 2,2 mil quil\u00f4metros percorridos sobre a neve em um trator a 15 km\/h. A dist\u00e2ncia \u00e9 a mesma entre Bras\u00edlia e Fortaleza, no Cear\u00e1.<\/p>\n<\/div>\n<div class=\"mc-column content-media content-media--normal content-photo\" data-block-type=\"backstage-photo\" data-block-id=\"6\">\n<div class=\"content-media__container\">\n<div class=\"content-media__image-centered\">\n<div class=\"progressive-img can-open-lightbox\" data-min-size=\"1008x669\" data-min-size-url=\"https:\/\/s2.glbimg.com\/ZkEPzBMwCOK70AN60VSBAmrckSU=\/0x0:4672x3104\/1008x0\/smart\/filters:strip_icc()\/i.s3.glbimg.com\/v1\/AUTH_59edd422c0c84a879bd37670ae4f538a\/internal_photos\/bs\/2018\/G\/X\/LCzBA2QBAgfs8WruRZkg\/jefferson.jpg\" data-max-size=\"1600x1063\" data-max-size-url=\"https:\/\/s2.glbimg.com\/NvwxllpaBPHcpZ4NcbxYIOSCAN0=\/0x0:4672x3104\/1600x0\/smart\/filters:strip_icc()\/i.s3.glbimg.com\/v1\/AUTH_59edd422c0c84a879bd37670ae4f538a\/internal_photos\/bs\/2018\/G\/X\/LCzBA2QBAgfs8WruRZkg\/jefferson.jpg\" data-media-index=\"1\">\n<div class=\"placeholder-container\"><\/div>\n<picture><img loading=\"lazy\" class=\"image content-media__image progressive-loaded\" title=\"Jefferson Sim\u00f5es em frente ao m\u00f3dulo Criosfera 1; esta\u00e7\u00e3o \u00e9 a 1\u00aa unidade cient\u00edfica brasileira no interior da Ant\u00e1rtica (Foto: Arquivo Pessoal)\" src=\"https:\/\/s2.glbimg.com\/qudiXoLdOC88nMDQJEYCJlyaXLk=\/0x0:4672x3104\/984x0\/smart\/filters:strip_icc()\/i.s3.glbimg.com\/v1\/AUTH_59edd422c0c84a879bd37670ae4f538a\/internal_photos\/bs\/2018\/G\/X\/LCzBA2QBAgfs8WruRZkg\/jefferson.jpg\" alt=\"Jefferson Sim\u00f5es em frente ao m\u00f3dulo Criosfera 1; esta\u00e7\u00e3o \u00e9 a 1\u00aa unidade cient\u00edfica brasileira no interior da Ant\u00e1rtica (Foto: Arquivo Pessoal)\" width=\"638\" height=\"424\" data-src=\"https:\/\/s2.glbimg.com\/qudiXoLdOC88nMDQJEYCJlyaXLk=\/0x0:4672x3104\/984x0\/smart\/filters:strip_icc()\/i.s3.glbimg.com\/v1\/AUTH_59edd422c0c84a879bd37670ae4f538a\/internal_photos\/bs\/2018\/G\/X\/LCzBA2QBAgfs8WruRZkg\/jefferson.jpg\" \/><\/picture>\n<\/div>\n<\/div>\n<div class=\"content-media__description-centered \">\n<p class=\"content-media__description\"><i class=\"content-media__description__icon theme-color-primary\"><\/i><span class=\"content-media__description__caption\">Jefferson Sim\u00f5es em frente ao m\u00f3dulo Criosfera 1; esta\u00e7\u00e3o \u00e9 a 1\u00aa unidade cient\u00edfica brasileira no interior da Ant\u00e1rtica (Foto: Arquivo Pessoal)<\/span><\/p>\n<\/div>\n<\/div>\n<\/div>\n<div class=\"mc-column content-text active-extra-styles \" data-block-type=\"unstyled\" data-block-weight=\"40\" data-block-id=\"7\">\n<p class=\"content-text__container \" data-track-category=\"Link no Texto\" data-track-links=\"\">Desde ent\u00e3o, foram 22 expedi\u00e7\u00f5es \u00e0 Ant\u00e1rtica \u2013 cerca de tr\u00eas anos vividos em um cen\u00e1rio descrito pelo pr\u00f3prio Sim\u00f5es como &#8220;um deserto de gelo e neve&#8221;. O objetivo, conta, \u00e9 coletar materiais conservados h\u00e1 mil\u00eanios nas geleiras do local.<\/p>\n<\/div>\n<div class=\"mc-column content-text active-extra-styles \" data-block-type=\"unstyled\" data-block-weight=\"48\" data-block-id=\"8\">\n<p class=\"content-text__container \" data-track-category=\"Link no Texto\" data-track-links=\"\">Ao\u00a0<strong>G1<\/strong>, Sim\u00f5es afirmou, no entanto, que o Programa Ant\u00e1rtico Brasileiro (ProAntar) \u2013 que desenvolve este tipo de pesquisa \u2013 est\u00e1 &#8220;sob risco de colapso&#8221;. O cientista diz que as pesquisas s\u00f3 ter\u00e3o recursos para se manter pelos pr\u00f3ximos tr\u00eas meses. O \u00faltimo edital lan\u00e7ado foi em 2013.<\/p>\n<\/div>\n<div class=\"mc-column content-text active-extra-styles\" data-block-type=\"raw\" data-block-weight=\"17\" data-block-id=\"10\">\n<blockquote class=\"content-blockquote theme-border-color-primary-before\"><p>&#8220;Se n\u00e3o sair o edital, o Programa Ant\u00e1rtico Brasileiro pode parar agora. S\u00f3 temos dinheiro at\u00e9 novembro.&#8221;<\/p><\/blockquote>\n<\/div>\n<div class=\"mc-column content-text active-extra-styles \" data-block-type=\"unstyled\" data-block-weight=\"32\" data-block-id=\"11\">\n<p class=\"content-text__container \" data-track-category=\"Link no Texto\" data-track-links=\"\">Em nota o Minist\u00e9rio da Ci\u00eancia e Tecnologia (MCTIC) afirmou que o pr\u00f3ximo edital do programa ant\u00e1rtico est\u00e1 previsto &#8220;ainda para este ano&#8221;. O\u00a0<strong>G1\u00a0<\/strong>questionou, mas a pasta n\u00e3o informou datas.<\/p>\n<\/div>\n<div class=\"mc-column content-text active-extra-styles \" data-block-type=\"unstyled\" data-block-weight=\"28\" data-block-id=\"12\">\n<p class=\"content-text__container \" data-track-category=\"Link no Texto\" data-track-links=\"\">O total de investimentos para 2019 ser\u00e1 de R$ 18 milh\u00f5es. No ano passado, foram disponibilizados de R$ 2,1 milh\u00f5es para o programa de pesquisa. Confira no gr\u00e1fico:<\/p>\n<\/div>\n<div class=\"show-chart mc-column content-media content-media--normal\" data-block-type=\"backstage-chart\" data-block-id=\"13\">\n<div class=\"show-chart__title\">Investimentos federais em pesquisa cient\u00edfica na Ant\u00e1rtica (em milh\u00f5es)<\/div>\n<div class=\"show-chart__subtitle\">Dados s\u00e3o referentes aos \u00faltimos 10 anos<\/div>\n<div id=\"show-chart__cl7oj\" data-highcharts-chart=\"0\">\n<div id=\"highcharts-l7sb905-0\" class=\"highcharts-container \">R$ (milh\u00e3o)71,9671,96363611224,884,8815,415,48,328,327,077,074,834,832,132,132008200920102011201220132014201520162017020406080<\/div>\n<\/div>\n<div class=\"show-chart__credits\">Fonte: MCTIC<\/div>\n<\/div>\n<div class=\"mc-column content-text active-extra-styles\" data-block-type=\"raw\" data-block-weight=\"4\" data-block-id=\"14\">\n<div class=\"content-intertitle\">\n<h2>Futuro do continente gelado<\/h2>\n<\/div>\n<\/div>\n<div class=\"mc-column content-text active-extra-styles \" data-block-type=\"unstyled\" data-block-weight=\"38\" data-block-id=\"15\">\n<p class=\"content-text__container \" data-track-category=\"Link no Texto\" data-track-links=\"\">Na tentativa de preservar as incalcul\u00e1veis reservas minerais e energ\u00e9ticas concentradas no continente, cerca de 30 pa\u00edses assinaram, em 1959, o Tratado da Ant\u00e1rtida. O acordo pro\u00edbe a explora\u00e7\u00e3o natural do continente e o uso para fins militares.<\/p>\n<\/div>\n<div class=\"mc-column content-text active-extra-styles \" data-block-type=\"unstyled\" data-block-weight=\"47\" data-block-id=\"16\">\n<p class=\"content-text__container \" data-track-category=\"Link no Texto\" data-track-links=\"\">No entanto, o prazo dessa morat\u00f3ria termina em 2048. Para discutir o futuro da presen\u00e7a brasileira no local,\u00a0<a href=\"https:\/\/g1.globo.com\/df\/distrito-federal\/o-que-fazer-no-distrito-federal\/noticia\/2018\/08\/13\/seminario-em-brasilia-mostra-pioneirismo-do-brasil-na-exploracao-da-antartica.ghtml\">cientistas brasileiros e representantes do governo federal se reuniram nesta semana em Bras\u00edlia<\/a>\u00a0para um encontro sobre o tema. O semin\u00e1rio foi aberto ao p\u00fablico, no Pal\u00e1cio do Planalto.<\/p>\n<\/div>\n<div class=\"mc-column content-text active-extra-styles \" data-block-type=\"unstyled\" data-block-weight=\"29\" data-block-id=\"17\">\n<p class=\"content-text__container \" data-track-category=\"Link no Texto\" data-track-links=\"\">Na ocasi\u00e3o, o cientista Jefferson Sim\u00f5es falou com a reportagem sobre as &#8220;dificuldades em fazer ci\u00eancia no Brasil&#8221;, entre outros temas. Veja os detalhes do bate-papo com o\u00a0<strong>G1<\/strong>:<\/p>\n<\/div>\n<div class=\"mc-column content-text active-extra-styles\" data-block-type=\"raw\" data-block-weight=\"34\" data-block-id=\"18\">\n<ul class=\"content-unordered-list\">\n<li>Pioneirismo brasileiro na Ant\u00e1rtica<\/li>\n<li>Curiosidades do dia a dia a &#8211; 54 \u00baC<\/li>\n<li>O &#8220;esquecimento&#8221; do aquecimento global<\/li>\n<li>Corte de investimentos na ci\u00eancia<\/li>\n<li>Como as mudan\u00e7as clim\u00e1ticas na Ant\u00e1rtica afetam a vida no Brasil<\/li>\n<\/ul>\n<\/div>\n<div class=\"mc-column content-media content-media--normal content-photo\" data-block-type=\"backstage-photo\" data-block-id=\"20\">\n<div class=\"content-media__container\">\n<div class=\"content-media__image-centered\">\n<div class=\"progressive-img can-open-lightbox\" data-min-size=\"1008x674\" data-min-size-url=\"https:\/\/s2.glbimg.com\/f4LVkVFFwqtDNRtf0nZiBTFMSuk=\/0x0:3872x2592\/1008x0\/smart\/filters:strip_icc()\/i.s3.glbimg.com\/v1\/AUTH_59edd422c0c84a879bd37670ae4f538a\/internal_photos\/bs\/2018\/F\/q\/airBzLRZySQhtBw6W63A\/equipe.jpg\" data-max-size=\"1600x1071\" data-max-size-url=\"https:\/\/s2.glbimg.com\/QY_BuWVs6bhCNxx6_nXl3IhhVzI=\/0x0:3872x2592\/1600x0\/smart\/filters:strip_icc()\/i.s3.glbimg.com\/v1\/AUTH_59edd422c0c84a879bd37670ae4f538a\/internal_photos\/bs\/2018\/F\/q\/airBzLRZySQhtBw6W63A\/equipe.jpg\" data-media-index=\"2\">\n<div class=\"placeholder-container\"><\/div>\n<picture><img loading=\"lazy\" class=\"image content-media__image progressive-loaded\" title=\"Equipe brasileira na Ant\u00e1rtica; Jefferson Sim\u00f5es ao centro (Foto: Arquivo Pessoal)\" src=\"https:\/\/s2.glbimg.com\/AM_zYJ3BOrS15W7AaER6Gbb4Zqw=\/0x0:3872x2592\/984x0\/smart\/filters:strip_icc()\/i.s3.glbimg.com\/v1\/AUTH_59edd422c0c84a879bd37670ae4f538a\/internal_photos\/bs\/2018\/F\/q\/airBzLRZySQhtBw6W63A\/equipe.jpg\" alt=\"Equipe brasileira na Ant\u00e1rtica; Jefferson Sim\u00f5es ao centro (Foto: Arquivo Pessoal)\" width=\"640\" height=\"429\" data-src=\"https:\/\/s2.glbimg.com\/AM_zYJ3BOrS15W7AaER6Gbb4Zqw=\/0x0:3872x2592\/984x0\/smart\/filters:strip_icc()\/i.s3.glbimg.com\/v1\/AUTH_59edd422c0c84a879bd37670ae4f538a\/internal_photos\/bs\/2018\/F\/q\/airBzLRZySQhtBw6W63A\/equipe.jpg\" \/><\/picture>\n<\/div>\n<\/div>\n<div class=\"content-media__description-centered \">\n<p class=\"content-media__description\"><i class=\"content-media__description__icon theme-color-primary\"><\/i><span class=\"content-media__description__caption\">Equipe brasileira na Ant\u00e1rtica; Jefferson Sim\u00f5es ao centro (Foto: Arquivo Pessoal)<\/span><\/p>\n<\/div>\n<\/div>\n<\/div>\n<div class=\"mc-column content-text active-extra-styles\" data-block-type=\"raw\" data-block-weight=\"4\" data-block-id=\"21\">\n<div class=\"content-intertitle\">\n<h2>Leia a entrevista completa:<\/h2>\n<\/div>\n<\/div>\n<div class=\"mc-column content-text active-extra-styles \" data-block-type=\"unstyled\" data-block-weight=\"30\" data-block-id=\"22\">\n<p class=\"content-text__container \" data-track-category=\"Link no Texto\" data-track-links=\"\"><strong>G1: O senhor foi o primeiro brasileiro a chegar \u00e0 Ant\u00e1rtica por via terrestre, em uma expedi\u00e7\u00e3o cient\u00edfica em 1984. Quais as sensa\u00e7\u00f5es de viver por meses no continente gelado?<\/strong><\/p>\n<\/div>\n<div class=\"mc-column content-text active-extra-styles \" data-block-type=\"unstyled\" data-block-weight=\"39\" data-block-id=\"23\">\n<p class=\"content-text__container \" data-track-category=\"Link no Texto\" data-track-links=\"\"><strong>Jefferson Sim\u00f5es (ProAntar):<\/strong>\u00a0Enfrentar o manto de gelo ant\u00e1rtico \u00e9 algo espetacular. \u00c9 estar em um grande deserto de neve e gelo. Voc\u00ea navega por centenas de quil\u00f4metros, por horas, sem ver nenhuma montanha. \u00c9 um deserto de vida.<\/p>\n<\/div>\n<div class=\"mc-column content-text active-extra-styles\" data-block-type=\"raw\" data-block-weight=\"28\" data-block-id=\"24\">\n<blockquote class=\"content-blockquote theme-border-color-primary-before\"><p>&#8220;A sensa\u00e7\u00e3o t\u00e9rmica mais extrema que enfrentei por l\u00e1 foi de -54 \u00baC, mas a mais baixa j\u00e1 medida por um sat\u00e9lite foi ano passado, de -93 \u00baC.&#8221;<\/p><\/blockquote>\n<\/div>\n<div class=\"mc-column content-text active-extra-styles \" data-block-type=\"unstyled\" data-block-weight=\"34\" data-block-id=\"25\">\n<p class=\"content-text__container \" data-track-category=\"Link no Texto\" data-track-links=\"\">\u00c9 s\u00f3 na costa da Ant\u00e1rtica que se tem vida exuberante. A maioria da extens\u00e3o, os 3,6 milh\u00f5es de quil\u00f4metros quadrados s\u00e3o um deserto de gelo. O deslocamento \u00e9 por trator, a 15 km\/h.<\/p>\n<\/div>\n<div class=\"mc-column content-text active-extra-styles \" data-block-type=\"unstyled\" data-block-weight=\"10\" data-block-id=\"26\">\n<p class=\"content-text__container \" data-track-category=\"Link no Texto\" data-track-links=\"\"><strong>G1: H\u00e1 perigos reais de viver em meio ao gelo?<\/strong><\/p>\n<\/div>\n<div class=\"mc-column content-text active-extra-styles \" data-block-type=\"unstyled\" data-block-weight=\"46\" data-block-id=\"27\">\n<p class=\"content-text__container \" data-track-category=\"Link no Texto\" data-track-links=\"\"><strong>Jefferson:<\/strong>\u00a0Faz parte da minha atividade de glaci\u00f3logo enfrentar perigos. Assim como um piloto de F\u00f3rmula 1 pode bater em uma curva, ou um astronauta pode explodir um foguete, o glaci\u00f3logo pode passar por fraturas no gelo. Por isso \u00e9 importante conhecer as \u00e1reas mais perigosas.<\/p>\n<\/div>\n<div class=\"mc-column content-text active-extra-styles \" data-block-type=\"unstyled\" data-block-weight=\"43\" data-block-id=\"28\">\n<p class=\"content-text__container \" data-track-category=\"Link no Texto\" data-track-links=\"\">Eu j\u00e1 cai duas ou tr\u00eas vezes [em uma fissura no gelo], mas estava sempre com corda. Infelizmente perdi dois colegas assim, um deles h\u00e1 dois anos. \u00c9 o equivalente a um acidente de trabalho. Mas, para isso estamos sendo treinados para sobreviver.<\/p>\n<\/div>\n<div class=\"mc-column content-media content-media--normal content-photo\" data-block-type=\"backstage-photo\" data-block-id=\"31\">\n<div class=\"content-media__container\">\n<div class=\"content-media__image-centered\">\n<div class=\"progressive-img can-open-lightbox\" data-min-size=\"1008x671\" data-min-size-url=\"https:\/\/s2.glbimg.com\/HHV9SmWvnJfWCbR_qwv9r9o3yCU=\/0x0:2000x1333\/1008x0\/smart\/filters:strip_icc()\/i.s3.glbimg.com\/v1\/AUTH_59edd422c0c84a879bd37670ae4f538a\/internal_photos\/bs\/2018\/l\/U\/4iN0ubQNA6lB5as2X9ug\/37835817495-63552b8a3b-o.jpg\" data-max-size=\"1600x1066\" data-max-size-url=\"https:\/\/s2.glbimg.com\/Et7y0r3HGB5Z3T1DUTw53xw1Y84=\/0x0:2000x1333\/1600x0\/smart\/filters:strip_icc()\/i.s3.glbimg.com\/v1\/AUTH_59edd422c0c84a879bd37670ae4f538a\/internal_photos\/bs\/2018\/l\/U\/4iN0ubQNA6lB5as2X9ug\/37835817495-63552b8a3b-o.jpg\" data-media-index=\"3\">\n<div class=\"placeholder-container\"><\/div>\n<picture><img loading=\"lazy\" class=\"image content-media__image progressive-loaded\" title=\"Pinguin de Ad\u00e9lia, esp\u00e9cie encontrada na Ant\u00e1rtica (Foto: Marcelo Jatob\u00e1\/UnB)\" src=\"https:\/\/s2.glbimg.com\/s1Jd4W0wlHxDBYXhIqliYoyVAWY=\/0x0:2000x1333\/984x0\/smart\/filters:strip_icc()\/i.s3.glbimg.com\/v1\/AUTH_59edd422c0c84a879bd37670ae4f538a\/internal_photos\/bs\/2018\/l\/U\/4iN0ubQNA6lB5as2X9ug\/37835817495-63552b8a3b-o.jpg\" alt=\"Pinguin de Ad\u00e9lia, esp\u00e9cie encontrada na Ant\u00e1rtica (Foto: Marcelo Jatob\u00e1\/UnB)\" width=\"638\" height=\"425\" data-src=\"https:\/\/s2.glbimg.com\/s1Jd4W0wlHxDBYXhIqliYoyVAWY=\/0x0:2000x1333\/984x0\/smart\/filters:strip_icc()\/i.s3.glbimg.com\/v1\/AUTH_59edd422c0c84a879bd37670ae4f538a\/internal_photos\/bs\/2018\/l\/U\/4iN0ubQNA6lB5as2X9ug\/37835817495-63552b8a3b-o.jpg\" \/><\/picture>\n<\/div>\n<\/div>\n<div class=\"content-media__description-centered \">\n<p class=\"content-media__description\"><i class=\"content-media__description__icon theme-color-primary\"><\/i><span class=\"content-media__description__caption\">Pinguin de Ad\u00e9lia, esp\u00e9cie encontrada na Ant\u00e1rtica (Foto: Marcelo Jatob\u00e1\/UnB)<\/span><\/p>\n<\/div>\n<\/div>\n<\/div>\n<div class=\"mc-column content-text active-extra-styles \" data-block-type=\"unstyled\" data-block-weight=\"23\" data-block-id=\"32\">\n<p class=\"content-text__container \" data-track-category=\"Link no Texto\" data-track-links=\"\"><strong>G1 \u2013 Nesses \u00faltimos 30 anos de dedica\u00e7\u00e3o \u00e0 pesquisa, a glaciologia produziu conclus\u00e3o sobre o impacto da atividade humana no aquecimento global?<\/strong><\/p>\n<\/div>\n<div class=\"mc-column content-text active-extra-styles \" data-block-type=\"unstyled\" data-block-weight=\"41\" data-block-id=\"33\">\n<p class=\"content-text__container \" data-track-category=\"Link no Texto\" data-track-links=\"\"><strong>Jefferson:\u00a0<\/strong>Sim. A principal fonte de informa\u00e7\u00f5es para ci\u00eancia moderna sobre o impacto humano na qu\u00edmica atmosf\u00e9rica vem da glaciologia. A neve e o gelo se acumulam por mil\u00eanios na Ant\u00e1rtica, e a Groenl\u00e2ndia tamb\u00e9m guarda dados de mil\u00eanios de anos.<\/p>\n<\/div>\n<div class=\"mc-column content-text active-extra-styles \" data-block-type=\"unstyled\" data-block-weight=\"26\" data-block-id=\"34\">\n<p class=\"content-text__container \" data-track-category=\"Link no Texto\" data-track-links=\"\">Para entender o fen\u00f4meno, cientistas furaram o gelo e conseguiram tirar mol\u00e9culas de di\u00f3xido de carbono e metano, de 500 anos a 800 mil anos atr\u00e1s.<\/p>\n<\/div>\n<div class=\"mc-column content-text active-extra-styles\" data-block-type=\"raw\" data-block-weight=\"20\" data-block-id=\"35\">\n<blockquote class=\"content-blockquote theme-border-color-primary-before\"><p>&#8220;Com isso, constatamos que nunca os gases metano e di\u00f3xido de carbono estiveram t\u00e3o altos, como nos \u00faltimos 30 anos.&#8221;<\/p><\/blockquote>\n<\/div>\n<div class=\"mc-column content-text active-extra-styles \" data-block-type=\"unstyled\" data-block-weight=\"31\" data-block-id=\"36\">\n<p class=\"content-text__container \" data-track-category=\"Link no Texto\" data-track-links=\"\">Essa concentra\u00e7\u00e3o cresceu exponencialmente, a partir da Revolu\u00e7\u00e3o Industrial [no fim do s\u00e9culo 18]. Isso marcou muito a pesquisa e mostra que foi o impacto humano que intensificou o efeito estufa.<\/p>\n<\/div>\n<div class=\"mc-column content-text active-extra-styles \" data-block-type=\"unstyled\" data-block-weight=\"31\" data-block-id=\"37\">\n<p class=\"content-text__container \" data-track-category=\"Link no Texto\" data-track-links=\"\"><strong>G1: Por falar em aquecimento global, esse termo tem, cada vez mais, perdido espa\u00e7o nas rodas de conversas, principalmente entre a gera\u00e7\u00e3o mais jovem. Como pesquisador, voc\u00ea tem a mesma observa\u00e7\u00e3o?<\/strong><\/p>\n<\/div>\n<div class=\"mc-column content-text active-extra-styles \" data-block-type=\"unstyled\" data-block-weight=\"25\" data-block-id=\"38\">\n<p class=\"content-text__container \" data-track-category=\"Link no Texto\" data-track-links=\"\"><strong>Jefferson:<\/strong>\u00a0No momento, devido \u00e0 crise econ\u00f4mica e pol\u00edtica vivida no pa\u00eds, as pessoas est\u00e3o mais preocupadas em sobreviver, e n\u00e3o em pensar quest\u00f5es ambientais.<\/p>\n<\/div>\n<div class=\"mc-column content-text active-extra-styles \" data-block-type=\"unstyled\" data-block-weight=\"30\" data-block-id=\"40\">\n<p class=\"content-text__container \" data-track-category=\"Link no Texto\" data-track-links=\"\">Infelizmente, estamos em uma situa\u00e7\u00e3o de crise econ\u00f4mica e cortes na ci\u00eancia, \u00e9 uma situa\u00e7\u00e3o muito pessimista. A comunidade cient\u00edfica est\u00e1 come\u00e7ando a ter perdas fiscais, a inseguran\u00e7a \u00e9 grande.<\/p>\n<\/div>\n<div class=\"mc-column content-text active-extra-styles \" data-block-type=\"unstyled\" data-block-weight=\"25\" data-block-id=\"41\">\n<p class=\"content-text__container \" data-track-category=\"Link no Texto\" data-track-links=\"\">Se eu, que tenho uma carreira mais consolidada, estou pessimista, imagina o pesquisador que est\u00e1 iniciando a carreira cient\u00edfica no momento? N\u00e3o poderia estar entusiasmado.<\/p>\n<\/div>\n<div class=\"mc-column content-media content-media--normal content-photo\" data-block-type=\"backstage-photo\" data-block-id=\"42\">\n<div class=\"content-media__container\">\n<div class=\"content-media__image-centered\">\n<div class=\"progressive-img can-open-lightbox\" data-min-size=\"1008x673\" data-min-size-url=\"https:\/\/s2.glbimg.com\/A34Yo6ny8FBb8FZxyfEDuxyFn74=\/0x0:1024x684\/1008x0\/smart\/filters:strip_icc()\/i.s3.glbimg.com\/v1\/AUTH_59edd422c0c84a879bd37670ae4f538a\/internal_photos\/bs\/2017\/d\/i\/Pj2BmHSA6qj9STKBhgHQ\/143172.jpg\" data-max-size=\"1600x1068\" data-max-size-url=\"https:\/\/s2.glbimg.com\/ZrfPzjxcyvMJ5NOTyid26WKed68=\/0x0:1024x684\/1600x0\/smart\/filters:strip_icc()\/i.s3.glbimg.com\/v1\/AUTH_59edd422c0c84a879bd37670ae4f538a\/internal_photos\/bs\/2017\/d\/i\/Pj2BmHSA6qj9STKBhgHQ\/143172.jpg\" data-media-index=\"4\">\n<div class=\"placeholder-container\"><\/div>\n<picture><img loading=\"lazy\" class=\"image content-media__image progressive-loaded\" title=\"Instrumentos de campo instalados na Ant\u00e1rtica Ocidental (Foto: Colin Jenkinson, Australian Bureau of Meteorology)\" src=\"https:\/\/s2.glbimg.com\/A8Ip2OvUJ9fnMGXLN7ihJoJaWWI=\/0x0:1024x684\/984x0\/smart\/filters:strip_icc()\/i.s3.glbimg.com\/v1\/AUTH_59edd422c0c84a879bd37670ae4f538a\/internal_photos\/bs\/2017\/d\/i\/Pj2BmHSA6qj9STKBhgHQ\/143172.jpg\" alt=\"Instrumentos de campo instalados na Ant\u00e1rtica Ocidental (Foto: Colin Jenkinson, Australian Bureau of Meteorology)\" width=\"640\" height=\"428\" data-src=\"https:\/\/s2.glbimg.com\/A8Ip2OvUJ9fnMGXLN7ihJoJaWWI=\/0x0:1024x684\/984x0\/smart\/filters:strip_icc()\/i.s3.glbimg.com\/v1\/AUTH_59edd422c0c84a879bd37670ae4f538a\/internal_photos\/bs\/2017\/d\/i\/Pj2BmHSA6qj9STKBhgHQ\/143172.jpg\" \/><\/picture>\n<\/div>\n<\/div>\n<div class=\"content-media__description-centered \">\n<p class=\"content-media__description\"><i class=\"content-media__description__icon theme-color-primary\"><\/i><span class=\"content-media__description__caption\">Instrumentos de campo instalados na Ant\u00e1rtica Ocidental (Foto: Colin Jenkinson, Australian Bureau of Meteorology)<\/span><\/p>\n<\/div>\n<\/div>\n<\/div>\n<div class=\"mc-column content-text active-extra-styles \" data-block-type=\"unstyled\" data-block-weight=\"35\" data-block-id=\"43\">\n<p class=\"content-text__container \" data-track-category=\"Link no Texto\" data-track-links=\"\"><strong>G1: Pelo visto, a possibilidade de\u00a0<\/strong><a href=\"https:\/\/g1.globo.com\/educacao\/noticia\/2018\/08\/03\/possibilidade-de-corte-no-orcamento-da-capes-faz-campanha-em-defesa-de-pesquisadores-viralizar-na-web.ghtml\"><strong>cortes no or\u00e7amento da Capes<\/strong><\/a><strong>\u00a0para 2019 \u00e9 um tema que ainda preocupa os pesquisadores, mesmo com a promessa do governo de que as 200 mil bolsas ser\u00e3o mantidas?<\/strong><\/p>\n<\/div>\n<div class=\"mc-column content-text active-extra-styles \" data-block-type=\"unstyled\" data-block-weight=\"44\" data-block-id=\"44\">\n<p class=\"content-text__container \" data-track-category=\"Link no Texto\" data-track-links=\"\"><strong>Jefferson:<\/strong>\u00a0A minha maior preocupa\u00e7\u00e3o no momento \u00e9 o futuro da nova gera\u00e7\u00e3o [de cientistas]. N\u00f3s, mais velhos, conseguimos nos manter, porque j\u00e1 coletamos dados nos \u00faltimos anos e temos condi\u00e7\u00e3o de ter maior produ\u00e7\u00e3o intelectual. Nesses casos de crise econ\u00f4mica, temos mais alternativas.<\/p>\n<\/div>\n<div class=\"mc-column content-text active-extra-styles \" data-block-type=\"unstyled\" data-block-weight=\"38\" data-block-id=\"45\">\n<p class=\"content-text__container \" data-track-category=\"Link no Texto\" data-track-links=\"\">Mas, e a nova gera\u00e7\u00e3o que vive de bolsas de R$ 1,5 mil no mestrado e R$ 2,2 mil no doutorado? Temos informa\u00e7\u00f5es de p\u00f3s-doutores que por causa do corte de bolsas est\u00e3o sobrevivendo de motoristas de aplicativo.<\/p>\n<\/div>\n<div class=\"mc-column content-text active-extra-styles \" data-block-type=\"unstyled\" data-block-weight=\"39\" data-block-id=\"47\">\n<p class=\"content-text__container \" data-track-category=\"Link no Texto\" data-track-links=\"\">\u00c9 absurdo quando vemos que os sacrif\u00edcios n\u00e3o s\u00e3o para todos. Ao comparar com alguns pa\u00edses, vemos que na crise de 2008, os Estados Unidos cortaram recursos de outras \u00e1reas e n\u00e3o em ci\u00eancia e educa\u00e7\u00e3o, como no Brasil.<\/p>\n<\/div>\n<div class=\"mc-column content-text active-extra-styles\" data-block-type=\"raw\" data-block-weight=\"18\" data-block-id=\"49\">\n<blockquote class=\"content-blockquote theme-border-color-primary-before\"><p>&#8220;Estamos aguardando lan\u00e7amento de novo edital do programa ant\u00e1rtico de R$ 18 milh\u00f5es. O \u00faltimo foi em 2013.&#8221;<\/p><\/blockquote>\n<\/div>\n<div class=\"mc-column content-text active-extra-styles \" data-block-type=\"unstyled\" data-block-weight=\"20\" data-block-id=\"50\">\n<p class=\"content-text__container \" data-track-category=\"Link no Texto\" data-track-links=\"\">Se o edital sair, teremos recursos para mais tr\u00eas anos de pesquisa. Depois disso, s\u00f3 Deus sabe como vamos sobreviver.<\/p>\n<\/div>\n<div class=\"mc-column content-media content-media--normal content-photo\" data-block-type=\"backstage-photo\" data-block-id=\"51\">\n<div class=\"content-media__container\">\n<div class=\"content-media__image-centered\">\n<div class=\"progressive-img can-open-lightbox\" data-min-size=\"1008x672\" data-min-size-url=\"https:\/\/s2.glbimg.com\/2kIsAJlboFQJa3r5MixIZ5VTXoM=\/0x0:1500x1000\/1008x0\/smart\/filters:strip_icc()\/i.s3.glbimg.com\/v1\/AUTH_59edd422c0c84a879bd37670ae4f538a\/internal_photos\/bs\/2018\/Y\/e\/pTo4uBRW2vY26BbQFTSA\/39024558672-2ddc3b2938-o.jpg\" data-max-size=\"1600x1066\" data-max-size-url=\"https:\/\/s2.glbimg.com\/JbPFkvPJ6KCQSHqY47nYFt-11ok=\/0x0:1500x1000\/1600x0\/smart\/filters:strip_icc()\/i.s3.glbimg.com\/v1\/AUTH_59edd422c0c84a879bd37670ae4f538a\/internal_photos\/bs\/2018\/Y\/e\/pTo4uBRW2vY26BbQFTSA\/39024558672-2ddc3b2938-o.jpg\" data-media-index=\"5\">\n<div class=\"placeholder-container\"><\/div>\n<picture><img loading=\"lazy\" class=\"image content-media__image progressive-loaded\" title=\"Ave da esp\u00e9cie skua se alimenta de ovo em ilha da Ant\u00e1rtica (Foto: Marcelo Jatob\u00e1\/UnB)\" src=\"https:\/\/s2.glbimg.com\/u1uHBXrXBnf91VdDMYOIRRqUob8=\/0x0:1500x1000\/984x0\/smart\/filters:strip_icc()\/i.s3.glbimg.com\/v1\/AUTH_59edd422c0c84a879bd37670ae4f538a\/internal_photos\/bs\/2018\/Y\/e\/pTo4uBRW2vY26BbQFTSA\/39024558672-2ddc3b2938-o.jpg\" alt=\"Ave da esp\u00e9cie skua se alimenta de ovo em ilha da Ant\u00e1rtica (Foto: Marcelo Jatob\u00e1\/UnB)\" width=\"639\" height=\"426\" data-src=\"https:\/\/s2.glbimg.com\/u1uHBXrXBnf91VdDMYOIRRqUob8=\/0x0:1500x1000\/984x0\/smart\/filters:strip_icc()\/i.s3.glbimg.com\/v1\/AUTH_59edd422c0c84a879bd37670ae4f538a\/internal_photos\/bs\/2018\/Y\/e\/pTo4uBRW2vY26BbQFTSA\/39024558672-2ddc3b2938-o.jpg\" \/><\/picture>\n<\/div>\n<\/div>\n<div class=\"content-media__description-centered \">\n<p class=\"content-media__description\"><i class=\"content-media__description__icon theme-color-primary\"><\/i><span class=\"content-media__description__caption\">Ave da esp\u00e9cie skua se alimenta de ovo em ilha da Ant\u00e1rtica (Foto: Marcelo Jatob\u00e1\/UnB)<\/span><\/p>\n<\/div>\n<\/div>\n<\/div>\n<div class=\"mc-column content-text active-extra-styles \" data-block-type=\"unstyled\" data-block-weight=\"24\" data-block-id=\"52\">\n<p class=\"content-text__container \" data-track-category=\"Link no Texto\" data-track-links=\"\"><strong>G1: Como \u00e9 o dia a dia de um cientista que passa meses em meio \u00e0 neve e ao gelo, enfrentando condi\u00e7\u00f5es t\u00e3o extremas?<\/strong><\/p>\n<\/div>\n<div class=\"mc-column content-text active-extra-styles \" data-block-type=\"unstyled\" data-block-weight=\"67\" data-block-id=\"53\">\n<p class=\"content-text__container \" data-track-category=\"Link no Texto\" data-track-links=\"\"><strong>Jefferson<\/strong>: Nosso dia a dia \u00e9 viver acampado em cima da neve, em geleiras. Dorme-se em barracas e em sacos de dormir com isolantes t\u00e9rmicos. A temperatura na barraca fica em torno de -8 \u00baC. O dia, passamos todo trabalhando. Se o tempo estiver bom, se for ver\u00e3o, o sol fica por 24h. A temperatura, mesmo no auge do ver\u00e3o, est\u00e1 em -2 \u00baC ou -30 \u00baC.<\/p>\n<\/div>\n<div class=\"mc-column content-text active-extra-styles \" data-block-type=\"unstyled\" data-block-weight=\"35\" data-block-id=\"54\">\n<p class=\"content-text__container \" data-track-category=\"Link no Texto\" data-track-links=\"\">Nosso trabalho, constantemente, \u00e9 derretendo neve, que \u00e9 de onde se tira a \u00e1gua para consumo. N\u00e3o tem tempo para muita divers\u00e3o, que normalmente se resume a bater-papo, ouvir m\u00fasica e, quando estiver cansado, dormir.<\/p>\n<\/div>\n<div class=\"mc-column content-text active-extra-styles \" data-block-type=\"unstyled\" data-block-weight=\"36\" data-block-id=\"55\">\n<p class=\"content-text__container \" data-track-category=\"Link no Texto\" data-track-links=\"\"><strong>G1: O Tratado Ant\u00e1rtico, assinado por 53 pa\u00edses, pro\u00edbe a explora\u00e7\u00e3o de recursos minerais e a militariza\u00e7\u00e3o da Ant\u00e1rtica at\u00e9 2048. Passado esse per\u00edodo, qual ser\u00e1 o futuro da regi\u00e3o e da participa\u00e7\u00e3o brasileira naquele continente?<\/strong><\/p>\n<\/div>\n<div class=\"mc-column content-text active-extra-styles \" data-block-type=\"unstyled\" data-block-weight=\"42\" data-block-id=\"57\">\n<p class=\"content-text__container \" data-track-category=\"Link no Texto\" data-track-links=\"\"><strong>Jefferson<\/strong>: A proposta do encontro entre cientistas e governantes \u00e9 especular e tra\u00e7ar uma vis\u00e3o estrat\u00e9gica sobre o que o pa\u00eds pode fazer para ter maior protagonismo dentro do tratado. Isso envolve a parte pol\u00edtica, log\u00edstica e cient\u00edfica nos pr\u00f3ximos 30 anos.<\/p>\n<\/div>\n<div class=\"mc-column content-text active-extra-styles \" data-block-type=\"unstyled\" data-block-weight=\"39\" data-block-id=\"58\">\n<p class=\"content-text__container \" data-track-category=\"Link no Texto\" data-track-links=\"\">Uma quest\u00e3o essencial \u00e9 entender que a previs\u00e3o clim\u00e1tica no Brasil, por exemplo, inclui a Ant\u00e1rtica. As frentes frias no Norte [do pa\u00eds] s\u00e3o formadas no oceano [Glacial] Ant\u00e1rtico, mas aqui quase n\u00e3o se inclui essas vari\u00e1veis nas previs\u00f5es.<\/p>\n<\/div>\n<div class=\"mc-column content-text active-extra-styles \" data-block-type=\"unstyled\" data-block-weight=\"39\" data-block-id=\"59\">\n<p class=\"content-text__container \" data-track-category=\"Link no Texto\" data-track-links=\"\">\u00c9 importante saber que a Ant\u00e1rtica \u00e9 logo ali e que as mudan\u00e7as clim\u00e1ticas de l\u00e1 v\u00e3o afetar a varia\u00e7\u00e3o clim\u00e1tica aqui [no Brasil]. Um exemplo: temos previs\u00e3o de aumento de at\u00e9 70 cm no n\u00edvel m\u00e9dio do mar.<\/p>\n<\/div>\n<div class=\"mc-column content-text active-extra-styles\" data-block-type=\"raw\" data-block-weight=\"19\" data-block-id=\"60\">\n<blockquote class=\"content-blockquote theme-border-color-primary-before\"><p>&#8220;Imagina, agora, 20 cent\u00edmetros de aumento no n\u00edvel do mar na costa brasileira nos pr\u00f3ximos 20 ou 30 anos?&#8221;<\/p><\/blockquote>\n<\/div>\n<div class=\"mc-column content-text active-extra-styles \" data-block-type=\"unstyled\" data-block-weight=\"27\" data-block-id=\"61\">\n<p class=\"content-text__container \" data-track-category=\"Link no Texto\" data-track-links=\"\">\u00c9 preciso pensar quais os custos socioecon\u00f4micos dessa eleva\u00e7\u00e3o. E a bioprospec\u00e7\u00e3o: ser\u00e1 que existem liquens e musgos, na Ant\u00e1rtica, que podem ter enzimas com uso medicinal?<\/p>\n<\/div>\n<div class=\"mc-column content-text active-extra-styles \" data-block-type=\"unstyled\" data-block-weight=\"21\" data-block-id=\"62\">\n<p class=\"content-text__container \" data-track-category=\"Link no Texto\" data-track-links=\"\">Somos afetados no nosso cotidiano pelo que ocorre na Ant\u00e1rtica. \u00c9 o segundo continente mais perto do Brasil, depois da \u00c1frica.<\/p>\n<\/div>\n<div class=\"mc-column content-media content-media--normal content-photo\" data-block-type=\"backstage-photo\" data-block-id=\"63\">\n<div class=\"content-media__container\">\n<div class=\"content-media__image-centered\">\n<div class=\"progressive-img can-open-lightbox\" data-min-size=\"1008x671\" data-min-size-url=\"https:\/\/s2.glbimg.com\/gkI0r1gdx3AhdTwTzMBV1xMg6GU=\/0x0:2048x1365\/1008x0\/smart\/filters:strip_icc()\/i.s3.glbimg.com\/v1\/AUTH_59edd422c0c84a879bd37670ae4f538a\/internal_photos\/bs\/2017\/t\/l\/QoHm7zTuaz01uX4dkqCQ\/marcelo-jatoba.jpg\" data-max-size=\"1600x1066\" data-max-size-url=\"https:\/\/s2.glbimg.com\/V-dz2GPA6AS211mM527bQTt9JAU=\/0x0:2048x1365\/1600x0\/smart\/filters:strip_icc()\/i.s3.glbimg.com\/v1\/AUTH_59edd422c0c84a879bd37670ae4f538a\/internal_photos\/bs\/2017\/t\/l\/QoHm7zTuaz01uX4dkqCQ\/marcelo-jatoba.jpg\" data-media-index=\"6\">\n<div class=\"placeholder-container\"><\/div>\n<picture><img loading=\"lazy\" class=\"image content-media__image progressive-loaded\" title=\"Bandeira da Universidade de Bras\u00edlia ao lado da do Brasil na Ant\u00e1rtica (Foto: Marcelo Jatob\u00e1\/Secom UnB)\" src=\"https:\/\/s2.glbimg.com\/x4umI6AE1iEeSqum3683r5M0xYc=\/0x0:2048x1365\/984x0\/smart\/filters:strip_icc()\/i.s3.glbimg.com\/v1\/AUTH_59edd422c0c84a879bd37670ae4f538a\/internal_photos\/bs\/2017\/t\/l\/QoHm7zTuaz01uX4dkqCQ\/marcelo-jatoba.jpg\" alt=\"Bandeira da Universidade de Bras\u00edlia ao lado da do Brasil na Ant\u00e1rtica (Foto: Marcelo Jatob\u00e1\/Secom UnB)\" width=\"639\" height=\"426\" data-src=\"https:\/\/s2.glbimg.com\/x4umI6AE1iEeSqum3683r5M0xYc=\/0x0:2048x1365\/984x0\/smart\/filters:strip_icc()\/i.s3.glbimg.com\/v1\/AUTH_59edd422c0c84a879bd37670ae4f538a\/internal_photos\/bs\/2017\/t\/l\/QoHm7zTuaz01uX4dkqCQ\/marcelo-jatoba.jpg\" \/><\/picture>\n<\/div>\n<\/div>\n<div class=\"content-media__description-centered \">\n<p class=\"content-media__description\"><i class=\"content-media__description__icon theme-color-primary\"><\/i><span class=\"content-media__description__caption\">Bandeira da Universidade de Bras\u00edlia ao lado da do Brasil na Ant\u00e1rtica (Foto: Marcelo Jatob\u00e1\/Secom UnB)<\/span><\/p>\n<\/div>\n<\/div>\n<\/div>\n<div class=\"mc-column content-text active-extra-styles \" data-block-type=\"unstyled\" data-block-weight=\"13\" data-block-id=\"64\">\n<p class=\"content-text__container \" data-track-category=\"Link no Texto\" data-track-links=\"\"><strong>G1: Qual o lugar que o Brasil ocupa em investimentos em pesquisa cient\u00edfica?<\/strong><\/p>\n<\/div>\n<div class=\"mc-column content-text active-extra-styles \" data-block-type=\"unstyled\" data-block-weight=\"36\" data-block-id=\"66\">\n<p class=\"content-text__container \" data-track-category=\"Link no Texto\" data-track-links=\"\"><strong>Jefferson<\/strong>: O Brasil ocupa um lugar de meio termo. O grande problema \u00e9 que nosso pa\u00eds tem um comportamento ciclot\u00edmico, n\u00e3o regular. Algumas vezes tem um pouco mais de investimento e, \u00e0s vezes, n\u00e3o tem nada.<\/p>\n<\/div>\n<div class=\"mc-column content-text active-extra-styles \" data-block-type=\"unstyled\" data-block-weight=\"28\" data-block-id=\"67\">\n<p class=\"content-text__container \" data-track-category=\"Link no Texto\" data-track-links=\"\">Houve investimento grande em 2008, mas decaiu nos \u00faltimos anos. Atualmente o pa\u00eds lidera a pesquisa latino-americana na Ant\u00e1rtica, mas, devido aos cortes or\u00e7ament\u00e1rios, tem perdido a lideran\u00e7a.<\/p>\n<\/div>\n<div class=\"mc-column content-text active-extra-styles\" data-block-type=\"raw\" data-block-weight=\"17\" data-block-id=\"68\">\n<blockquote class=\"content-blockquote theme-border-color-primary-before\"><p>&#8220;N\u00f3s dever\u00edamos investir, pelo menos, U$ 2,5 milh\u00f5es por ano na ci\u00eancia [cerca de R$ 10 milh\u00f5es].&#8221;<\/p><\/blockquote>\n<\/div>\n<div class=\"mc-column content-text active-extra-styles \" data-block-type=\"unstyled\" data-block-weight=\"12\" data-block-id=\"69\">\n<p class=\"content-text__container \" data-track-category=\"Link no Texto\" data-track-links=\"\">Com isso ter\u00edamos um programa adequado para nossa economia e realidade econ\u00f4mica.<\/p>\n<\/div>\n<\/div>\n","protected":false},"excerpt":{"rendered":"<p>Com 70% de toda a \u00e1gua doce do planeta, a Ant\u00e1rtica \u00e9 o laborat\u00f3rio a<\/p>\n","protected":false},"author":2,"featured_media":90516,"comment_status":"open","ping_status":"open","sticky":false,"template":"","format":"standard","meta":[],"categories":[],"tags":[],"uagb_featured_image_src":{"full":["https:\/\/espacoecologico.com.br\/arquivo\/wp-content\/uploads\/2018\/08\/falta_verba.jpg",415,265,false],"thumbnail":["https:\/\/espacoecologico.com.br\/arquivo\/wp-content\/uploads\/2018\/08\/falta_verba-150x150.jpg",150,150,true],"medium":["https:\/\/espacoecologico.com.br\/arquivo\/wp-content\/uploads\/2018\/08\/falta_verba-300x192.jpg",300,192,true],"medium_large":["https:\/\/espacoecologico.com.br\/arquivo\/wp-content\/uploads\/2018\/08\/falta_verba.jpg",415,265,false],"large":["https:\/\/espacoecologico.com.br\/arquivo\/wp-content\/uploads\/2018\/08\/falta_verba.jpg",415,265,false],"1536x1536":["https:\/\/espacoecologico.com.br\/arquivo\/wp-content\/uploads\/2018\/08\/falta_verba.jpg",415,265,false],"2048x2048":["https:\/\/espacoecologico.com.br\/arquivo\/wp-content\/uploads\/2018\/08\/falta_verba.jpg",415,265,false],"cream-magazine-thumbnail-2":["https:\/\/espacoecologico.com.br\/arquivo\/wp-content\/uploads\/2018\/08\/falta_verba.jpg",415,265,false],"cream-magazine-thumbnail-3":["https:\/\/espacoecologico.com.br\/arquivo\/wp-content\/uploads\/2018\/08\/falta_verba.jpg",415,265,false],"cream-magazine-thumbnail-4":["https:\/\/espacoecologico.com.br\/arquivo\/wp-content\/uploads\/2018\/08\/falta_verba.jpg",415,265,false]},"uagb_author_info":{"display_name":"","author_link":"https:\/\/espacoecologico.com.br\/arquivo\/author\/"},"uagb_comment_info":0,"uagb_excerpt":"Com 70% de toda a \u00e1gua doce do planeta, a Ant\u00e1rtica \u00e9 o laborat\u00f3rio a","_links":{"self":[{"href":"https:\/\/espacoecologico.com.br\/arquivo\/wp-json\/wp\/v2\/posts\/90515"}],"collection":[{"href":"https:\/\/espacoecologico.com.br\/arquivo\/wp-json\/wp\/v2\/posts"}],"about":[{"href":"https:\/\/espacoecologico.com.br\/arquivo\/wp-json\/wp\/v2\/types\/post"}],"author":[{"embeddable":true,"href":"https:\/\/espacoecologico.com.br\/arquivo\/wp-json\/wp\/v2\/users\/2"}],"replies":[{"embeddable":true,"href":"https:\/\/espacoecologico.com.br\/arquivo\/wp-json\/wp\/v2\/comments?post=90515"}],"version-history":[{"count":0,"href":"https:\/\/espacoecologico.com.br\/arquivo\/wp-json\/wp\/v2\/posts\/90515\/revisions"}],"wp:featuredmedia":[{"embeddable":true,"href":"https:\/\/espacoecologico.com.br\/arquivo\/wp-json\/wp\/v2\/media\/90516"}],"wp:attachment":[{"href":"https:\/\/espacoecologico.com.br\/arquivo\/wp-json\/wp\/v2\/media?parent=90515"}],"wp:term":[{"taxonomy":"category","embeddable":true,"href":"https:\/\/espacoecologico.com.br\/arquivo\/wp-json\/wp\/v2\/categories?post=90515"},{"taxonomy":"post_tag","embeddable":true,"href":"https:\/\/espacoecologico.com.br\/arquivo\/wp-json\/wp\/v2\/tags?post=90515"}],"curies":[{"name":"wp","href":"https:\/\/api.w.org\/{rel}","templated":true}]}}