{"id":90510,"date":"2018-08-19T13:44:53","date_gmt":"2018-08-19T16:44:53","guid":{"rendered":"https:\/\/espacoecologico.com.br\/arquivo\/?p=90510"},"modified":"2018-08-19T13:54:14","modified_gmt":"2018-08-19T16:54:14","slug":"como-se-recuperar-do-baque-de-perder-um-animal-de-estimacao","status":"publish","type":"post","link":"https:\/\/espacoecologico.com.br\/arquivo\/como-se-recuperar-do-baque-de-perder-um-animal-de-estimacao\/","title":{"rendered":"Como se recuperar do baque de perder um animal de estima\u00e7\u00e3o"},"content":{"rendered":"<div class=\"mc-column content-text active-extra-styles active-capital-letter\" data-block-type=\"unstyled\" data-block-weight=\"112\" data-block-id=\"1\">\n<p class=\"content-text__container theme-color-primary-first-letter\" data-track-category=\"Link no Texto\" data-track-links=\"\"><a href=\"https:\/\/espacoecologico.com.br\/arquivo\/wp-content\/uploads\/2018\/08\/cachorro-3.jpg\"><img loading=\"lazy\" class=\"alignleft size-medium wp-image-90511\" src=\"https:\/\/espacoecologico.com.br\/arquivo\/wp-content\/uploads\/2018\/08\/cachorro-3-300x192.jpg\" alt=\"\" width=\"300\" height=\"192\" srcset=\"https:\/\/espacoecologico.com.br\/arquivo\/wp-content\/uploads\/2018\/08\/cachorro-3-300x192.jpg 300w, https:\/\/espacoecologico.com.br\/arquivo\/wp-content\/uploads\/2018\/08\/cachorro-3.jpg 415w\" sizes=\"(max-width: 300px) 100vw, 300px\" \/><\/a>Nessa hora, n\u00e3o importa se voc\u00ea \u00e9 f\u00e3 de c\u00e3es ou de gatos, porque a dor \u00e9 lancinante para todos. O sentimento de solid\u00e3o engole tudo ao redor. Afinal, j\u00e1 colecionamos tantas perdas que a partida daquela companhia insepar\u00e1vel do dia a dia se transforma numa ferida que parece que n\u00e3o vai sarar. Como arranjar for\u00e7as para seguir em frente? \u00c9 claro que a morte de um animal de estima\u00e7\u00e3o impacta qualquer um, mas, para quem \u00e9 mais velho, trata-se de uma dolorosa constata\u00e7\u00e3o da finitude, agravada pela dificuldade de criar novos la\u00e7os afetivos. Por isso \u00e9 t\u00e3o importante que um idoso tenha suporte de amigos e familiares nesse per\u00edodo de luto.<\/p>\n<\/div>\n<div class=\"wall\">\n<div class=\"mc-column content-media content-media--normal content-photo\" data-block-type=\"backstage-photo\" data-block-id=\"2\">\n<div class=\"content-media__container\">\n<div class=\"content-media__image-centered\">\n<div class=\"progressive-img can-open-lightbox\" data-min-size=\"1008x567\" data-min-size-url=\"https:\/\/s2.glbimg.com\/J0kdaZZG_Pc6d5VjHBtEaazbHe0=\/0x0:640x360\/1008x0\/smart\/filters:strip_icc()\/i.s3.glbimg.com\/v1\/AUTH_59edd422c0c84a879bd37670ae4f538a\/internal_photos\/bs\/2018\/5\/d\/4B7DdgR76F8PUtqz1EDQ\/corgi007a.jpg\" data-max-size=\"1600x900\" data-max-size-url=\"https:\/\/s2.glbimg.com\/93EAwOzaWeTlE2LYtDK6anaDddY=\/0x0:640x360\/1600x0\/smart\/filters:strip_icc()\/i.s3.glbimg.com\/v1\/AUTH_59edd422c0c84a879bd37670ae4f538a\/internal_photos\/bs\/2018\/5\/d\/4B7DdgR76F8PUtqz1EDQ\/corgi007a.jpg\" data-media-index=\"0\">\n<div class=\"placeholder-container\"><\/div>\n<picture><img loading=\"lazy\" class=\"image content-media__image progressive-loaded\" title=\"A Rainha Elizabeh, seus corgis e 007 (o ator Daniel Craig) no filme da abertura dos Jogos Ol\u00edmpicos de 2012 (Foto: Divulga\u00e7\u00e3o)\" src=\"https:\/\/s2.glbimg.com\/m3oZJWdSwL0e-_dOyB6qa9-GQAU=\/0x0:640x360\/984x0\/smart\/filters:strip_icc()\/i.s3.glbimg.com\/v1\/AUTH_59edd422c0c84a879bd37670ae4f538a\/internal_photos\/bs\/2018\/5\/d\/4B7DdgR76F8PUtqz1EDQ\/corgi007a.jpg\" alt=\"A Rainha Elizabeh, seus corgis e 007 (o ator Daniel Craig) no filme da abertura dos Jogos Ol\u00edmpicos de 2012 (Foto: Divulga\u00e7\u00e3o)\" width=\"637\" height=\"359\" data-src=\"https:\/\/s2.glbimg.com\/m3oZJWdSwL0e-_dOyB6qa9-GQAU=\/0x0:640x360\/984x0\/smart\/filters:strip_icc()\/i.s3.glbimg.com\/v1\/AUTH_59edd422c0c84a879bd37670ae4f538a\/internal_photos\/bs\/2018\/5\/d\/4B7DdgR76F8PUtqz1EDQ\/corgi007a.jpg\" \/><\/picture>\n<\/div>\n<\/div>\n<div class=\"content-media__description-centered \">\n<p class=\"content-media__description\"><i class=\"content-media__description__icon theme-color-primary\"><\/i><span class=\"content-media__description__caption\">A Rainha Elizabeh, seus corgis e 007 (o ator Daniel Craig) no filme da abertura dos Jogos Ol\u00edmpicos de 2012 (Foto: Divulga\u00e7\u00e3o)<\/span><\/p>\n<\/div>\n<\/div>\n<\/div>\n<div class=\"mc-column content-text active-extra-styles \" data-block-type=\"unstyled\" data-block-weight=\"124\" data-block-id=\"3\">\n<p class=\"content-text__container \" data-track-category=\"Link no Texto\" data-track-links=\"\">Permita-se chorar. Muito. Por v\u00e1rios dias. Quando decidir rever fotos e v\u00eddeos, chore tudo de novo. Viver o luto faz parte do processo de apaziguamento, de cura. Uma cerim\u00f4nia de despedida ajuda a trabalhar a perda. Eu guardei as cinzas da minha gata e s\u00f3 consegui espalh\u00e1-las num jardim quatro meses depois. Com frequ\u00eancia somos assaltados pela culpa. E se tiv\u00e9ssemos tentado um outro tratamento? E se n\u00e3o tiv\u00e9ssemos optado pela cirurgia da qual nosso animal n\u00e3o voltou? Essa \u00e9 uma emo\u00e7\u00e3o devastadora \u2013 posso dizer porque j\u00e1 a vivenciei mais de uma vez. \u00c9 fundamental compartilhar a dor, conversar com outras pessoas que passaram por experi\u00eancia semelhante. Acredite, voc\u00ea fez o que era poss\u00edvel, e ele ou ela foi feliz em sua companhia.<\/p>\n<\/div>\n<div class=\"mc-column content-text active-extra-styles \" data-block-type=\"unstyled\" data-block-weight=\"96\" data-block-id=\"4\">\n<p class=\"content-text__container \" data-track-category=\"Link no Texto\" data-track-links=\"\">N\u00e3o h\u00e1 prazo para a tristeza ir embora. Portanto, deixe claro aos \u201cbem intencionados\u201d que logo sugerem que voc\u00ea arranje outro pet que a proposta beira a grosseria. N\u00e3o se trata de repor algum produto que estava no fim. O contato com a natureza pode funcionar como um b\u00e1lsamo. Doar objetos que ser\u00e3o \u00fateis para outros animais tamb\u00e9m ajuda (mas, se n\u00e3o estiver pronto ou pronta para isso, guarde tudo durante o tempo que for necess\u00e1rio). Escrever sobre seus sentimentos ou mesmo para o bichinho que se foi \u00e9 outra alternativa, assim como buscar interlocutores compreensivos.<\/p>\n<\/div>\n<div class=\"content-ads content-ads--reveal\" data-block-type=\"ads\" data-block-id=\"5\"><\/div>\n<div class=\"mc-column content-media content-media--normal content-photo\" data-block-type=\"backstage-photo\" data-block-id=\"6\">\n<div class=\"content-media__container\">\n<div class=\"content-media__image-centered\">\n<div class=\"progressive-img can-open-lightbox\" data-min-size=\"1008x720\" data-min-size-url=\"https:\/\/s2.glbimg.com\/nTGCjFxAN5leABVLnZIvAwsrRBg=\/0x0:1024x732\/1008x0\/smart\/filters:strip_icc()\/i.s3.glbimg.com\/v1\/AUTH_59edd422c0c84a879bd37670ae4f538a\/internal_photos\/bs\/2018\/B\/S\/iuH5UAQRi4Bi0iitKMIA\/jaguar-xj-3.4-containing-queen-n-corgi-dashboard-ornament.-the-ornament.jpg\" data-max-size=\"1600x1143\" data-max-size-url=\"https:\/\/s2.glbimg.com\/SR4N8ORBlqlsHQSzq6ILnD0MdT8=\/0x0:1024x732\/1600x0\/smart\/filters:strip_icc()\/i.s3.glbimg.com\/v1\/AUTH_59edd422c0c84a879bd37670ae4f538a\/internal_photos\/bs\/2018\/B\/S\/iuH5UAQRi4Bi0iitKMIA\/jaguar-xj-3.4-containing-queen-n-corgi-dashboard-ornament.-the-ornament.jpg\" data-media-index=\"1\">\n<div class=\"placeholder-container\"><\/div>\n<picture><img loading=\"lazy\" class=\"image content-media__image progressive-loaded\" title=\"Elizabeth II e um de seus corgis: adorno de carro mostra que os c\u00e3es se tornaram uma marca registrada da realeza (Foto: https:\/\/commons.wikimedia.org\/wiki\/File:Jaguar_XJ_3.4_containing_Queen_n_%27Corgi_dashboard_ornament._The_ornament.JPG)\" src=\"https:\/\/s2.glbimg.com\/IhhQFeB3fKVt4NRCQIWeJQX8nDY=\/0x0:1024x732\/984x0\/smart\/filters:strip_icc()\/i.s3.glbimg.com\/v1\/AUTH_59edd422c0c84a879bd37670ae4f538a\/internal_photos\/bs\/2018\/B\/S\/iuH5UAQRi4Bi0iitKMIA\/jaguar-xj-3.4-containing-queen-n-corgi-dashboard-ornament.-the-ornament.jpg\" alt=\"Elizabeth II e um de seus corgis: adorno de carro mostra que os c\u00e3es se tornaram uma marca registrada da realeza (Foto: https:\/\/commons.wikimedia.org\/wiki\/File:Jaguar_XJ_3.4_containing_Queen_n_%27Corgi_dashboard_ornament._The_ornament.JPG)\" width=\"638\" height=\"456\" data-src=\"https:\/\/s2.glbimg.com\/IhhQFeB3fKVt4NRCQIWeJQX8nDY=\/0x0:1024x732\/984x0\/smart\/filters:strip_icc()\/i.s3.glbimg.com\/v1\/AUTH_59edd422c0c84a879bd37670ae4f538a\/internal_photos\/bs\/2018\/B\/S\/iuH5UAQRi4Bi0iitKMIA\/jaguar-xj-3.4-containing-queen-n-corgi-dashboard-ornament.-the-ornament.jpg\" \/><\/picture>\n<\/div>\n<\/div>\n<div class=\"content-media__description-centered \">\n<p class=\"content-media__description\"><i class=\"content-media__description__icon theme-color-primary\"><\/i><span class=\"content-media__description__caption\">Elizabeth II e um de seus corgis: adorno de carro mostra que os c\u00e3es se tornaram uma marca registrada da realeza\u00a0<\/span><\/p>\n<\/div>\n<\/div>\n<\/div>\n<\/div>\n<div data-track-category=\"fim do conteudo\" data-track-action=\"ultimo chunk conteudo\" data-track-noninteraction=\"false\" data-track-scroll=\"entrada completa viewport\">\n<div class=\"mc-column content-text active-extra-styles \" data-block-type=\"unstyled\" data-block-weight=\"176\" data-block-id=\"7\">\n<p class=\"content-text__container \" data-track-category=\"Link no Texto\" data-track-links=\"\">Ali\u00e1s, a tristeza iguala nobres e plebeus. Em abril desse ano, fontes do Pal\u00e1cio de Buckingham admitiram que a Rainha Elizabeth II, de 92 anos, sofrera um duro golpe com a morte de Willow, o \u00faltimo de seus c\u00e3es de estima\u00e7\u00e3o da ra\u00e7a corgi. A rela\u00e7\u00e3o de afeto da soberana com os corgis come\u00e7ou quando ainda era princesa: aos 18 anos, ela ganhou Susan, e Willow pertencia \u00e0 14\u00aa. gera\u00e7\u00e3o de descendentes da cachorrinha. Elizabeth II ainda tem dois \u201cdorgis\u201d, resultado de cruzamentos com dachshunds (os bass\u00eas, ou \u201csalsichas\u201d), mas foram os Pembroke Welsh corgis que se tornaram uma das marcas registradas da fam\u00edlia real. Em 2015, ela j\u00e1 havia decidido n\u00e3o acolher novos animais e o principal motivo teria sido n\u00e3o deixar seus bichos de estima\u00e7\u00e3o \u201cpara tr\u00e1s\u201d, sob os cuidados de outras pessoas depois que morresse. Os corgis foram personagens recorrentes de fotos da realeza e at\u00e9 participaram do filme utilizado na abertura dos Jogos Ol\u00edmpicos de 2012, em Londres. Para quem n\u00e3o viu ou n\u00e3o se lembra:\u00a0<a href=\"https:\/\/www.youtube.com\/watch?v=1AS-dCdYZbo\" target=\"_blank\"><strong>confira aqui<\/strong><\/a>, porque \u00e9 uma gra\u00e7a.<\/p>\n<\/div>\n<\/div>\n","protected":false},"excerpt":{"rendered":"<p>Nessa hora, n\u00e3o importa se voc\u00ea \u00e9 f\u00e3 de c\u00e3es ou de gatos, porque a<\/p>\n","protected":false},"author":2,"featured_media":90511,"comment_status":"open","ping_status":"open","sticky":false,"template":"","format":"standard","meta":[],"categories":[],"tags":[],"uagb_featured_image_src":{"full":["https:\/\/espacoecologico.com.br\/arquivo\/wp-content\/uploads\/2018\/08\/cachorro-3.jpg",415,265,false],"thumbnail":["https:\/\/espacoecologico.com.br\/arquivo\/wp-content\/uploads\/2018\/08\/cachorro-3-150x150.jpg",150,150,true],"medium":["https:\/\/espacoecologico.com.br\/arquivo\/wp-content\/uploads\/2018\/08\/cachorro-3-300x192.jpg",300,192,true],"medium_large":["https:\/\/espacoecologico.com.br\/arquivo\/wp-content\/uploads\/2018\/08\/cachorro-3.jpg",415,265,false],"large":["https:\/\/espacoecologico.com.br\/arquivo\/wp-content\/uploads\/2018\/08\/cachorro-3.jpg",415,265,false],"1536x1536":["https:\/\/espacoecologico.com.br\/arquivo\/wp-content\/uploads\/2018\/08\/cachorro-3.jpg",415,265,false],"2048x2048":["https:\/\/espacoecologico.com.br\/arquivo\/wp-content\/uploads\/2018\/08\/cachorro-3.jpg",415,265,false],"cream-magazine-thumbnail-2":["https:\/\/espacoecologico.com.br\/arquivo\/wp-content\/uploads\/2018\/08\/cachorro-3.jpg",415,265,false],"cream-magazine-thumbnail-3":["https:\/\/espacoecologico.com.br\/arquivo\/wp-content\/uploads\/2018\/08\/cachorro-3.jpg",415,265,false],"cream-magazine-thumbnail-4":["https:\/\/espacoecologico.com.br\/arquivo\/wp-content\/uploads\/2018\/08\/cachorro-3.jpg",415,265,false]},"uagb_author_info":{"display_name":"","author_link":"https:\/\/espacoecologico.com.br\/arquivo\/author\/"},"uagb_comment_info":0,"uagb_excerpt":"Nessa hora, n\u00e3o importa se voc\u00ea \u00e9 f\u00e3 de c\u00e3es ou de gatos, porque a","_links":{"self":[{"href":"https:\/\/espacoecologico.com.br\/arquivo\/wp-json\/wp\/v2\/posts\/90510"}],"collection":[{"href":"https:\/\/espacoecologico.com.br\/arquivo\/wp-json\/wp\/v2\/posts"}],"about":[{"href":"https:\/\/espacoecologico.com.br\/arquivo\/wp-json\/wp\/v2\/types\/post"}],"author":[{"embeddable":true,"href":"https:\/\/espacoecologico.com.br\/arquivo\/wp-json\/wp\/v2\/users\/2"}],"replies":[{"embeddable":true,"href":"https:\/\/espacoecologico.com.br\/arquivo\/wp-json\/wp\/v2\/comments?post=90510"}],"version-history":[{"count":0,"href":"https:\/\/espacoecologico.com.br\/arquivo\/wp-json\/wp\/v2\/posts\/90510\/revisions"}],"wp:featuredmedia":[{"embeddable":true,"href":"https:\/\/espacoecologico.com.br\/arquivo\/wp-json\/wp\/v2\/media\/90511"}],"wp:attachment":[{"href":"https:\/\/espacoecologico.com.br\/arquivo\/wp-json\/wp\/v2\/media?parent=90510"}],"wp:term":[{"taxonomy":"category","embeddable":true,"href":"https:\/\/espacoecologico.com.br\/arquivo\/wp-json\/wp\/v2\/categories?post=90510"},{"taxonomy":"post_tag","embeddable":true,"href":"https:\/\/espacoecologico.com.br\/arquivo\/wp-json\/wp\/v2\/tags?post=90510"}],"curies":[{"name":"wp","href":"https:\/\/api.w.org\/{rel}","templated":true}]}}