{"id":90507,"date":"2018-08-19T13:34:15","date_gmt":"2018-08-19T16:34:15","guid":{"rendered":"https:\/\/espacoecologico.com.br\/arquivo\/?p=90507"},"modified":"2018-08-19T13:34:15","modified_gmt":"2018-08-19T16:34:15","slug":"a-cidade-que-espera-ha-10-anos-para-mudar-de-lugar-apos-contaminacao","status":"publish","type":"post","link":"https:\/\/espacoecologico.com.br\/arquivo\/a-cidade-que-espera-ha-10-anos-para-mudar-de-lugar-apos-contaminacao\/","title":{"rendered":"A cidade que espera h\u00e1 10 anos para mudar de lugar ap\u00f3s contamina\u00e7\u00e3o"},"content":{"rendered":"<p><img loading=\"lazy\" class=\"alignleft size-medium wp-image-90508\" src=\"https:\/\/espacoecologico.com.br\/arquivo\/wp-content\/uploads\/2018\/08\/cidade_contaminada-300x192.jpg\" alt=\"\" width=\"300\" height=\"192\" srcset=\"https:\/\/espacoecologico.com.br\/arquivo\/wp-content\/uploads\/2018\/08\/cidade_contaminada-300x192.jpg 300w, https:\/\/espacoecologico.com.br\/arquivo\/wp-content\/uploads\/2018\/08\/cidade_contaminada.jpg 415w\" sizes=\"(max-width: 300px) 100vw, 300px\" \/>Cerro de Pasco, no Peru, \u00e9, em sua ess\u00eancia, uma enorme mina a c\u00e9u aberto \u2013 localizada a 4,3 mil metros de altitude.<\/p>\n<p>Os n\u00edveis de metais pesados no solo e na \u00e1gua s\u00e3o extremamente altos e vem causando s\u00e9rios problemas de sa\u00fade em seus moradores.<\/p>\n<div><\/div>\n<p>\u201cMeu filho tem chumbo, ars\u00eanio, c\u00e1dmio, merc\u00fario e todo tipo de minerais em seu sangue\u201d, diz Irma Estrella, m\u00e3e de Jhan Estrella.<\/p>\n<p>\u201cEle n\u00e3o consegue andar e movimentar o joelho, e seus nervos est\u00e3o ficando paralisados.\u201d<\/p>\n<p>Ela conta que a poeira da mina entra nas casas pela janela e contamina a \u00e1gua, as frutas, recipientes e panelas.<\/p>\n<div class=\"google-auto-placed ap_container\"><\/div>\n<p>\u201cEnt\u00e3o, estamos consumindo isso. Tudo em Pasco \u00e9 contaminado pela minera\u00e7\u00e3o.\u201d<\/p>\n<p>Em 2008, o Congresso peruano aprovou uma lei para mudar a cidade inteira de lugar.<\/p>\n<p>Os moradores ainda est\u00e3o esperando por isso.<\/p>\n<p>A filha de Marcos Casta\u00f1eda, Sherli, de 11 anos, foi diagnosticada com leucemia.<\/p>\n<p>\u201cFoi da noite para o dia. Seu nariz passou a sangrar. Pensamos que era por causa de uma gripe ou de uma dor de cabe\u00e7a\u201d, conta Casta\u00f1eda.<\/p>\n<p>\u201cFomos na farm\u00e1cia, compramos umas pastilhas e demos para ela. No dia seguinte, o sangramento voltou e n\u00e3o parou mais.\u201d<\/p>\n<p>O governo do Peru j\u00e1 decretou estado de emerg\u00eancia de sa\u00fade p\u00fablica tr\u00eas vezes em Cerro de Pasco.<\/p>\n<p>Mas n\u00e3o concorda que a causa seja a minera\u00e7\u00e3o.<\/p>\n<p>A empresa peruana Volcan opera a mina da cidade.<\/p>\n<p>Desde o ano passado, a gigante anglo-su\u00ed\u00e7a Glencore \u00e9 dona da maioria de suas a\u00e7\u00f5es.<\/p>\n<p>Ela diz que a Volcan tem trabalhado com as principais partes interessadas e tomado, h\u00e1 d\u00e9cadas, as medidas necess\u00e1rias para lidar com as quest\u00f5es ambientais na regi\u00e3o.<\/p>\n<p>Os moradores discordam. \u201cFico revoltada que meu filho esteja t\u00e3o doente. Ele n\u00e3o \u00e9 hoje uma crian\u00e7a saud\u00e1vel por causa da minera\u00e7\u00e3o\u201d, diz Estrella.<\/p>\n<p>\u201cAs empresas que atuam em Pasco lucram muito enquanto n\u00f3s e nossas crian\u00e7as temos problemas de sa\u00fade por causa de intoxica\u00e7\u00e3o por chumbo.\u201d<\/p>\n<p><img loading=\"lazy\" class=\"\" src=\"https:\/\/s2.glbimg.com\/dZe6ltwXDu0rnMo8t9CdakY-OF4=\/0x0:1920x1080\/984x0\/smart\/filters:strip_icc()\/i.s3.glbimg.com\/v1\/AUTH_59edd422c0c84a879bd37670ae4f538a\/internal_photos\/bs\/2018\/Y\/w\/kbcO8aRFOEOoU1zdeh5w\/pesco4.jpg\" alt=\"Congresso do Peru j\u00c3\u0083\u00c2\u00a1 decretou estado de emerg\u00c3\u0083\u00c2\u00aancia tr\u00c3\u0083\u00c2\u00aas vezes, mas n\u00c3\u0083\u00c2\u00a3o reconhece culpa da minera\u00c3\u0083\u00c2\u00a7\u00c3\u0083\u00c2\u00a3o no local (Foto: BBC)\" width=\"639\" height=\"360\" \/><\/p>\n<div>\n<div class=\"wp-caption alignnone\">Congresso do Peru j\u00e1 decretou estado de emerg\u00eancia tr\u00eas vezes, mas n\u00e3o reconhece culpa da minera\u00e7\u00e3o no local (Foto: BBC)<\/div>\n<p>Acesse o link e confira o v\u00eddeo:<br \/>\n<a href=\"https:\/\/www.bbc.com\/portuguese\/internacional-45213064\">https:\/\/www.bbc.com\/portuguese\/internacional-45213064<\/a><\/p>\n<p>&nbsp;<\/p>\n<\/div>\n","protected":false},"excerpt":{"rendered":"<p>Cerro de Pasco, no Peru, \u00e9, em sua ess\u00eancia, uma enorme mina a c\u00e9u aberto<\/p>\n","protected":false},"author":2,"featured_media":90508,"comment_status":"open","ping_status":"open","sticky":false,"template":"","format":"standard","meta":[],"categories":[],"tags":[],"uagb_featured_image_src":{"full":["https:\/\/espacoecologico.com.br\/arquivo\/wp-content\/uploads\/2018\/08\/cidade_contaminada.jpg",415,265,false],"thumbnail":["https:\/\/espacoecologico.com.br\/arquivo\/wp-content\/uploads\/2018\/08\/cidade_contaminada-150x150.jpg",150,150,true],"medium":["https:\/\/espacoecologico.com.br\/arquivo\/wp-content\/uploads\/2018\/08\/cidade_contaminada-300x192.jpg",300,192,true],"medium_large":["https:\/\/espacoecologico.com.br\/arquivo\/wp-content\/uploads\/2018\/08\/cidade_contaminada.jpg",415,265,false],"large":["https:\/\/espacoecologico.com.br\/arquivo\/wp-content\/uploads\/2018\/08\/cidade_contaminada.jpg",415,265,false],"1536x1536":["https:\/\/espacoecologico.com.br\/arquivo\/wp-content\/uploads\/2018\/08\/cidade_contaminada.jpg",415,265,false],"2048x2048":["https:\/\/espacoecologico.com.br\/arquivo\/wp-content\/uploads\/2018\/08\/cidade_contaminada.jpg",415,265,false],"cream-magazine-thumbnail-2":["https:\/\/espacoecologico.com.br\/arquivo\/wp-content\/uploads\/2018\/08\/cidade_contaminada.jpg",415,265,false],"cream-magazine-thumbnail-3":["https:\/\/espacoecologico.com.br\/arquivo\/wp-content\/uploads\/2018\/08\/cidade_contaminada.jpg",415,265,false],"cream-magazine-thumbnail-4":["https:\/\/espacoecologico.com.br\/arquivo\/wp-content\/uploads\/2018\/08\/cidade_contaminada.jpg",415,265,false]},"uagb_author_info":{"display_name":"","author_link":"https:\/\/espacoecologico.com.br\/arquivo\/author\/"},"uagb_comment_info":0,"uagb_excerpt":"Cerro de Pasco, no Peru, \u00e9, em sua ess\u00eancia, uma enorme mina a c\u00e9u aberto","_links":{"self":[{"href":"https:\/\/espacoecologico.com.br\/arquivo\/wp-json\/wp\/v2\/posts\/90507"}],"collection":[{"href":"https:\/\/espacoecologico.com.br\/arquivo\/wp-json\/wp\/v2\/posts"}],"about":[{"href":"https:\/\/espacoecologico.com.br\/arquivo\/wp-json\/wp\/v2\/types\/post"}],"author":[{"embeddable":true,"href":"https:\/\/espacoecologico.com.br\/arquivo\/wp-json\/wp\/v2\/users\/2"}],"replies":[{"embeddable":true,"href":"https:\/\/espacoecologico.com.br\/arquivo\/wp-json\/wp\/v2\/comments?post=90507"}],"version-history":[{"count":0,"href":"https:\/\/espacoecologico.com.br\/arquivo\/wp-json\/wp\/v2\/posts\/90507\/revisions"}],"wp:featuredmedia":[{"embeddable":true,"href":"https:\/\/espacoecologico.com.br\/arquivo\/wp-json\/wp\/v2\/media\/90508"}],"wp:attachment":[{"href":"https:\/\/espacoecologico.com.br\/arquivo\/wp-json\/wp\/v2\/media?parent=90507"}],"wp:term":[{"taxonomy":"category","embeddable":true,"href":"https:\/\/espacoecologico.com.br\/arquivo\/wp-json\/wp\/v2\/categories?post=90507"},{"taxonomy":"post_tag","embeddable":true,"href":"https:\/\/espacoecologico.com.br\/arquivo\/wp-json\/wp\/v2\/tags?post=90507"}],"curies":[{"name":"wp","href":"https:\/\/api.w.org\/{rel}","templated":true}]}}