{"id":90500,"date":"2018-08-19T13:21:06","date_gmt":"2018-08-19T16:21:06","guid":{"rendered":"https:\/\/espacoecologico.com.br\/arquivo\/?p=90500"},"modified":"2018-08-19T13:21:06","modified_gmt":"2018-08-19T16:21:06","slug":"estudos-mostram-que-amamentacao-reduz-risco-de-cancer-de-mama","status":"publish","type":"post","link":"https:\/\/espacoecologico.com.br\/arquivo\/estudos-mostram-que-amamentacao-reduz-risco-de-cancer-de-mama\/","title":{"rendered":"Estudos mostram que amamenta\u00e7\u00e3o reduz risco de c\u00e2ncer de mama"},"content":{"rendered":"<p class=\"texto\"><a href=\"https:\/\/espacoecologico.com.br\/arquivo\/wp-content\/uploads\/2018\/08\/aleitamento.jpg\"><img loading=\"lazy\" class=\"alignleft size-medium wp-image-90501\" src=\"https:\/\/espacoecologico.com.br\/arquivo\/wp-content\/uploads\/2018\/08\/aleitamento-300x192.jpg\" alt=\"\" width=\"300\" height=\"192\" srcset=\"https:\/\/espacoecologico.com.br\/arquivo\/wp-content\/uploads\/2018\/08\/aleitamento-300x192.jpg 300w, https:\/\/espacoecologico.com.br\/arquivo\/wp-content\/uploads\/2018\/08\/aleitamento.jpg 415w\" sizes=\"(max-width: 300px) 100vw, 300px\" \/><\/a>Agosto \u00e9 o m\u00eas de conscientiza\u00e7\u00e3o sobre o aleitamento materno. Segundo a Organiza\u00e7\u00e3o Mundial da Sa\u00fade (OMS), a amamenta\u00e7\u00e3o de todos os beb\u00eas nos primeiros dois anos pode salvar a vida de mais de 820 mil crian\u00e7as com menos de cinco anos, todos os anos. No Brasil, apenas 41% das crian\u00e7as com at\u00e9 6 meses s\u00e3o alimentadas exclusivamente com leite materno.<\/p>\n<p class=\"texto\">Os benef\u00edcios s\u00e3o in\u00fameros, para os beb\u00eas e tamb\u00e9m para as m\u00e3es. Al\u00e9m de proteger a crian\u00e7a contra infec\u00e7\u00f5es, prevenir alergias, anemia e outras doen\u00e7as, a amamenta\u00e7\u00e3o est\u00e1 associada ao desenvolvimento da arcada dent\u00e1ria, desempenho intelectual e outros fatores que melhoram a qualidade de vida. Para as m\u00e3es, o aleitamento \u00e9 economicamente vantajoso, ajuda a evitar a depress\u00e3o p\u00f3s-parto e reduz o risco de c\u00e2ncer de mama.<\/p>\n<p class=\"texto\">Estudos mostraram que a cada 12 meses de amamenta\u00e7\u00e3o, o risco de c\u00e2ncer de mama \u00e9 reduzido em 4,3%. Daniela Amaral, oncologista do Grupo CON, explica que no per\u00edodo de amamenta\u00e7\u00e3o, quando o ciclo menstrual \u00e9 interrompido, a mulher est\u00e1 menos exposta \u00e0s a\u00e7\u00f5es de horm\u00f4nios que podem provocar este tipo de tumor. \u201cO c\u00e2ncer de mama pode estar relacionado a uma sobrecarga do horm\u00f4nio estrog\u00eanio, produzido pelo pr\u00f3prio corpo ou absorvido por meio de contraceptivos e outras subst\u00e2ncias. Durante o aleitamento, os ciclos ovulat\u00f3rios s\u00e3o interrompidos, diminuindo a quantidade de horm\u00f4nios. Essa \u00e9 uma das explica\u00e7\u00f5es para a associa\u00e7\u00e3o entre amamenta\u00e7\u00e3o e preven\u00e7\u00e3o do c\u00e2ncer de mama, mas o mecanismo ainda n\u00e3o foi totalmente comprovado\u201d, afirma.<\/p>\n<p class=\"texto\">O c\u00e2ncer de mama \u00e9 a neoplasia mais comum entre as mulheres e, desconsiderando o c\u00e2ncer de pele n\u00e3o melanoma, corresponde a aproximadamente 30% dos diagn\u00f3sticos. Segundo dados do Instituto Nacional do C\u00e2ncer (INCA), est\u00e3o previstos 59.700 casos e 14.388 mortes decorrentes da doen\u00e7a apenas em 2018.<\/p>\n","protected":false},"excerpt":{"rendered":"<p>Agosto \u00e9 o m\u00eas de conscientiza\u00e7\u00e3o sobre o aleitamento materno. Segundo a Organiza\u00e7\u00e3o Mundial da<\/p>\n","protected":false},"author":2,"featured_media":90501,"comment_status":"open","ping_status":"open","sticky":false,"template":"","format":"standard","meta":[],"categories":[],"tags":[],"uagb_featured_image_src":{"full":["https:\/\/espacoecologico.com.br\/arquivo\/wp-content\/uploads\/2018\/08\/aleitamento.jpg",415,265,false],"thumbnail":["https:\/\/espacoecologico.com.br\/arquivo\/wp-content\/uploads\/2018\/08\/aleitamento-150x150.jpg",150,150,true],"medium":["https:\/\/espacoecologico.com.br\/arquivo\/wp-content\/uploads\/2018\/08\/aleitamento-300x192.jpg",300,192,true],"medium_large":["https:\/\/espacoecologico.com.br\/arquivo\/wp-content\/uploads\/2018\/08\/aleitamento.jpg",415,265,false],"large":["https:\/\/espacoecologico.com.br\/arquivo\/wp-content\/uploads\/2018\/08\/aleitamento.jpg",415,265,false],"1536x1536":["https:\/\/espacoecologico.com.br\/arquivo\/wp-content\/uploads\/2018\/08\/aleitamento.jpg",415,265,false],"2048x2048":["https:\/\/espacoecologico.com.br\/arquivo\/wp-content\/uploads\/2018\/08\/aleitamento.jpg",415,265,false],"cream-magazine-thumbnail-2":["https:\/\/espacoecologico.com.br\/arquivo\/wp-content\/uploads\/2018\/08\/aleitamento.jpg",415,265,false],"cream-magazine-thumbnail-3":["https:\/\/espacoecologico.com.br\/arquivo\/wp-content\/uploads\/2018\/08\/aleitamento.jpg",415,265,false],"cream-magazine-thumbnail-4":["https:\/\/espacoecologico.com.br\/arquivo\/wp-content\/uploads\/2018\/08\/aleitamento.jpg",415,265,false]},"uagb_author_info":{"display_name":"","author_link":"https:\/\/espacoecologico.com.br\/arquivo\/author\/"},"uagb_comment_info":0,"uagb_excerpt":"Agosto \u00e9 o m\u00eas de conscientiza\u00e7\u00e3o sobre o aleitamento materno. Segundo a Organiza\u00e7\u00e3o Mundial da","_links":{"self":[{"href":"https:\/\/espacoecologico.com.br\/arquivo\/wp-json\/wp\/v2\/posts\/90500"}],"collection":[{"href":"https:\/\/espacoecologico.com.br\/arquivo\/wp-json\/wp\/v2\/posts"}],"about":[{"href":"https:\/\/espacoecologico.com.br\/arquivo\/wp-json\/wp\/v2\/types\/post"}],"author":[{"embeddable":true,"href":"https:\/\/espacoecologico.com.br\/arquivo\/wp-json\/wp\/v2\/users\/2"}],"replies":[{"embeddable":true,"href":"https:\/\/espacoecologico.com.br\/arquivo\/wp-json\/wp\/v2\/comments?post=90500"}],"version-history":[{"count":0,"href":"https:\/\/espacoecologico.com.br\/arquivo\/wp-json\/wp\/v2\/posts\/90500\/revisions"}],"wp:featuredmedia":[{"embeddable":true,"href":"https:\/\/espacoecologico.com.br\/arquivo\/wp-json\/wp\/v2\/media\/90501"}],"wp:attachment":[{"href":"https:\/\/espacoecologico.com.br\/arquivo\/wp-json\/wp\/v2\/media?parent=90500"}],"wp:term":[{"taxonomy":"category","embeddable":true,"href":"https:\/\/espacoecologico.com.br\/arquivo\/wp-json\/wp\/v2\/categories?post=90500"},{"taxonomy":"post_tag","embeddable":true,"href":"https:\/\/espacoecologico.com.br\/arquivo\/wp-json\/wp\/v2\/tags?post=90500"}],"curies":[{"name":"wp","href":"https:\/\/api.w.org\/{rel}","templated":true}]}}