{"id":90497,"date":"2018-08-19T13:16:50","date_gmt":"2018-08-19T16:16:50","guid":{"rendered":"https:\/\/espacoecologico.com.br\/arquivo\/?p=90497"},"modified":"2018-08-19T13:16:50","modified_gmt":"2018-08-19T16:16:50","slug":"reserva-ecologica-de-guapiacu-reintroduz-especies-ameacadas-a-natureza","status":"publish","type":"post","link":"https:\/\/espacoecologico.com.br\/arquivo\/reserva-ecologica-de-guapiacu-reintroduz-especies-ameacadas-a-natureza\/","title":{"rendered":"Reserva Ecol\u00f3gica de Guapia\u00e7u reintroduz esp\u00e9cies amea\u00e7adas \u00e0 natureza"},"content":{"rendered":"<p><a href=\"https:\/\/espacoecologico.com.br\/arquivo\/wp-content\/uploads\/2018\/08\/jacutingas.jpg\"><img loading=\"lazy\" class=\"alignleft size-medium wp-image-90498\" src=\"https:\/\/espacoecologico.com.br\/arquivo\/wp-content\/uploads\/2018\/08\/jacutingas-300x192.jpg\" alt=\"\" width=\"300\" height=\"192\" srcset=\"https:\/\/espacoecologico.com.br\/arquivo\/wp-content\/uploads\/2018\/08\/jacutingas-300x192.jpg 300w, https:\/\/espacoecologico.com.br\/arquivo\/wp-content\/uploads\/2018\/08\/jacutingas.jpg 415w\" sizes=\"(max-width: 300px) 100vw, 300px\" \/><\/a>Nesta semana a\u00a0<a href=\"http:\/\/www.wikiparques.org\/wiki\/Reserva_Particular_do_Patrim%C3%B4nio_Natural_Reserva_Ecol%C3%B3gica_de_Guapia%C3%A7u\" target=\"_blank\" rel=\"noopener\">Reserva Particular do Patrim\u00f4nio Natural Reserva Ecol\u00f3gica de Guapia\u00e7u (RJ)<\/a>, receber\u00e1 3 aves da esp\u00e9cie jacutinga (<i>Aburria jacutinga<\/i>). A a\u00e7\u00e3o na unidade de conserva\u00e7\u00e3o repete outra realizada em julho deste ano, quando 3\u00a0antas \u00a0(<em>Tapirus terrestris<\/em>) tamb\u00e9m foram soltas na reserva.\u00a0O motivo da soltura destes animais no local \u00e9 a reintrodu\u00e7\u00e3o das esp\u00e9cies ao seu ambiente natural o que promove a\u00a0recupera\u00e7\u00e3o de ecossistemas.<\/p>\n<p>As jacutingas Coffee, Thaty e Lily foram adquiridas especialmente para a reintrodu\u00e7\u00e3o do Projeto Jacutinga, no Rio de Janeiro. A esp\u00e9cie est\u00e1 extinta no Estado desde que foi avistada pela \u00faltima vez em Itatiaia, em 1978, e na Serra dos \u00d3rg\u00e3os, em 1980. A abertura do viveiro ser\u00e1 nesta ter\u00e7a-feira (14) e, ap\u00f3s a a\u00e7\u00e3o, o Projeto, uma iniciativa\u00a0 da SAVE Brasil apoiada pela Funda\u00e7\u00e3o Botic\u00e1rio, ir\u00e1 realizar o acompanhamento dos animais, tamb\u00e9m incentivando a comunidade local por meio da pr\u00e1tica de observa\u00e7\u00e3o de aves.<\/p>\n<p><img loading=\"lazy\" class=\"\" src=\"https:\/\/www.wikiparques.org\/wp-content\/uploads\/2018\/08\/15072018-regua.jpg\" width=\"639\" height=\"426\" \/><\/p>\n<div id=\"attachment_13518\" class=\"wp-caption aligncenter\">A unidade de conserva\u00e7\u00e3o tamb\u00e9m \u00e9 novo lar de tr\u00eas antas, soltas no local em julho deste ano. O<br \/>\nmonitoramento da esp\u00e9cie \u00e9 feito por armadilhas fotogr\u00e1ficas e por coleiras com transmissores, colocadas nos animais. Foto: Maron Galliez<\/div>\n<p>As antas Flora, Valente e J\u00fapiter chegaram \u00e0 unidade em julho deste ano ap\u00f3s um m\u00eas de adapta\u00e7\u00e3o. O trio se juntou a Eva e Floquinho, outros dois animais da mesma esp\u00e9cie que\u00a0<a href=\"https:\/\/www.wikiparques.org\/extintas-no-estado-antas-serao-reintroduzidas-em-reserva-no-rio-de-janeiro\/\" target=\"_blank\" rel=\"noopener\">foram reintroduzidos no local em dezembro de 2017<\/a>.\u00a0A expectativa do \u00e9 a reintrodu\u00e7\u00e3o, ainda neste ano, de mais 5 animais, totalizando 10 antas na unidade.<\/p>\n<p>Embora as antas n\u00e3o estejam totalmente extintas na Mata Atl\u00e2ntica, est\u00e3o extintas no Rio de Janeiro h\u00e1 pelo menos 100 anos. Os mam\u00edferos foram reintroduzidas na unidade de conserva\u00e7\u00e3o pelo Programa Refauna, que busca diminuir o processo de desaparecimento das esp\u00e9cies e restabelecer as intera\u00e7\u00f5es ecol\u00f3gicas na Mata Atl\u00e2ntica. O\u00a0sucesso da a\u00e7\u00e3o depende principalmente da participa\u00e7\u00e3o ativa da sociedade, visto que a ca\u00e7a \u00e9 a principal amea\u00e7a ao animal. Os pesquisadores tem realizado diversas a\u00e7\u00f5es com a comunidade local visando minimizar a pr\u00e1tica.<\/p>\n<p>Em todos os casos, os animais, vindos do cativeiro, precisam passar por um per\u00edodo de reabilita\u00e7\u00e3o antes da soltura. Eles ainda passam por um per\u00edodo de aclimata\u00e7\u00e3o, para somente depois serem soltos na \u00a0<a href=\"http:\/\/www.wikiparques.org\/wiki\/Reserva_Particular_do_Patrim%C3%B4nio_Natural_Reserva_Ecol%C3%B3gica_de_Guapia%C3%A7u\" target=\"_blank\" rel=\"noopener\">Reserva Ecol\u00f3gica de Guapia\u00e7u (RJ)<\/a>.<\/p>\n","protected":false},"excerpt":{"rendered":"<p>Nesta semana a\u00a0Reserva Particular do Patrim\u00f4nio Natural Reserva Ecol\u00f3gica de Guapia\u00e7u (RJ), receber\u00e1 3 aves<\/p>\n","protected":false},"author":2,"featured_media":90498,"comment_status":"open","ping_status":"open","sticky":false,"template":"","format":"standard","meta":[],"categories":[],"tags":[],"uagb_featured_image_src":{"full":["https:\/\/espacoecologico.com.br\/arquivo\/wp-content\/uploads\/2018\/08\/jacutingas.jpg",415,265,false],"thumbnail":["https:\/\/espacoecologico.com.br\/arquivo\/wp-content\/uploads\/2018\/08\/jacutingas-150x150.jpg",150,150,true],"medium":["https:\/\/espacoecologico.com.br\/arquivo\/wp-content\/uploads\/2018\/08\/jacutingas-300x192.jpg",300,192,true],"medium_large":["https:\/\/espacoecologico.com.br\/arquivo\/wp-content\/uploads\/2018\/08\/jacutingas.jpg",415,265,false],"large":["https:\/\/espacoecologico.com.br\/arquivo\/wp-content\/uploads\/2018\/08\/jacutingas.jpg",415,265,false],"1536x1536":["https:\/\/espacoecologico.com.br\/arquivo\/wp-content\/uploads\/2018\/08\/jacutingas.jpg",415,265,false],"2048x2048":["https:\/\/espacoecologico.com.br\/arquivo\/wp-content\/uploads\/2018\/08\/jacutingas.jpg",415,265,false],"cream-magazine-thumbnail-2":["https:\/\/espacoecologico.com.br\/arquivo\/wp-content\/uploads\/2018\/08\/jacutingas.jpg",415,265,false],"cream-magazine-thumbnail-3":["https:\/\/espacoecologico.com.br\/arquivo\/wp-content\/uploads\/2018\/08\/jacutingas.jpg",415,265,false],"cream-magazine-thumbnail-4":["https:\/\/espacoecologico.com.br\/arquivo\/wp-content\/uploads\/2018\/08\/jacutingas.jpg",415,265,false]},"uagb_author_info":{"display_name":"","author_link":"https:\/\/espacoecologico.com.br\/arquivo\/author\/"},"uagb_comment_info":0,"uagb_excerpt":"Nesta semana a\u00a0Reserva Particular do Patrim\u00f4nio Natural Reserva Ecol\u00f3gica de Guapia\u00e7u (RJ), receber\u00e1 3 aves","_links":{"self":[{"href":"https:\/\/espacoecologico.com.br\/arquivo\/wp-json\/wp\/v2\/posts\/90497"}],"collection":[{"href":"https:\/\/espacoecologico.com.br\/arquivo\/wp-json\/wp\/v2\/posts"}],"about":[{"href":"https:\/\/espacoecologico.com.br\/arquivo\/wp-json\/wp\/v2\/types\/post"}],"author":[{"embeddable":true,"href":"https:\/\/espacoecologico.com.br\/arquivo\/wp-json\/wp\/v2\/users\/2"}],"replies":[{"embeddable":true,"href":"https:\/\/espacoecologico.com.br\/arquivo\/wp-json\/wp\/v2\/comments?post=90497"}],"version-history":[{"count":0,"href":"https:\/\/espacoecologico.com.br\/arquivo\/wp-json\/wp\/v2\/posts\/90497\/revisions"}],"wp:featuredmedia":[{"embeddable":true,"href":"https:\/\/espacoecologico.com.br\/arquivo\/wp-json\/wp\/v2\/media\/90498"}],"wp:attachment":[{"href":"https:\/\/espacoecologico.com.br\/arquivo\/wp-json\/wp\/v2\/media?parent=90497"}],"wp:term":[{"taxonomy":"category","embeddable":true,"href":"https:\/\/espacoecologico.com.br\/arquivo\/wp-json\/wp\/v2\/categories?post=90497"},{"taxonomy":"post_tag","embeddable":true,"href":"https:\/\/espacoecologico.com.br\/arquivo\/wp-json\/wp\/v2\/tags?post=90497"}],"curies":[{"name":"wp","href":"https:\/\/api.w.org\/{rel}","templated":true}]}}