{"id":90494,"date":"2018-08-19T13:11:34","date_gmt":"2018-08-19T16:11:34","guid":{"rendered":"https:\/\/espacoecologico.com.br\/arquivo\/?p=90494"},"modified":"2018-08-19T13:11:34","modified_gmt":"2018-08-19T16:11:34","slug":"brasil-recebe-cobranca-as-vesperas-de-sediar-evento-internacional-sobre-baleias","status":"publish","type":"post","link":"https:\/\/espacoecologico.com.br\/arquivo\/brasil-recebe-cobranca-as-vesperas-de-sediar-evento-internacional-sobre-baleias\/","title":{"rendered":"Brasil recebe cobran\u00e7a \u00e0s v\u00e9speras de sediar evento internacional sobre baleias"},"content":{"rendered":"<p><a href=\"https:\/\/espacoecologico.com.br\/arquivo\/wp-content\/uploads\/2018\/08\/baleia.jpg\"><img loading=\"lazy\" class=\"alignleft size-medium wp-image-90495\" src=\"https:\/\/espacoecologico.com.br\/arquivo\/wp-content\/uploads\/2018\/08\/baleia-300x192.jpg\" alt=\"\" width=\"300\" height=\"192\" srcset=\"https:\/\/espacoecologico.com.br\/arquivo\/wp-content\/uploads\/2018\/08\/baleia-300x192.jpg 300w, https:\/\/espacoecologico.com.br\/arquivo\/wp-content\/uploads\/2018\/08\/baleia.jpg 415w\" sizes=\"(max-width: 300px) 100vw, 300px\" \/><\/a>O governo brasileiro afirma que quitou essa semana d\u00e9bitos com a Comiss\u00e3o Internacional da Baleia (CIB) e o pa\u00eds ter\u00e1 direito a voto na 67\u00aa Reuni\u00e3o da Comiss\u00e3o, evento que sediar\u00e1 pela primeira vez desde que o colegiado foi criado, em 1946.\u00a0Pr\u00f3ximo do in\u00edcio da reuni\u00e3o, que come\u00e7a dia 4, em Florian\u00f3polis, o Brasil foi cobrado, junto com outros 31 pa\u00edses, pelo Comit\u00ea de Finan\u00e7as e Administra\u00e7\u00e3o da CIB (<a href=\"https:\/\/www.oeco.org.br\/wp-content\/uploads\/2018\/08\/Circular.pdf\">Leia a circular com cobran\u00e7a neste link<\/a>).<\/p>\n<p>De acordo com o Secret\u00e1rio de Biodiversidade do Minist\u00e9rio do Meio Ambiente, Jos\u00e9 Pedro de Oliveira Costa, o pagamento j\u00e1 havia sido realizado, mas ficou retido porque o Minist\u00e9rio do Planejamento, respons\u00e1vel pela quita\u00e7\u00e3o, n\u00e3o incluiu no valor as taxas banc\u00e1rias. O pagamento foi confirmado pelo Itamaraty.<\/p>\n<p>\u201cN\u00e3o faz sentido o Brasil sediar a mais importante comiss\u00e3o de baleias e n\u00e3o ter direito a voto, mas como \u00e0s vezes acontecem coisas surrealistas, a sua preocupa\u00e7\u00e3o \u00e9 leg\u00edtima\u201d, brincou o secret\u00e1rio, ao ser perguntado sobre o d\u00e9bito pela reportagem de ((o))eco.<\/p>\n<div id=\"attachment_62407\" class=\"wp-caption alignright\"><img loading=\"lazy\" class=\"size-full wp-image-62407\" src=\"https:\/\/www.oeco.org.br\/wp-content\/uploads\/2018\/08\/orca-1.jpg\" sizes=\"(max-width: 400px) 100vw, 400px\" srcset=\"https:\/\/www.oeco.org.br\/wp-content\/uploads\/2018\/08\/orca-1.jpg 400w, https:\/\/www.oeco.org.br\/wp-content\/uploads\/2018\/08\/orca-1-300x200.jpg 300w, https:\/\/www.oeco.org.br\/wp-content\/uploads\/2018\/08\/orca-1-278x185.jpg 278w\" alt=\"\" width=\"400\" height=\"267\" \/><\/p>\n<p class=\"wp-caption-text\">Orca nadando em S\u00e3o Sebasti\u00e3o, em S\u00e3o Paulo. Foto: Monique Tayla\/Instuto Argonauta.<\/p>\n<\/div>\n<p>Com hist\u00f3rico de defesa pela conserva\u00e7\u00e3o e pr\u00f3-morat\u00f3ria de ca\u00e7a dos cet\u00e1ceos, o Brasil lidera a proposta, feita em conjunto com Argentina, Uruguai, \u00c1frica do Sul e Gab\u00e3o, pela cria\u00e7\u00e3o de uma zona livre de ca\u00e7a de cet\u00e1ceos, o\u00a0<a href=\"http:\/\/santuariodebaleias.mma.gov.br\/pt\/vamos-recuperar-as-populacoes-de-baleias-do-atlantico-sul\/\">Santu\u00e1rio de Baleias do Atl\u00e2ntico Sul<\/a>. Na \u00faltima reuni\u00e3o, em Portoroz, na Eslov\u00eania, a proposta foi rejeitada por n\u00e3o alcan\u00e7ar o m\u00ednimo necess\u00e1rio de 75% dos votos. Faltaram 9 votos.<\/p>\n<p>A proposta estar\u00e1 mais uma vez na mesa. Segundo o embaixador Hermano Telles Ribeiro, o Brasil e outros co-patrocinadores da iniciativa mais a Uni\u00e3o Europeia est\u00e3o \u201cprocurando sensibilizar pa\u00edses membros sobre os m\u00e9ritos da iniciativa e de seu plano de manejo\u201d.<\/p>\n<p>Pelo menos 51 esp\u00e9cies de cet\u00e1ceos que habitam o Atl\u00e2ntico Sul seriam beneficiadas pela morat\u00f3ria, entre elas as baleias azul, fin, sei, minke, jubarte e franca.<\/p>\n<p><strong>Sem dinheiro, sem voto<\/strong><\/p>\n<p>Pelas regras da comiss\u00e3o, para qualquer proposta ser aprovada \u00e9 preciso \u00be dos votos dos pa\u00edses presentes com direito a voto, ou seja, pa\u00edses que est\u00e3o em dia com a contribui\u00e7\u00e3o anual. Tirando a \u00c1frica do Sul e agora o Brasil, os outros pa\u00edses que encabe\u00e7am a proposta de cria\u00e7\u00e3o do Santu\u00e1rio est\u00e3o em d\u00e9bito com a CIB e, se n\u00e3o regularizarem a situa\u00e7\u00e3o at\u00e9 a v\u00e9spera do in\u00edcio da plen\u00e1ria, em 09\/09, s\u00f3 poder\u00e3o participar como observadores. A vota\u00e7\u00e3o da proposta perder\u00e1 os votos certos de Argentina, Gab\u00e3o e Uruguai.<\/p>\n<p>O Comit\u00ea de Finan\u00e7as e Administra\u00e7\u00e3o da CIB n\u00e3o quis confirmar se o Brasil quitou o d\u00e9bito e afirmou que \u00e9 normal que os pa\u00edses membros paguem atrasos antes de uma reuni\u00e3o da Comiss\u00e3o.<\/p>\n<p><em>*Atualiza\u00e7\u00e3o:\u00a0O Comit\u00ea de Finan\u00e7as e Administra\u00e7\u00e3o da CIB emitiu uma circular na manh\u00e3 desta sexta-feira (17) confirmando o pagamento do governo brasileiro. A circular pode ser lida\u00a0<a href=\"https:\/\/www.oeco.org.br\/wp-content\/uploads\/2018\/08\/IWC.pdf\" target=\"_blank\" rel=\"noopener\">neste link<\/a>.\u00a0<\/em><\/p>\n","protected":false},"excerpt":{"rendered":"<p>O governo brasileiro afirma que quitou essa semana d\u00e9bitos com a Comiss\u00e3o Internacional da Baleia<\/p>\n","protected":false},"author":2,"featured_media":90495,"comment_status":"open","ping_status":"open","sticky":false,"template":"","format":"standard","meta":[],"categories":[],"tags":[],"uagb_featured_image_src":{"full":["https:\/\/espacoecologico.com.br\/arquivo\/wp-content\/uploads\/2018\/08\/baleia.jpg",415,265,false],"thumbnail":["https:\/\/espacoecologico.com.br\/arquivo\/wp-content\/uploads\/2018\/08\/baleia-150x150.jpg",150,150,true],"medium":["https:\/\/espacoecologico.com.br\/arquivo\/wp-content\/uploads\/2018\/08\/baleia-300x192.jpg",300,192,true],"medium_large":["https:\/\/espacoecologico.com.br\/arquivo\/wp-content\/uploads\/2018\/08\/baleia.jpg",415,265,false],"large":["https:\/\/espacoecologico.com.br\/arquivo\/wp-content\/uploads\/2018\/08\/baleia.jpg",415,265,false],"1536x1536":["https:\/\/espacoecologico.com.br\/arquivo\/wp-content\/uploads\/2018\/08\/baleia.jpg",415,265,false],"2048x2048":["https:\/\/espacoecologico.com.br\/arquivo\/wp-content\/uploads\/2018\/08\/baleia.jpg",415,265,false],"cream-magazine-thumbnail-2":["https:\/\/espacoecologico.com.br\/arquivo\/wp-content\/uploads\/2018\/08\/baleia.jpg",415,265,false],"cream-magazine-thumbnail-3":["https:\/\/espacoecologico.com.br\/arquivo\/wp-content\/uploads\/2018\/08\/baleia.jpg",415,265,false],"cream-magazine-thumbnail-4":["https:\/\/espacoecologico.com.br\/arquivo\/wp-content\/uploads\/2018\/08\/baleia.jpg",415,265,false]},"uagb_author_info":{"display_name":"","author_link":"https:\/\/espacoecologico.com.br\/arquivo\/author\/"},"uagb_comment_info":0,"uagb_excerpt":"O governo brasileiro afirma que quitou essa semana d\u00e9bitos com a Comiss\u00e3o Internacional da Baleia","_links":{"self":[{"href":"https:\/\/espacoecologico.com.br\/arquivo\/wp-json\/wp\/v2\/posts\/90494"}],"collection":[{"href":"https:\/\/espacoecologico.com.br\/arquivo\/wp-json\/wp\/v2\/posts"}],"about":[{"href":"https:\/\/espacoecologico.com.br\/arquivo\/wp-json\/wp\/v2\/types\/post"}],"author":[{"embeddable":true,"href":"https:\/\/espacoecologico.com.br\/arquivo\/wp-json\/wp\/v2\/users\/2"}],"replies":[{"embeddable":true,"href":"https:\/\/espacoecologico.com.br\/arquivo\/wp-json\/wp\/v2\/comments?post=90494"}],"version-history":[{"count":0,"href":"https:\/\/espacoecologico.com.br\/arquivo\/wp-json\/wp\/v2\/posts\/90494\/revisions"}],"wp:featuredmedia":[{"embeddable":true,"href":"https:\/\/espacoecologico.com.br\/arquivo\/wp-json\/wp\/v2\/media\/90495"}],"wp:attachment":[{"href":"https:\/\/espacoecologico.com.br\/arquivo\/wp-json\/wp\/v2\/media?parent=90494"}],"wp:term":[{"taxonomy":"category","embeddable":true,"href":"https:\/\/espacoecologico.com.br\/arquivo\/wp-json\/wp\/v2\/categories?post=90494"},{"taxonomy":"post_tag","embeddable":true,"href":"https:\/\/espacoecologico.com.br\/arquivo\/wp-json\/wp\/v2\/tags?post=90494"}],"curies":[{"name":"wp","href":"https:\/\/api.w.org\/{rel}","templated":true}]}}