{"id":90479,"date":"2018-08-18T21:51:14","date_gmt":"2018-08-19T00:51:14","guid":{"rendered":"https:\/\/espacoecologico.com.br\/arquivo\/?p=90479"},"modified":"2018-08-18T21:52:23","modified_gmt":"2018-08-19T00:52:23","slug":"se-o-lixo-plastico-esta-em-local-inadequado-e-porque-alguem-o-colocou-la","status":"publish","type":"post","link":"https:\/\/espacoecologico.com.br\/arquivo\/se-o-lixo-plastico-esta-em-local-inadequado-e-porque-alguem-o-colocou-la\/","title":{"rendered":"Se o lixo pl\u00e1stico est\u00e1 em local inadequado, \u00e9 porque algu\u00e9m o colocou l\u00e1"},"content":{"rendered":"<div class=\"article-paragraph\">\n<p><em><strong>Por Alfredo Schmitt, presidente do Instituto SustenPl\u00e1st e do 3\u00b0 Congresso Brasileiro do Pl\u00e1stico\u00a0<\/strong><\/em><\/p>\n<p><img loading=\"lazy\" class=\"\" src=\"https:\/\/www.rbsdirect.com.br\/imagesrc\/17228125.jpg?w=1200&amp;h=630&amp;a=c\" alt=\"Resultado de imagem para Se o lixo pl\u00c3\u00a1stico est\u00c3\u00a1 em local inadequado, \u00c3\u00a9 porque algu\u00c3\u00a9m o colocou l\u00c3\u00a1\" width=\"639\" height=\"426\" \/><\/p>\n<\/div>\n<div class=\"article-paragraph\">\n<p>O\u00a0<em><strong>pl\u00e1stico<\/strong><\/em>\u00a0\u00e9 o material mais inovador da humanidade. Sua descoberta trouxe benef\u00edcios e sobreviv\u00eancia a milh\u00f5es de pessoas em todo mundo. Tenho lido artigos que mostram apenas um lado do tema, com uma opini\u00e3o geralmente inflamada e carente de uma vis\u00e3o mais ampla. Algumas pessoas s\u00e3o t\u00e3o novas em idade quanto \u00e0 exist\u00eancia dos pl\u00e1sticos como conhecemos hoje. Mesmo assim, afirmam que pl\u00e1sticos duram 300 anos na\u00a0<em><strong>natureza<\/strong><\/em>, embora ningu\u00e9m saiba&#8230; existem h\u00e1 apenas 60 anos!<\/p>\n<\/div>\n<div class=\"article-paragraph\">\n<p>Ser\u00e1 que viram a diminui\u00e7\u00e3o de moscas gra\u00e7as ao acondicionamento de detritos? \u00c9 poss\u00edvel que n\u00e3o lembrem que a \u00e1gua chega at\u00e9 n\u00f3s por tubula\u00e7\u00f5es de pl\u00e1stico, e que muitas pessoas com defici\u00eancia necessitam de canudinhos pl\u00e1sticos dobr\u00e1veis, todos recicl\u00e1veis, para poder sobreviver. J\u00e1 fizeram exame de sangue? Agulha, seringa, butterfly, tubos: todos de pl\u00e1stico!<\/p>\n<\/div>\n<div class=\"article-paragraph\">\n<p>As sacolas t\u00eam grande capacidade de carga: transportam cerca de 1500 vezes o pr\u00f3prio peso. N\u00e3o existe caminh\u00e3o, navio ou avi\u00e3o que tenha essa capacidade de transporte da sacola. Ainda temos as embalagens, que permitem uma maior vida de prateleira aos alimentos, reduzindo custos, desperd\u00edcio e ajudando a combater a fome. Como seriam celulares e notebooks se n\u00e3o fossem constru\u00eddos com pl\u00e1sticos? No transporte, devemos lembrar que os pl\u00e1sticos est\u00e3o ali, em para-choques e pain\u00e9is, tornando os ve\u00edculos mais leves e menos consumidores de combust\u00edveis.<\/p>\n<\/div>\n<div class=\"article-paragraph\">\n<p>Pl\u00e1stico n\u00e3o tem pernas, n\u00e3o tem asas, n\u00e3o tem nadadeiras. Se est\u00e3o em local inadequado, algu\u00e9m fez esta disposi\u00e7\u00e3o inadequada. Enquanto alguns questionam &#8220;que planeta vamos deixar para nossos filhos?&#8221;, eu pergunto: &#8220;que filhos vamos deixar para o planeta, se n\u00e3o dermos educa\u00e7\u00e3o?&#8221;.<\/p>\n<\/div>\n<div class=\"article-paragraph\">\n<p>Os artigos escondem uma perversidade: n\u00e3o mostram que excluir pl\u00e1sticos trar\u00e1 consigo a exclus\u00e3o de enormes benef\u00edcios trazidos para a sociedade. O principal n\u00e3o est\u00e1 sendo apresentado, que \u00e9 a educa\u00e7\u00e3o.<\/p>\n<\/div>\n<div class=\"article-paragraph\">\n<p>Sou educador, industrial e dirigente do setor h\u00e1 mais de 35 anos. Acredito que este dinheiro que est\u00e1 sendo usado em campanhas de difama\u00e7\u00e3o poderia ser canalizado para educa\u00e7\u00e3o. Acredito em consumo respons\u00e1vel e cidadania.<\/p>\n<\/div>\n","protected":false},"excerpt":{"rendered":"<p>Por Alfredo Schmitt, presidente do Instituto SustenPl\u00e1st e do 3\u00b0 Congresso Brasileiro do Pl\u00e1stico\u00a0 O\u00a0pl\u00e1stico\u00a0\u00e9<\/p>\n","protected":false},"author":2,"featured_media":0,"comment_status":"open","ping_status":"open","sticky":false,"template":"","format":"standard","meta":[],"categories":[],"tags":[],"uagb_featured_image_src":{"full":false,"thumbnail":false,"medium":false,"medium_large":false,"large":false,"1536x1536":false,"2048x2048":false,"cream-magazine-thumbnail-2":false,"cream-magazine-thumbnail-3":false,"cream-magazine-thumbnail-4":false},"uagb_author_info":{"display_name":"","author_link":"https:\/\/espacoecologico.com.br\/arquivo\/author\/"},"uagb_comment_info":0,"uagb_excerpt":"Por Alfredo Schmitt, presidente do Instituto SustenPl\u00e1st e do 3\u00b0 Congresso Brasileiro do Pl\u00e1stico\u00a0 O\u00a0pl\u00e1stico\u00a0\u00e9","_links":{"self":[{"href":"https:\/\/espacoecologico.com.br\/arquivo\/wp-json\/wp\/v2\/posts\/90479"}],"collection":[{"href":"https:\/\/espacoecologico.com.br\/arquivo\/wp-json\/wp\/v2\/posts"}],"about":[{"href":"https:\/\/espacoecologico.com.br\/arquivo\/wp-json\/wp\/v2\/types\/post"}],"author":[{"embeddable":true,"href":"https:\/\/espacoecologico.com.br\/arquivo\/wp-json\/wp\/v2\/users\/2"}],"replies":[{"embeddable":true,"href":"https:\/\/espacoecologico.com.br\/arquivo\/wp-json\/wp\/v2\/comments?post=90479"}],"version-history":[{"count":0,"href":"https:\/\/espacoecologico.com.br\/arquivo\/wp-json\/wp\/v2\/posts\/90479\/revisions"}],"wp:attachment":[{"href":"https:\/\/espacoecologico.com.br\/arquivo\/wp-json\/wp\/v2\/media?parent=90479"}],"wp:term":[{"taxonomy":"category","embeddable":true,"href":"https:\/\/espacoecologico.com.br\/arquivo\/wp-json\/wp\/v2\/categories?post=90479"},{"taxonomy":"post_tag","embeddable":true,"href":"https:\/\/espacoecologico.com.br\/arquivo\/wp-json\/wp\/v2\/tags?post=90479"}],"curies":[{"name":"wp","href":"https:\/\/api.w.org\/{rel}","templated":true}]}}