{"id":90466,"date":"2018-08-18T20:22:42","date_gmt":"2018-08-18T23:22:42","guid":{"rendered":"https:\/\/espacoecologico.com.br\/arquivo\/?p=90466"},"modified":"2018-08-18T20:22:42","modified_gmt":"2018-08-18T23:22:42","slug":"ariranha-esta-especie-nativa-quase-extinta-esta-de-volta-ao-amazonas","status":"publish","type":"post","link":"https:\/\/espacoecologico.com.br\/arquivo\/ariranha-esta-especie-nativa-quase-extinta-esta-de-volta-ao-amazonas\/","title":{"rendered":"Ariranha: esta esp\u00e9cie nativa quase extinta est\u00e1 de volta ao Amazonas"},"content":{"rendered":"<p><img loading=\"lazy\" class=\"\" src=\"https:\/\/www.greenme.com.br\/images\/2018\/animais-em-extincao\/ariranha.jpg\" alt=\"Ariranha\" width=\"639\" height=\"426\" \/><\/p>\n<p>Voc\u00ea j\u00e1 ouviu falar em\u00a0<strong>ariranha<\/strong>? Esse animal, que n\u00e3o \u00e9 parente da aranha, tamb\u00e9m \u00e9 conhecido como\u00a0<strong>on\u00e7a-d&#8217;\u00e1gua, lontra-gigante e lobo-do-rio<\/strong>.<\/p>\n<div id=\"lx_627306\" class=\"__lxG__multi __lxG__multi_lx_627306\" data-cnt=\"1\"><\/div>\n<p>A ariranha\u00a0(<em>Pteronura brasiliensis<\/em>), que \u00e9 o\u00a0<strong>maior mam\u00edfero semiaqu\u00e1tico da Am\u00e9rica do Sul,<\/strong>\u00a0\u00e9 caracter\u00edstico do Pantanal e da bacia do Rio Amazonas. A\u00a0<a href=\"https:\/\/pt.wikipedia.org\/wiki\/Ariranha\" target=\"_blank\" rel=\"nofollow\">origem do nome<\/a>ariranha \u00e9 tupi-guarani e significa \u201con\u00e7a d\u2019\u00e1gua\u201d.<\/p>\n<p>A boa not\u00edcia sobre as ariranhas, divulgada pela\u00a0<a href=\"https:\/\/www.bbc.com\/portuguese\/brasil-45039988?ocid=socialflow_facebook\" target=\"_blank\" rel=\"nofollow\">BBC<\/a>, \u00e9 que elas est\u00e3o de volta aos rios da Amaz\u00f4nia, ap\u00f3s serem\u00a0<strong>quase extintas pela ca\u00e7a comercial<\/strong>. Os \u00edndices de recupera\u00e7\u00e3o da esp\u00e9cie foram divulgados pela revista cient\u00edfica\u00a0<a href=\"http:\/\/journals.plos.org\/plosone\/article?id=10.1371\/journal.pone.0193984\" target=\"_blank\" rel=\"nofollow\"><em>Plos One<\/em><\/a>.<\/p>\n<p>Uma pesquisa liderada pela bi\u00f3loga Nat\u00e1lia Pimenta analisou sinais da presen\u00e7a de ariranhas na bacia do rio I\u00e7ana, no Amazonas, local onde ela havia sido considerada extinta.<\/p>\n<p>A esp\u00e9cie est\u00e1 na\u00a0<strong>Lista Vermelha da Uni\u00e3o Internacional para a Conserva\u00e7\u00e3o<\/strong>\u00a0como amea\u00e7ada de extin\u00e7\u00e3o. Desde os anos 1940, as ariranhas haviam desaparecido da regi\u00e3o por causa do\u00a0<strong>mercado de peles amaz\u00f4nicas.<\/strong><\/p>\n<p><strong>Gra\u00e7as ao alerta do povo ind\u00edgena baniwa<\/strong>\u00a0sobre o retorno das ariranhas \u00e0 Terra Ind\u00edgena Alto Rio Negro, o estudo no rio I\u00e7ana come\u00e7ou a ser feito. Os moradores perceberam os sinais do animal h\u00e1 cerca de dez anos, ao encontrarem carca\u00e7as de peixes com mordidas de um bicho n\u00e3o identificado. Foi a sabedoria dos mais velhos que reconheceu a\u00a0<em>\u00f1eewi<\/em>(ariranha, em l\u00edngua baniwa).<\/p>\n<p>Na pesquisa de Nat\u00e1lia, estima-se que cerca de 23 milh\u00f5es de animais foram ca\u00e7ados na Amaz\u00f4nia para o com\u00e9rcio de peles, entre os anos de 1904 e 1969.<\/p>\n<p><strong>A esp\u00e9cie que mais sofreu com a ca\u00e7a foi a ariranha<\/strong>, cujo couro foi vendido para a Europa e os Estados Unidos para serem confeccionados casacos, chap\u00e9us e echarpes.<\/p>\n<p>Somente em 1975, o Brasil passou a integrar uma\u00a0<strong>conven\u00e7\u00e3o internacional que proibia o com\u00e9rcio de esp\u00e9cies amea\u00e7adas<\/strong>. Outro fator que contribuiu para o retorno das ariranhas foi a\u00a0<strong>demarca\u00e7\u00e3o das terras ind\u00edgenas<\/strong>, a partir da d\u00e9cada de 1990.<\/p>\n<div id=\"lx_627306\" class=\"__lxG__multi __lxG__multi_lx_627306\" data-cnt=\"2\"><\/div>\n<p>A cadeia de recupera\u00e7\u00e3o da esp\u00e9cie no Brasil chegou a Bol\u00edvia, Col\u00f4mbia e Guianas, onde as ariranhas tamb\u00e9m j\u00e1 foram vistas. No passado, as ariranhas tamb\u00e9m eram encontradas da Venezuela \u00e0 Argentina. Foi a ca\u00e7a predat\u00f3ria que fez com que elas ficassem restritas ao Pantanal e \u00e0s cabeceiras de alguns rios da Amaz\u00f4nia.<\/p>\n<p><strong>Preservar os povos ind\u00edgenas<\/strong>\u00a0e sua cultura \u00e9 uma forma de\u00a0<strong>preservar, tamb\u00e9m, a natureza<\/strong>. A sabedoria e a viv\u00eancia ind\u00edgenas conhecem a natureza e ajuda para a sua conserva\u00e7\u00e3o.<\/p>\n","protected":false},"excerpt":{"rendered":"<p>Voc\u00ea j\u00e1 ouviu falar em\u00a0ariranha? Esse animal, que n\u00e3o \u00e9 parente da aranha, tamb\u00e9m \u00e9<\/p>\n","protected":false},"author":2,"featured_media":0,"comment_status":"open","ping_status":"open","sticky":false,"template":"","format":"standard","meta":[],"categories":[],"tags":[],"uagb_featured_image_src":{"full":false,"thumbnail":false,"medium":false,"medium_large":false,"large":false,"1536x1536":false,"2048x2048":false,"cream-magazine-thumbnail-2":false,"cream-magazine-thumbnail-3":false,"cream-magazine-thumbnail-4":false},"uagb_author_info":{"display_name":"","author_link":"https:\/\/espacoecologico.com.br\/arquivo\/author\/"},"uagb_comment_info":0,"uagb_excerpt":"Voc\u00ea j\u00e1 ouviu falar em\u00a0ariranha? Esse animal, que n\u00e3o \u00e9 parente da aranha, tamb\u00e9m \u00e9","_links":{"self":[{"href":"https:\/\/espacoecologico.com.br\/arquivo\/wp-json\/wp\/v2\/posts\/90466"}],"collection":[{"href":"https:\/\/espacoecologico.com.br\/arquivo\/wp-json\/wp\/v2\/posts"}],"about":[{"href":"https:\/\/espacoecologico.com.br\/arquivo\/wp-json\/wp\/v2\/types\/post"}],"author":[{"embeddable":true,"href":"https:\/\/espacoecologico.com.br\/arquivo\/wp-json\/wp\/v2\/users\/2"}],"replies":[{"embeddable":true,"href":"https:\/\/espacoecologico.com.br\/arquivo\/wp-json\/wp\/v2\/comments?post=90466"}],"version-history":[{"count":0,"href":"https:\/\/espacoecologico.com.br\/arquivo\/wp-json\/wp\/v2\/posts\/90466\/revisions"}],"wp:attachment":[{"href":"https:\/\/espacoecologico.com.br\/arquivo\/wp-json\/wp\/v2\/media?parent=90466"}],"wp:term":[{"taxonomy":"category","embeddable":true,"href":"https:\/\/espacoecologico.com.br\/arquivo\/wp-json\/wp\/v2\/categories?post=90466"},{"taxonomy":"post_tag","embeddable":true,"href":"https:\/\/espacoecologico.com.br\/arquivo\/wp-json\/wp\/v2\/tags?post=90466"}],"curies":[{"name":"wp","href":"https:\/\/api.w.org\/{rel}","templated":true}]}}